{"id":26229,"date":"2021-11-17T21:11:02","date_gmt":"2021-11-17T21:11:02","guid":{"rendered":"http:\/\/www.events-bassen.de\/?p=26229"},"modified":"2021-11-29T17:30:53","modified_gmt":"2021-11-29T17:30:53","slug":"die-bassener-weihnachtsmeile","status":"publish","type":"post","link":"http:\/\/www.events-bassen.de\/?p=26229","title":{"rendered":"Die Bassener Weihnachtsmeile &#8211; ABGESAGT"},"content":{"rendered":"<p>Freut euch dieses Jahr auf den 1. Advent. Aus bekannten Gr\u00fcnden gibt es keinen Weihnachtsmarkt, sondern eine Weihnachtsmeile, die quer durch Bassen f\u00fchren wird. Vom Blocks Huus bis zum neuen Feuerwehrhaus wird es weihnachtlich werden. Wir hoffen auf viele St\u00e4nde, Buden und Teilnehmer, um diesen Tag<!--more--> in Bassen einen ganz Besonderen werden zu lassen!<\/p>\n<p>Weitere Informationen sind auf dem Bild zu lesen:<\/p>\nngg_shortcode_0_placeholder\n<p>&nbsp;<\/p>\n","protected":false},"excerpt":{"rendered":"<p>Freut euch dieses Jahr auf den 1. Advent. Aus bekannten Gr\u00fcnden gibt es keinen Weihnachtsmarkt, sondern eine Weihnachtsmeile, die quer durch Bassen f\u00fchren wird. Vom Blocks Huus bis zum neuen Feuerwehrhaus wird es weihnachtlich werden. Wir hoffen auf viele St\u00e4nde, Buden und Teilnehmer, um diesen Tag<\/p>\n","protected":false},"author":1,"featured_media":0,"comment_status":"open","ping_status":"open","sticky":false,"template":"","format":"standard","meta":{"ngg_post_thumbnail":0,"footnotes":""},"categories":[1,239,278,117],"tags":[],"class_list":["post-26229","post","type-post","status-publish","format-standard","hentry","category-allgemein","category-bassen","category-blocks-huus","category-weihnachtsmarkt"],"_links":{"self":[{"href":"http:\/\/www.events-bassen.de\/index.php?rest_route=\/wp\/v2\/posts\/26229","targetHints":{"allow":["GET"]}}],"collection":[{"href":"http:\/\/www.events-bassen.de\/index.php?rest_route=\/wp\/v2\/posts"}],"about":[{"href":"http:\/\/www.events-bassen.de\/index.php?rest_route=\/wp\/v2\/types\/post"}],"author":[{"embeddable":true,"href":"http:\/\/www.events-bassen.de\/index.php?rest_route=\/wp\/v2\/users\/1"}],"replies":[{"embeddable":true,"href":"http:\/\/www.events-bassen.de\/index.php?rest_route=%2Fwp%2Fv2%2Fcomments&post=26229"}],"version-history":[{"count":7,"href":"http:\/\/www.events-bassen.de\/index.php?rest_route=\/wp\/v2\/posts\/26229\/revisions"}],"predecessor-version":[{"id":26241,"href":"http:\/\/www.events-bassen.de\/index.php?rest_route=\/wp\/v2\/posts\/26229\/revisions\/26241"}],"wp:attachment":[{"href":"http:\/\/www.events-bassen.de\/index.php?rest_route=%2Fwp%2Fv2%2Fmedia&parent=26229"}],"wp:term":[{"taxonomy":"category","embeddable":true,"href":"http:\/\/www.events-bassen.de\/index.php?rest_route=%2Fwp%2Fv2%2Fcategories&post=26229"},{"taxonomy":"post_tag","embeddable":true,"href":"http:\/\/www.events-bassen.de\/index.php?rest_route=%2Fwp%2Fv2%2Ftags&post=26229"}],"curies":[{"name":"wp","href":"https:\/\/api.w.org\/{rel}","templated":true}]}}