{"id":26267,"date":"2021-12-13T19:04:02","date_gmt":"2021-12-13T19:04:02","guid":{"rendered":"http:\/\/www.events-bassen.de\/?p=26267"},"modified":"2021-12-13T19:28:34","modified_gmt":"2021-12-13T19:28:34","slug":"lichterfahrt-der-landjugend-wuemme-weser","status":"publish","type":"post","link":"http:\/\/www.events-bassen.de\/?p=26267","title":{"rendered":"Lichterfahrt der Landjugend W\u00fcmme\/Weser"},"content":{"rendered":"<p>Am Sonntag, den 12.12.2021 gegen 17:40 Uhr fuhren die ersten geschm\u00fcckten Traktoren, Zugmaschienen, Unimogs, Lanz und Autos im Bassener Heidort ein. Mit aufw\u00e4ndiger Beleuchtung, Figuren und Musikanlagen geschm\u00fcckt drehten die ca. 40 Fahrzeuge ihre Runde durch Bassen. Der Bassener Kamp, Heidort, Langer Berg, Hoher Acker, Dohmstra\u00dfe und Gro\u00dfe Stra\u00dfe wurden durch die in allen Farben blinkenden und leuchtenden Umz\u00fcgler erhellt. <!--more-->An den Stra\u00dfenr\u00e4ndern hatten sich schon am fr\u00fchen Abend viele Anwohner mit ihren Kindern, Bekannten oder Nachbarn versammelt, um dem Umzug zu bestaunen. Gl\u00fchwein und Schnaps hielten die Wartenden warm. An der Endstation auf dem Panny Parkplatz in Bassen reihten sich am Ende der Tour alle geschm\u00fcckten Fahrzeuge auf und konnten noch einmal bestaunt werden. Ein wundersch\u00f6ner Abend in Bassen &#8211; Danke an das Orga-Team!<\/p>\n<p>Am n\u00e4chsten Sonntag den 19.12.2021 findet eine weitere Lichterfahrt in Bassen statt, organisiert von der neuen Dorfgemeinschaft (siehe Events-Bassen Facebook Gruppe)<\/p>\n<p class=\"has-text-color has-luminous-vivid-orange-color\"><a href=\"http:\/\/www.events-bassen.de\/info@fotolabsie.de\"><span style=\"color: #ff6600;\">DSGVO: Falls hier Fotos eingestellt wurden, die nicht \u00f6ffentlich zu sehen sein sollen, bitte kurze Info an mich. Ich werde die Fotos dann umgehend entfernen. <\/span><\/a><a href=\"info@fotolabsie.de\">info@fotolabsie.de<\/a><\/p>\nngg_shortcode_0_placeholder\n","protected":false},"excerpt":{"rendered":"<p>Am Sonntag, den 12.12.2021 gegen 17:40 Uhr fuhren die ersten geschm\u00fcckten Traktoren, Zugmaschienen, Unimogs, Lanz und Autos im Bassener Heidort ein. Mit aufw\u00e4ndiger Beleuchtung, Figuren und Musikanlagen geschm\u00fcckt drehten die ca. 40 Fahrzeuge ihre Runde durch Bassen. Der Bassener Kamp, Heidort, Langer Berg, Hoher Acker, Dohmstra\u00dfe und Gro\u00dfe Stra\u00dfe wurden durch die in allen Farben [&hellip;]<\/p>\n","protected":false},"author":1,"featured_media":26272,"comment_status":"open","ping_status":"open","sticky":false,"template":"","format":"standard","meta":{"ngg_post_thumbnail":0,"footnotes":""},"categories":[1,239,295],"tags":[],"class_list":["post-26267","post","type-post","status-publish","format-standard","has-post-thumbnail","hentry","category-allgemein","category-bassen","category-lichterfahrt"],"_links":{"self":[{"href":"http:\/\/www.events-bassen.de\/index.php?rest_route=\/wp\/v2\/posts\/26267","targetHints":{"allow":["GET"]}}],"collection":[{"href":"http:\/\/www.events-bassen.de\/index.php?rest_route=\/wp\/v2\/posts"}],"about":[{"href":"http:\/\/www.events-bassen.de\/index.php?rest_route=\/wp\/v2\/types\/post"}],"author":[{"embeddable":true,"href":"http:\/\/www.events-bassen.de\/index.php?rest_route=\/wp\/v2\/users\/1"}],"replies":[{"embeddable":true,"href":"http:\/\/www.events-bassen.de\/index.php?rest_route=%2Fwp%2Fv2%2Fcomments&post=26267"}],"version-history":[{"count":4,"href":"http:\/\/www.events-bassen.de\/index.php?rest_route=\/wp\/v2\/posts\/26267\/revisions"}],"predecessor-version":[{"id":26271,"href":"http:\/\/www.events-bassen.de\/index.php?rest_route=\/wp\/v2\/posts\/26267\/revisions\/26271"}],"wp:featuredmedia":[{"embeddable":true,"href":"http:\/\/www.events-bassen.de\/index.php?rest_route=\/wp\/v2\/media\/26272"}],"wp:attachment":[{"href":"http:\/\/www.events-bassen.de\/index.php?rest_route=%2Fwp%2Fv2%2Fmedia&parent=26267"}],"wp:term":[{"taxonomy":"category","embeddable":true,"href":"http:\/\/www.events-bassen.de\/index.php?rest_route=%2Fwp%2Fv2%2Fcategories&post=26267"},{"taxonomy":"post_tag","embeddable":true,"href":"http:\/\/www.events-bassen.de\/index.php?rest_route=%2Fwp%2Fv2%2Ftags&post=26267"}],"curies":[{"name":"wp","href":"https:\/\/api.w.org\/{rel}","templated":true}]}}