{"id":26273,"date":"2021-12-19T18:05:32","date_gmt":"2021-12-19T18:05:32","guid":{"rendered":"http:\/\/www.events-bassen.de\/?p=26273"},"modified":"2021-12-20T21:04:38","modified_gmt":"2021-12-20T21:04:38","slug":"lichterfahrt-der-dorfgemeinschaft-bassen","status":"publish","type":"post","link":"http:\/\/www.events-bassen.de\/?p=26273","title":{"rendered":"Lichterfahrt der Dorfgemeinschaft Bassen"},"content":{"rendered":"<p style=\"text-align: justify;\">Heute fand die erste Lichterfahrt in Bassen statt, die von der neuen Dorfgemeinschaft in Bassen (Blocks Huus e.V.) organisiert wurde. Treffen war um 15:30 Uhr auf dem gro\u00dfen Parkplatz am Kreisel. Um ca. 16:20 Uhr setzte sich der Zug in Bewegung und startete in Richtung Neubaugebiet.&nbsp; Anschlie\u00dfend fuhren die weihnachtlich geschm\u00fcckten Fahrzeuge eine ca. 11 km lange Route quer durch Bassen. An den Stra\u00dfenr\u00e4ndern standen die Bassener und konnten das wundersch\u00f6ne Lichterspiel beobachten. <!--more-->Leuchtende Kinderaugen waren \u00fcberall zu sehen und &#8222;Schau mal da &#8211; was die gemacht haben&#8220;zu h\u00f6ren! An der heutigen Lichterfahrt fuhren insgesamt 64 Traktoren, Schlepper, Autos und Mopeds mit.<\/p>\n<p style=\"text-align: justify;\">Am Ende der Tour unterst\u00fctzte ganz spontan DJ Marcus Winter die ankommenden Teilnehmer des Umzuges mit weihnachtlicher Musik und einer tollen Beleuchtung. Vielen Dank daf\u00fcr!<br \/>\nEin gro\u00dfer Dank geht an alle Teilnehmer, die mit viel Liebe zum Detail ihre Fahrzeuge geschm\u00fcckt haben und nat\u00fcrlich an die Organisatoren, der Dorfgemeinschaft. Zum Schlu\u00df wollen wir nicht die Polzei Achim vergessen, die unseren Umzug ordentlich abgesichert haben!<\/p>\n<p style=\"text-align: justify;\">Dieses Event soll es nun jedes Jahr geben.&nbsp; Wir freuen uns heute schon auf das n\u00e4chste Jahr, wenn es wieder hei\u00dft &#8222;Lichterfahrt durch Bassen, f\u00fcr Bassen !!!&#8220;<\/p>\nngg_shortcode_0_placeholder\n","protected":false},"excerpt":{"rendered":"<p>Heute fand die erste Lichterfahrt in Bassen statt, die von der neuen Dorfgemeinschaft in Bassen (Blocks Huus e.V.) organisiert wurde. Treffen war um 15:30 Uhr auf dem gro\u00dfen Parkplatz am Kreisel. Um ca. 16:20 Uhr setzte sich der Zug in Bewegung und startete in Richtung Neubaugebiet.&nbsp; Anschlie\u00dfend fuhren die weihnachtlich geschm\u00fcckten Fahrzeuge eine ca. 11 [&hellip;]<\/p>\n","protected":false},"author":1,"featured_media":26378,"comment_status":"open","ping_status":"open","sticky":false,"template":"","format":"standard","meta":{"ngg_post_thumbnail":0,"footnotes":""},"categories":[1,239,278,296,295],"tags":[],"class_list":["post-26273","post","type-post","status-publish","format-standard","has-post-thumbnail","hentry","category-allgemein","category-bassen","category-blocks-huus","category-dorfgemeinschaft","category-lichterfahrt"],"_links":{"self":[{"href":"http:\/\/www.events-bassen.de\/index.php?rest_route=\/wp\/v2\/posts\/26273","targetHints":{"allow":["GET"]}}],"collection":[{"href":"http:\/\/www.events-bassen.de\/index.php?rest_route=\/wp\/v2\/posts"}],"about":[{"href":"http:\/\/www.events-bassen.de\/index.php?rest_route=\/wp\/v2\/types\/post"}],"author":[{"embeddable":true,"href":"http:\/\/www.events-bassen.de\/index.php?rest_route=\/wp\/v2\/users\/1"}],"replies":[{"embeddable":true,"href":"http:\/\/www.events-bassen.de\/index.php?rest_route=%2Fwp%2Fv2%2Fcomments&post=26273"}],"version-history":[{"count":10,"href":"http:\/\/www.events-bassen.de\/index.php?rest_route=\/wp\/v2\/posts\/26273\/revisions"}],"predecessor-version":[{"id":26380,"href":"http:\/\/www.events-bassen.de\/index.php?rest_route=\/wp\/v2\/posts\/26273\/revisions\/26380"}],"wp:featuredmedia":[{"embeddable":true,"href":"http:\/\/www.events-bassen.de\/index.php?rest_route=\/wp\/v2\/media\/26378"}],"wp:attachment":[{"href":"http:\/\/www.events-bassen.de\/index.php?rest_route=%2Fwp%2Fv2%2Fmedia&parent=26273"}],"wp:term":[{"taxonomy":"category","embeddable":true,"href":"http:\/\/www.events-bassen.de\/index.php?rest_route=%2Fwp%2Fv2%2Fcategories&post=26273"},{"taxonomy":"post_tag","embeddable":true,"href":"http:\/\/www.events-bassen.de\/index.php?rest_route=%2Fwp%2Fv2%2Ftags&post=26273"}],"curies":[{"name":"wp","href":"https:\/\/api.w.org\/{rel}","templated":true}]}}