{"id":26415,"date":"2022-08-08T18:43:05","date_gmt":"2022-08-08T18:43:05","guid":{"rendered":"http:\/\/www.events-bassen.de\/?p=26415"},"modified":"2022-08-08T18:43:05","modified_gmt":"2022-08-08T18:43:05","slug":"erntefest-2022-das-erntepaar-kornmaehen","status":"publish","type":"post","link":"http:\/\/www.events-bassen.de\/?p=26415","title":{"rendered":"Erntefest 2022 &#8211; Das Erntepaar &#038; Kornm\u00e4hen"},"content":{"rendered":"<p style=\"text-align: justify;\">Nachdem die Anmeldung f\u00fcr die Erntewagen beendet ist und alle Pl\u00e4tze vergeben wurden gehen die Vorbereitungen weiter.<br \/>\nUnser diesj\u00e4hriges Erntepaar steht fest und vor zwei Wochen wurden auch die Stra\u00dfenschilder montiert. An der Gro\u00dfen Stra\u00dfe in Bassen wurde das Schild &#8222;Stra\u00dfe der Erntebraut&#8220; f\u00fcr Bea Junge montiert. Im L\u00f6nsweg wurde das Schild &#8222;Stra\u00dfe des Erntebr\u00e4utigam&#8220; f\u00fcr Patrick Schreiber angebracht. Das Kornm\u00e4hen musste an diesem Tag leider aufgrund des Regenwetters abgesagt werden.<!--more--><br \/>\nGestern am 07.08.2022 konnten wir endlich das notwendige Korn einholen. Um 14:30 Uhr war Treffen an Blocks Huus, anschlie\u00dfend fuhren wir im Konvoi zum Feld von Rainer Bruns, der uns dieses Jahr ein sch\u00f6nes Karree auf dem Kornfeld stehen lies. Nachdem das alte M\u00e4hwerk eingestellt war, konnte es losgehen und das Korn wurde in 53 Garben geerntet. Viele freiwillige Helferinnen und Helfer und nat\u00fcrlich auch das Erntepaar halfen die Garben aufzuladen.<br \/>\nNach getaner Arbeit gab es f\u00fcr alle Helferinnen und Helfer einen Schnaps, Bierchen oder Limo, denn die kamen ganz sch\u00f6n ins Schwitzen, weil Toddy und Andy mit dem M\u00e4hwerk ordentlich Meter machten&#8230;<\/p>\n<p><span style=\"color: #ff6600;\">DSGVO: Falls hier Fotos eingestellt wurden, die nicht \u00f6ffentlich zu sehen sein sollen, bitte kurze Info an mich. Ich werde die Fotos dann umgehend entfernen. <a href=\"mailto:info@fotolabsie.de\" target=\"_blank\" rel=\"noopener\">info@fotolabsie.de<\/a><\/span><\/p>\n<p>[fb-like-button]<\/p>\n<p>ngg_shortcode_0_placeholderngg_shortcode_1_placeholder<\/p>\n","protected":false},"excerpt":{"rendered":"<p>Nachdem die Anmeldung f\u00fcr die Erntewagen beendet ist und alle Pl\u00e4tze vergeben wurden gehen die Vorbereitungen weiter. Unser diesj\u00e4hriges Erntepaar steht fest und vor zwei Wochen wurden auch die Stra\u00dfenschilder montiert. An der Gro\u00dfen Stra\u00dfe in Bassen wurde das Schild &#8222;Stra\u00dfe der Erntebraut&#8220; f\u00fcr Bea Junge montiert. Im L\u00f6nsweg wurde das Schild &#8222;Stra\u00dfe des Erntebr\u00e4utigam&#8220; [&hellip;]<\/p>\n","protected":false},"author":1,"featured_media":26416,"comment_status":"open","ping_status":"open","sticky":false,"template":"","format":"standard","meta":{"ngg_post_thumbnail":0,"footnotes":""},"categories":[1,239,278,3],"tags":[],"class_list":["post-26415","post","type-post","status-publish","format-standard","has-post-thumbnail","hentry","category-allgemein","category-bassen","category-blocks-huus","category-erntefest"],"_links":{"self":[{"href":"http:\/\/www.events-bassen.de\/index.php?rest_route=\/wp\/v2\/posts\/26415","targetHints":{"allow":["GET"]}}],"collection":[{"href":"http:\/\/www.events-bassen.de\/index.php?rest_route=\/wp\/v2\/posts"}],"about":[{"href":"http:\/\/www.events-bassen.de\/index.php?rest_route=\/wp\/v2\/types\/post"}],"author":[{"embeddable":true,"href":"http:\/\/www.events-bassen.de\/index.php?rest_route=\/wp\/v2\/users\/1"}],"replies":[{"embeddable":true,"href":"http:\/\/www.events-bassen.de\/index.php?rest_route=%2Fwp%2Fv2%2Fcomments&post=26415"}],"version-history":[{"count":7,"href":"http:\/\/www.events-bassen.de\/index.php?rest_route=\/wp\/v2\/posts\/26415\/revisions"}],"predecessor-version":[{"id":26442,"href":"http:\/\/www.events-bassen.de\/index.php?rest_route=\/wp\/v2\/posts\/26415\/revisions\/26442"}],"wp:featuredmedia":[{"embeddable":true,"href":"http:\/\/www.events-bassen.de\/index.php?rest_route=\/wp\/v2\/media\/26416"}],"wp:attachment":[{"href":"http:\/\/www.events-bassen.de\/index.php?rest_route=%2Fwp%2Fv2%2Fmedia&parent=26415"}],"wp:term":[{"taxonomy":"category","embeddable":true,"href":"http:\/\/www.events-bassen.de\/index.php?rest_route=%2Fwp%2Fv2%2Fcategories&post=26415"},{"taxonomy":"post_tag","embeddable":true,"href":"http:\/\/www.events-bassen.de\/index.php?rest_route=%2Fwp%2Fv2%2Ftags&post=26415"}],"curies":[{"name":"wp","href":"https:\/\/api.w.org\/{rel}","templated":true}]}}