{"id":3684,"date":"2012-10-08T16:12:12","date_gmt":"2012-10-08T16:12:12","guid":{"rendered":"http:\/\/www.events-bassen.de\/?p=3684"},"modified":"2016-12-20T19:54:24","modified_gmt":"2016-12-20T19:54:24","slug":"baby-und-kinderflohmarkt-im-blocks-huus","status":"publish","type":"post","link":"http:\/\/www.events-bassen.de\/?p=3684","title":{"rendered":"Baby- und Kinderflohmarkt im Blocks Huus"},"content":{"rendered":"<p>Etwas sp\u00e4t, aber immerhin noch in diesem Jahr schaffe ich es endlich meinen kleinen Bericht \u00fcber unseren Baby- und Kinderflohmarkt im Blocks Huus zu schreiben. Am 7.10.2012 wurden in der Scheune vom Blocks Huus von 14 &#8211; 17 Uhr die Scheunentore ge\u00f6ffnet. Ein gro\u00dfer vorsortierter Flohmarkt rund um Schwangerschaft, Babys und Kinder in allen Gr\u00f6\u00dfen lockte viele Besucher nach Bassen. Angeboten wurden Kinderbekleidung, Umstandsmode, Spielzeuge aller Art f\u00fcr drinnen und draussen, Kindersitze, Kinderwagen, sogar Fahrr\u00e4der, B\u00fccher und viele andere tolle Sachen rund ums Kind.<!--more--><br \/>\nIm Veranstaltungsraum des Blocks Huus konnten sich die Flohmarktbesucher nach dem St\u00f6bern bei Kaffee, selbstgebackenem Kuchen und Getr\u00e4nken etwas verschnaufen, um sich danach vielleicht ein zweites Mal in die Scheune zu begeben. Es kann \u00fcbrigens jeder, der gerne Kuchenb\u00e4cker spielt seine Kreationen f\u00fcr das Kuchenbuffet spenden. Die Erl\u00f6se aus dem Verkauf von Kaffee, Kuchen und Getr\u00e4nken kommen dem Kindergarten und der Grundschule Bassen zugute, ebenfalls ein Teil der Einnahmen aus dem Verkauf der Flohmarktartikel.<br \/>\nIm n\u00e4chsten Jahr wird der unser toller Flohmarkt am 28.04.2013,&nbsp;14 &#8211; 17 Uhr stattfinden, nat\u00fcrlich wieder im Blocks Huus!<\/p>\n<p><strong>Bei Fragen und Anregungen k\u00f6nnt ihr Euch gerne an Yvonne Henke <strong>wenden<\/strong>, Tel. 04205 &#8211; 319 994<\/strong><\/p>\n<p><small><code>[fb-like-button]<\/code><\/small><\/p>\nngg_shortcode_0_placeholder\n","protected":false},"excerpt":{"rendered":"<p>Etwas sp\u00e4t, aber immerhin noch in diesem Jahr schaffe ich es endlich meinen kleinen Bericht \u00fcber unseren Baby- und Kinderflohmarkt im Blocks Huus zu schreiben. Am 7.10.2012 wurden in der Scheune vom Blocks Huus von 14 &#8211; 17 Uhr die Scheunentore ge\u00f6ffnet. Ein gro\u00dfer vorsortierter Flohmarkt rund um Schwangerschaft, Babys und Kinder in allen Gr\u00f6\u00dfen [&hellip;]<\/p>\n","protected":false},"author":1,"featured_media":0,"comment_status":"open","ping_status":"open","sticky":false,"template":"","format":"standard","meta":{"ngg_post_thumbnail":0,"footnotes":""},"categories":[1,103],"tags":[104,24,200,106,107,105],"class_list":["post-3684","post","type-post","status-publish","format-standard","hentry","category-allgemein","category-flohmarkt","tag-baby-und-kinderflohmarkt","tag-blocks-huus","tag-flohmarkt","tag-kaffee","tag-kuchen","tag-yvonne-henke"],"_links":{"self":[{"href":"http:\/\/www.events-bassen.de\/index.php?rest_route=\/wp\/v2\/posts\/3684","targetHints":{"allow":["GET"]}}],"collection":[{"href":"http:\/\/www.events-bassen.de\/index.php?rest_route=\/wp\/v2\/posts"}],"about":[{"href":"http:\/\/www.events-bassen.de\/index.php?rest_route=\/wp\/v2\/types\/post"}],"author":[{"embeddable":true,"href":"http:\/\/www.events-bassen.de\/index.php?rest_route=\/wp\/v2\/users\/1"}],"replies":[{"embeddable":true,"href":"http:\/\/www.events-bassen.de\/index.php?rest_route=%2Fwp%2Fv2%2Fcomments&post=3684"}],"version-history":[{"count":6,"href":"http:\/\/www.events-bassen.de\/index.php?rest_route=\/wp\/v2\/posts\/3684\/revisions"}],"predecessor-version":[{"id":16163,"href":"http:\/\/www.events-bassen.de\/index.php?rest_route=\/wp\/v2\/posts\/3684\/revisions\/16163"}],"wp:attachment":[{"href":"http:\/\/www.events-bassen.de\/index.php?rest_route=%2Fwp%2Fv2%2Fmedia&parent=3684"}],"wp:term":[{"taxonomy":"category","embeddable":true,"href":"http:\/\/www.events-bassen.de\/index.php?rest_route=%2Fwp%2Fv2%2Fcategories&post=3684"},{"taxonomy":"post_tag","embeddable":true,"href":"http:\/\/www.events-bassen.de\/index.php?rest_route=%2Fwp%2Fv2%2Ftags&post=3684"}],"curies":[{"name":"wp","href":"https:\/\/api.w.org\/{rel}","templated":true}]}}