{"id":1368,"date":"2005-11-20T20:21:27","date_gmt":"2005-11-20T20:21:27","guid":{"rendered":"http:\/\/www.events-bassen.de\/?p=1368"},"modified":"2016-09-30T15:18:33","modified_gmt":"2016-09-30T15:18:33","slug":"die-patzer-rock-im-gotteshaus-2-nach-6","status":"publish","type":"post","link":"https:\/\/www.events-bassen.de\/?p=1368","title":{"rendered":"Die Patzer &#8211; Rock im Gotteshaus 2 nach 6"},"content":{"rendered":"<p style=\"text-align: justify;\">Es war ein wohl eine ganz besondere Sache, das die Patzer in der St. Petri Kirche in Oyten ein Konzert gaben. Bei einem regul\u00e4ren Gottesdienst im November 2005 wurde das Thema &#8222;Angst&#8220; behandelt. Womit kann man solche Themen eigentlich wirklich bekr\u00e4ftigen, in dem man \u00fcber sie singt. <!--more-->Und das taten die Patzer mit Titeln, wie zum Beispiel &#8222;Enter Sandman&#8220; oder auch &#8222;Paranoid&#8220;. Schlagzeug, Verst\u00e4rker, Bass und E-Gitarren vor&#8217;m Altar und neben dem Taufbecken? F\u00fcr den Pastor kein Problem, hier z\u00e4hlte der Glaube und die gute Sache. Die Patzer rockten bei absolut genialer Akkustik das voll besetzte Gotteshaus. So einen besonderen Gottesdienst wollten sich wenige entgehen lassen. Nach einigen ruhigeren Titel, wie &#8222;Heart of Gold&#8220; und &#8222;Nothing else matters&#8220; lie\u00dfen es die Patzer noch einmal ordentlich krachen. Das Publikum bzw. die Gemeinde verfolgte das Spektakel mit gr\u00f6\u00dfter Aufmerksamkeit. Ich kann behaupten, das es ein gelungener Abend war, der bis heute aber leider nicht wiederholt wurde. Vielleicht 2012 ?<\/p>\n<p>\u00a0[fb-like-button]<\/p>\n<p><!-- default-view.php -->\n<div\n\tclass=\"ngg-galleryoverview default-view\n\t ngg-ajax-pagination-none\t\"\n\tid=\"ngg-gallery-9b48ad9fae7925223ad7d1dd1aeb9fb6-1\">\n\n\t\t<!-- Thumbnails -->\n\t\t\t\t<div id=\"ngg-image-0\" class=\"ngg-gallery-thumbnail-box\n\t\t\t\t\t\t\t\t\t\t\t\"\n\t\t\t>\n\t\t\t\t\t\t<div class=\"ngg-gallery-thumbnail\">\n\t\t\t<a href=\"https:\/\/www.events-bassen.de\/wp-content\/gallery\/patzer-rock-im-gotteshaus\/IMG_2657.jpg\"\n\t\t\t\ttitle=\"\"\n\t\t\t\tdata-src=\"https:\/\/www.events-bassen.de\/wp-content\/gallery\/patzer-rock-im-gotteshaus\/IMG_2657.jpg\"\n\t\t\t\tdata-thumbnail=\"https:\/\/www.events-bassen.de\/wp-content\/gallery\/patzer-rock-im-gotteshaus\/thumbs\/thumbs_IMG_2657.jpg\"\n\t\t\t\tdata-image-id=\"2496\"\n\t\t\t\tdata-title=\"IMG_2657\"\n\t\t\t\tdata-description=\"\"\n\t\t\t\tdata-image-slug=\"img_2657\"\n\t\t\t\tclass=\"ngg-simplelightbox\" rel=\"9b48ad9fae7925223ad7d1dd1aeb9fb6\">\n\t\t\t\t<img\n\t\t\t\t\ttitle=\"IMG_2657\"\n\t\t\t\t\talt=\"IMG_2657\"\n\t\t\t\t\tsrc=\"https:\/\/www.events-bassen.de\/wp-content\/gallery\/patzer-rock-im-gotteshaus\/thumbs\/thumbs_IMG_2657.jpg\"\n\t\t\t\t\twidth=\"120\"\n\t\t\t\t\theight=\"80\"\n\t\t\t\t\tstyle=\"max-width:100%;\"\n\t\t\t\t\/>\n\t\t\t<\/a>\n\t\t<\/div>\n\t\t\t\t\t\t\t<\/div>\n\t\t\t\n\t\t\t\t<div id=\"ngg-image-1\" class=\"ngg-gallery-thumbnail-box\n\t\t\t\t\t\t\t\t\t\t\t\"\n\t\t\t>\n\t\t\t\t\t\t<div class=\"ngg-gallery-thumbnail\">\n\t\t\t<a href=\"https:\/\/www.events-bassen.de\/wp-content\/gallery\/patzer-rock-im-gotteshaus\/IMG_2658.jpg\"\n\t\t\t\ttitle=\"\"\n\t\t\t\tdata-src=\"https:\/\/www.events-bassen.de\/wp-content\/gallery\/patzer-rock-im-gotteshaus\/IMG_2658.jpg\"\n\t\t\t\tdata-thumbnail=\"https:\/\/www.events-bassen.de\/wp-content\/gallery\/patzer-rock-im-gotteshaus\/thumbs\/thumbs_IMG_2658.jpg\"\n\t\t\t\tdata-image-id=\"2497\"\n\t\t\t\tdata-title=\"IMG_2658\"\n\t\t\t\tdata-description=\"\"\n\t\t\t\tdata-image-slug=\"img_2658\"\n\t\t\t\tclass=\"ngg-simplelightbox\" rel=\"9b48ad9fae7925223ad7d1dd1aeb9fb6\">\n\t\t\t\t<img\n\t\t\t\t\ttitle=\"IMG_2658\"\n\t\t\t\t\talt=\"IMG_2658\"\n\t\t\t\t\tsrc=\"https:\/\/www.events-bassen.de\/wp-content\/gallery\/patzer-rock-im-gotteshaus\/thumbs\/thumbs_IMG_2658.jpg\"\n\t\t\t\t\twidth=\"120\"\n\t\t\t\t\theight=\"80\"\n\t\t\t\t\tstyle=\"max-width:100%;\"\n\t\t\t\t\/>\n\t\t\t<\/a>\n\t\t<\/div>\n\t\t\t\t\t\t\t<\/div>\n\t\t\t\n\t\t\t\t<div id=\"ngg-image-2\" class=\"ngg-gallery-thumbnail-box\n\t\t\t\t\t\t\t\t\t\t\t\"\n\t\t\t>\n\t\t\t\t\t\t<div class=\"ngg-gallery-thumbnail\">\n\t\t\t<a href=\"https:\/\/www.events-bassen.de\/wp-content\/gallery\/patzer-rock-im-gotteshaus\/IMG_2662.jpg\"\n\t\t\t\ttitle=\"\"\n\t\t\t\tdata-src=\"https:\/\/www.events-bassen.de\/wp-content\/gallery\/patzer-rock-im-gotteshaus\/IMG_2662.jpg\"\n\t\t\t\tdata-thumbnail=\"https:\/\/www.events-bassen.de\/wp-content\/gallery\/patzer-rock-im-gotteshaus\/thumbs\/thumbs_IMG_2662.jpg\"\n\t\t\t\tdata-image-id=\"2499\"\n\t\t\t\tdata-title=\"IMG_2662\"\n\t\t\t\tdata-description=\"\"\n\t\t\t\tdata-image-slug=\"img_2662\"\n\t\t\t\tclass=\"ngg-simplelightbox\" rel=\"9b48ad9fae7925223ad7d1dd1aeb9fb6\">\n\t\t\t\t<img\n\t\t\t\t\ttitle=\"IMG_2662\"\n\t\t\t\t\talt=\"IMG_2662\"\n\t\t\t\t\tsrc=\"https:\/\/www.events-bassen.de\/wp-content\/gallery\/patzer-rock-im-gotteshaus\/thumbs\/thumbs_IMG_2662.jpg\"\n\t\t\t\t\twidth=\"120\"\n\t\t\t\t\theight=\"80\"\n\t\t\t\t\tstyle=\"max-width:100%;\"\n\t\t\t\t\/>\n\t\t\t<\/a>\n\t\t<\/div>\n\t\t\t\t\t\t\t<\/div>\n\t\t\t\n\t\t\t\t<div id=\"ngg-image-3\" class=\"ngg-gallery-thumbnail-box\n\t\t\t\t\t\t\t\t\t\t\t\"\n\t\t\t>\n\t\t\t\t\t\t<div class=\"ngg-gallery-thumbnail\">\n\t\t\t<a href=\"https:\/\/www.events-bassen.de\/wp-content\/gallery\/patzer-rock-im-gotteshaus\/IMG_2664.jpg\"\n\t\t\t\ttitle=\"\"\n\t\t\t\tdata-src=\"https:\/\/www.events-bassen.de\/wp-content\/gallery\/patzer-rock-im-gotteshaus\/IMG_2664.jpg\"\n\t\t\t\tdata-thumbnail=\"https:\/\/www.events-bassen.de\/wp-content\/gallery\/patzer-rock-im-gotteshaus\/thumbs\/thumbs_IMG_2664.jpg\"\n\t\t\t\tdata-image-id=\"2500\"\n\t\t\t\tdata-title=\"IMG_2664\"\n\t\t\t\tdata-description=\"\"\n\t\t\t\tdata-image-slug=\"img_2664\"\n\t\t\t\tclass=\"ngg-simplelightbox\" rel=\"9b48ad9fae7925223ad7d1dd1aeb9fb6\">\n\t\t\t\t<img\n\t\t\t\t\ttitle=\"IMG_2664\"\n\t\t\t\t\talt=\"IMG_2664\"\n\t\t\t\t\tsrc=\"https:\/\/www.events-bassen.de\/wp-content\/gallery\/patzer-rock-im-gotteshaus\/thumbs\/thumbs_IMG_2664.jpg\"\n\t\t\t\t\twidth=\"120\"\n\t\t\t\t\theight=\"80\"\n\t\t\t\t\tstyle=\"max-width:100%;\"\n\t\t\t\t\/>\n\t\t\t<\/a>\n\t\t<\/div>\n\t\t\t\t\t\t\t<\/div>\n\t\t\t\n\t\t\t\t<div id=\"ngg-image-4\" class=\"ngg-gallery-thumbnail-box\n\t\t\t\t\t\t\t\t\t\t\t\"\n\t\t\t>\n\t\t\t\t\t\t<div class=\"ngg-gallery-thumbnail\">\n\t\t\t<a href=\"https:\/\/www.events-bassen.de\/wp-content\/gallery\/patzer-rock-im-gotteshaus\/IMG_2666.jpg\"\n\t\t\t\ttitle=\"\"\n\t\t\t\tdata-src=\"https:\/\/www.events-bassen.de\/wp-content\/gallery\/patzer-rock-im-gotteshaus\/IMG_2666.jpg\"\n\t\t\t\tdata-thumbnail=\"https:\/\/www.events-bassen.de\/wp-content\/gallery\/patzer-rock-im-gotteshaus\/thumbs\/thumbs_IMG_2666.jpg\"\n\t\t\t\tdata-image-id=\"2502\"\n\t\t\t\tdata-title=\"IMG_2666\"\n\t\t\t\tdata-description=\"\"\n\t\t\t\tdata-image-slug=\"img_2666\"\n\t\t\t\tclass=\"ngg-simplelightbox\" rel=\"9b48ad9fae7925223ad7d1dd1aeb9fb6\">\n\t\t\t\t<img\n\t\t\t\t\ttitle=\"IMG_2666\"\n\t\t\t\t\talt=\"IMG_2666\"\n\t\t\t\t\tsrc=\"https:\/\/www.events-bassen.de\/wp-content\/gallery\/patzer-rock-im-gotteshaus\/thumbs\/thumbs_IMG_2666.jpg\"\n\t\t\t\t\twidth=\"120\"\n\t\t\t\t\theight=\"80\"\n\t\t\t\t\tstyle=\"max-width:100%;\"\n\t\t\t\t\/>\n\t\t\t<\/a>\n\t\t<\/div>\n\t\t\t\t\t\t\t<\/div>\n\t\t\t\n\t\t\t\t<div id=\"ngg-image-5\" class=\"ngg-gallery-thumbnail-box\n\t\t\t\t\t\t\t\t\t\t\t\"\n\t\t\t>\n\t\t\t\t\t\t<div class=\"ngg-gallery-thumbnail\">\n\t\t\t<a href=\"https:\/\/www.events-bassen.de\/wp-content\/gallery\/patzer-rock-im-gotteshaus\/IMG_2668.jpg\"\n\t\t\t\ttitle=\"\"\n\t\t\t\tdata-src=\"https:\/\/www.events-bassen.de\/wp-content\/gallery\/patzer-rock-im-gotteshaus\/IMG_2668.jpg\"\n\t\t\t\tdata-thumbnail=\"https:\/\/www.events-bassen.de\/wp-content\/gallery\/patzer-rock-im-gotteshaus\/thumbs\/thumbs_IMG_2668.jpg\"\n\t\t\t\tdata-image-id=\"2503\"\n\t\t\t\tdata-title=\"IMG_2668\"\n\t\t\t\tdata-description=\"\"\n\t\t\t\tdata-image-slug=\"img_2668\"\n\t\t\t\tclass=\"ngg-simplelightbox\" rel=\"9b48ad9fae7925223ad7d1dd1aeb9fb6\">\n\t\t\t\t<img\n\t\t\t\t\ttitle=\"IMG_2668\"\n\t\t\t\t\talt=\"IMG_2668\"\n\t\t\t\t\tsrc=\"https:\/\/www.events-bassen.de\/wp-content\/gallery\/patzer-rock-im-gotteshaus\/thumbs\/thumbs_IMG_2668.jpg\"\n\t\t\t\t\twidth=\"120\"\n\t\t\t\t\theight=\"80\"\n\t\t\t\t\tstyle=\"max-width:100%;\"\n\t\t\t\t\/>\n\t\t\t<\/a>\n\t\t<\/div>\n\t\t\t\t\t\t\t<\/div>\n\t\t\t\n\t\t\t\t<div id=\"ngg-image-6\" class=\"ngg-gallery-thumbnail-box\n\t\t\t\t\t\t\t\t\t\t\t\"\n\t\t\t>\n\t\t\t\t\t\t<div class=\"ngg-gallery-thumbnail\">\n\t\t\t<a href=\"https:\/\/www.events-bassen.de\/wp-content\/gallery\/patzer-rock-im-gotteshaus\/IMG_2669.jpg\"\n\t\t\t\ttitle=\"\"\n\t\t\t\tdata-src=\"https:\/\/www.events-bassen.de\/wp-content\/gallery\/patzer-rock-im-gotteshaus\/IMG_2669.jpg\"\n\t\t\t\tdata-thumbnail=\"https:\/\/www.events-bassen.de\/wp-content\/gallery\/patzer-rock-im-gotteshaus\/thumbs\/thumbs_IMG_2669.jpg\"\n\t\t\t\tdata-image-id=\"2504\"\n\t\t\t\tdata-title=\"IMG_2669\"\n\t\t\t\tdata-description=\"\"\n\t\t\t\tdata-image-slug=\"img_2669\"\n\t\t\t\tclass=\"ngg-simplelightbox\" rel=\"9b48ad9fae7925223ad7d1dd1aeb9fb6\">\n\t\t\t\t<img\n\t\t\t\t\ttitle=\"IMG_2669\"\n\t\t\t\t\talt=\"IMG_2669\"\n\t\t\t\t\tsrc=\"https:\/\/www.events-bassen.de\/wp-content\/gallery\/patzer-rock-im-gotteshaus\/thumbs\/thumbs_IMG_2669.jpg\"\n\t\t\t\t\twidth=\"120\"\n\t\t\t\t\theight=\"80\"\n\t\t\t\t\tstyle=\"max-width:100%;\"\n\t\t\t\t\/>\n\t\t\t<\/a>\n\t\t<\/div>\n\t\t\t\t\t\t\t<\/div>\n\t\t\t\n\t\t\t\t<div id=\"ngg-image-7\" class=\"ngg-gallery-thumbnail-box\n\t\t\t\t\t\t\t\t\t\t\t\"\n\t\t\t>\n\t\t\t\t\t\t<div class=\"ngg-gallery-thumbnail\">\n\t\t\t<a href=\"https:\/\/www.events-bassen.de\/wp-content\/gallery\/patzer-rock-im-gotteshaus\/IMG_2670.jpg\"\n\t\t\t\ttitle=\"\"\n\t\t\t\tdata-src=\"https:\/\/www.events-bassen.de\/wp-content\/gallery\/patzer-rock-im-gotteshaus\/IMG_2670.jpg\"\n\t\t\t\tdata-thumbnail=\"https:\/\/www.events-bassen.de\/wp-content\/gallery\/patzer-rock-im-gotteshaus\/thumbs\/thumbs_IMG_2670.jpg\"\n\t\t\t\tdata-image-id=\"2505\"\n\t\t\t\tdata-title=\"IMG_2670\"\n\t\t\t\tdata-description=\"\"\n\t\t\t\tdata-image-slug=\"img_2670\"\n\t\t\t\tclass=\"ngg-simplelightbox\" rel=\"9b48ad9fae7925223ad7d1dd1aeb9fb6\">\n\t\t\t\t<img\n\t\t\t\t\ttitle=\"IMG_2670\"\n\t\t\t\t\talt=\"IMG_2670\"\n\t\t\t\t\tsrc=\"https:\/\/www.events-bassen.de\/wp-content\/gallery\/patzer-rock-im-gotteshaus\/thumbs\/thumbs_IMG_2670.jpg\"\n\t\t\t\t\twidth=\"120\"\n\t\t\t\t\theight=\"80\"\n\t\t\t\t\tstyle=\"max-width:100%;\"\n\t\t\t\t\/>\n\t\t\t<\/a>\n\t\t<\/div>\n\t\t\t\t\t\t\t<\/div>\n\t\t\t\n\t\t\t\t<div id=\"ngg-image-8\" class=\"ngg-gallery-thumbnail-box\n\t\t\t\t\t\t\t\t\t\t\t\"\n\t\t\t>\n\t\t\t\t\t\t<div class=\"ngg-gallery-thumbnail\">\n\t\t\t<a href=\"https:\/\/www.events-bassen.de\/wp-content\/gallery\/patzer-rock-im-gotteshaus\/IMG_2671.jpg\"\n\t\t\t\ttitle=\"\"\n\t\t\t\tdata-src=\"https:\/\/www.events-bassen.de\/wp-content\/gallery\/patzer-rock-im-gotteshaus\/IMG_2671.jpg\"\n\t\t\t\tdata-thumbnail=\"https:\/\/www.events-bassen.de\/wp-content\/gallery\/patzer-rock-im-gotteshaus\/thumbs\/thumbs_IMG_2671.jpg\"\n\t\t\t\tdata-image-id=\"2506\"\n\t\t\t\tdata-title=\"IMG_2671\"\n\t\t\t\tdata-description=\"\"\n\t\t\t\tdata-image-slug=\"img_2671\"\n\t\t\t\tclass=\"ngg-simplelightbox\" rel=\"9b48ad9fae7925223ad7d1dd1aeb9fb6\">\n\t\t\t\t<img\n\t\t\t\t\ttitle=\"IMG_2671\"\n\t\t\t\t\talt=\"IMG_2671\"\n\t\t\t\t\tsrc=\"https:\/\/www.events-bassen.de\/wp-content\/gallery\/patzer-rock-im-gotteshaus\/thumbs\/thumbs_IMG_2671.jpg\"\n\t\t\t\t\twidth=\"120\"\n\t\t\t\t\theight=\"80\"\n\t\t\t\t\tstyle=\"max-width:100%;\"\n\t\t\t\t\/>\n\t\t\t<\/a>\n\t\t<\/div>\n\t\t\t\t\t\t\t<\/div>\n\t\t\t\n\t\t\t\t<div id=\"ngg-image-9\" class=\"ngg-gallery-thumbnail-box\n\t\t\t\t\t\t\t\t\t\t\t\"\n\t\t\t>\n\t\t\t\t\t\t<div class=\"ngg-gallery-thumbnail\">\n\t\t\t<a href=\"https:\/\/www.events-bassen.de\/wp-content\/gallery\/patzer-rock-im-gotteshaus\/2nach6-2005-950x200.gif\"\n\t\t\t\ttitle=\"\"\n\t\t\t\tdata-src=\"https:\/\/www.events-bassen.de\/wp-content\/gallery\/patzer-rock-im-gotteshaus\/2nach6-2005-950x200.gif\"\n\t\t\t\tdata-thumbnail=\"https:\/\/www.events-bassen.de\/wp-content\/gallery\/patzer-rock-im-gotteshaus\/thumbs\/thumbs_2nach6-2005-950x200.gif\"\n\t\t\t\tdata-image-id=\"2507\"\n\t\t\t\tdata-title=\"2nach6-2005-950x200\"\n\t\t\t\tdata-description=\"\"\n\t\t\t\tdata-image-slug=\"2nach6-2005-950x200\"\n\t\t\t\tclass=\"ngg-simplelightbox\" rel=\"9b48ad9fae7925223ad7d1dd1aeb9fb6\">\n\t\t\t\t<img\n\t\t\t\t\ttitle=\"2nach6-2005-950x200\"\n\t\t\t\t\talt=\"2nach6-2005-950x200\"\n\t\t\t\t\tsrc=\"https:\/\/www.events-bassen.de\/wp-content\/gallery\/patzer-rock-im-gotteshaus\/thumbs\/thumbs_2nach6-2005-950x200.gif\"\n\t\t\t\t\twidth=\"120\"\n\t\t\t\t\theight=\"80\"\n\t\t\t\t\tstyle=\"max-width:100%;\"\n\t\t\t\t\/>\n\t\t\t<\/a>\n\t\t<\/div>\n\t\t\t\t\t\t\t<\/div>\n\t\t\t\n\t\n\t<br style=\"clear: both\" \/>\n\n\t\n\t\t<!-- Pagination -->\n\t\t<div class='ngg-clear'><\/div>\t<\/div>\n<\/p>\n","protected":false},"excerpt":{"rendered":"<p>Es war ein wohl eine ganz besondere Sache, das die Patzer in der St. Petri Kirche in Oyten ein Konzert gaben. Bei einem regul\u00e4ren Gottesdienst im November 2005 wurde das Thema &#8222;Angst&#8220; behandelt. Womit kann man solche Themen eigentlich wirklich bekr\u00e4ftigen, in dem man \u00fcber sie singt.<\/p>\n","protected":false},"author":1,"featured_media":0,"comment_status":"open","ping_status":"open","sticky":false,"template":"","format":"standard","meta":{"ngg_post_thumbnail":0,"footnotes":""},"categories":[13],"tags":[29,35,196,32,30,33,34,31,36,28],"class_list":["post-1368","post","type-post","status-publish","format-standard","hentry","category-die-patzer","tag-2-nach-6","tag-benny","tag-die-patzer","tag-dudi","tag-gottesdienst","tag-hajo","tag-hauke","tag-henning","tag-jens","tag-kirche-oyten"],"_links":{"self":[{"href":"https:\/\/www.events-bassen.de\/index.php?rest_route=\/wp\/v2\/posts\/1368","targetHints":{"allow":["GET"]}}],"collection":[{"href":"https:\/\/www.events-bassen.de\/index.php?rest_route=\/wp\/v2\/posts"}],"about":[{"href":"https:\/\/www.events-bassen.de\/index.php?rest_route=\/wp\/v2\/types\/post"}],"author":[{"embeddable":true,"href":"https:\/\/www.events-bassen.de\/index.php?rest_route=\/wp\/v2\/users\/1"}],"replies":[{"embeddable":true,"href":"https:\/\/www.events-bassen.de\/index.php?rest_route=%2Fwp%2Fv2%2Fcomments&post=1368"}],"version-history":[{"count":12,"href":"https:\/\/www.events-bassen.de\/index.php?rest_route=\/wp\/v2\/posts\/1368\/revisions"}],"predecessor-version":[{"id":11673,"href":"https:\/\/www.events-bassen.de\/index.php?rest_route=\/wp\/v2\/posts\/1368\/revisions\/11673"}],"wp:attachment":[{"href":"https:\/\/www.events-bassen.de\/index.php?rest_route=%2Fwp%2Fv2%2Fmedia&parent=1368"}],"wp:term":[{"taxonomy":"category","embeddable":true,"href":"https:\/\/www.events-bassen.de\/index.php?rest_route=%2Fwp%2Fv2%2Fcategories&post=1368"},{"taxonomy":"post_tag","embeddable":true,"href":"https:\/\/www.events-bassen.de\/index.php?rest_route=%2Fwp%2Fv2%2Ftags&post=1368"}],"curies":[{"name":"wp","href":"https:\/\/api.w.org\/{rel}","templated":true}]}}