{"id":1550,"date":"2012-01-18T08:17:41","date_gmt":"2012-01-18T08:17:41","guid":{"rendered":"http:\/\/www.events-bassen.de\/?p=1550"},"modified":"2016-12-20T17:47:05","modified_gmt":"2016-12-20T17:47:05","slug":"partyschuppen-brennt-ab","status":"publish","type":"post","link":"https:\/\/www.events-bassen.de\/?p=1550","title":{"rendered":"Partyschuppen &#8222;Capitol&#8220; brennt ab"},"content":{"rendered":"<p style=\"text-align: justify;\">Wie schon auf Facebook, in der Presse und im Fernsehen berichtet wurde ist unser Capitol in Oyten abgebrannt.&nbsp; Am Sonntag den 15.01.2012 gegen 21.10 Uhr wurde Alarm f\u00fcr die umliegenden Feuerwehren ausgel\u00f6st. Nach dem Eintreffen der Feuerwehr, war schon klar, dass die Disco nicht mehr zu retten war. Etwa 100 Feuerwehrleute l\u00f6schten die ganze Nacht hindurch die immer wieder auflodernden Flammen. Auf Facebook konnte man sehen, dass um ca. 6 Uhr <!--more-->die ersten Feuerwehrm\u00e4nner sich in die wohlverdiente Bettruhe verabschiedeten. Durch den schnellen Eingriff der Feuerwehren konnte aber Schlimmeres verhindert werden.<br \/>\nAm n\u00e4chsten Tag sollte eine \u00fcber Facebook abgestimmte Abschiedsfeier stattfinden, die sogenannte After-Burn-Party. Ab etwa 20 Uhr trafen sich um die 500 ehemalige Capitolg\u00e4nger um ihrer Disco &#8222;Lebewohl&#8220; zu sagen. Am ehemaligen Eingang standen Grablichter, damit zeigten einige der Besucher ihre Anteilnahme. Sogar eine Bratwurstbude wurde aufgestellt und es gab einen Flaschenbierverkauf direkt aus dem Kofferraum. Gegen 21 Uhr brach erneut das Feuer aus, da es noch einige Glutnester unter den Tr\u00fcmmern gab. Die Feuerwehr mu\u00dfte erneut ausr\u00fccken, wurde aber stark durch die Besucher der Abschiedfeier behindert, da etliche Fahrzeuge im Wege waren.<br \/>\nHeute am 18.01.2012 haben sich die Brandermittler der Polizei angek\u00fcndigt um festzustellen wie das Feuer ausgebochen ist. Obwohl das Capitol ein einziger Haufen aus Schrott ist, wird die Polizei mit Sicherheit Hinweise finden &#8211; falls hier ein Feuerteufel am Werke war.<br \/>\nEs gibt nat\u00fcrlich einige Stimmen die froh sind, dass das Cap dem Feuer zum Opfer gefallen ist. Andererseits meine ich gibt es viel mehr Leute aus meinem Jahrgang, die sich an die sch\u00f6nen alten Zeiten im Capitol erinnern. Ich kann hier erstmal nur von mir sprechen und schreiben, dass ich viele Leute die ich heute noch kenne im Capitol kennengelernt habe. Es wurden dort viele Freundschaften geschlossen und das ein oder andere M\u00e4del aufgerissen \ud83d\ude09 Damals konnte man auch alleine ins Cap fahren, getroffen hat man dort immer einen den man kannte. Vielen Dank an das Capitol und die Servicemannschaft die uns viele tolle Stunden geboten haben.<br \/>\nWenn das Captiol wieder aufgebaut wird, was sehr wahrscheinlich ist, bin ich mit Sicherheit bei der Er\u00f6ffnung dabei.<\/p>\n<h4>Update 19.01.2012<\/h4>\n<p style=\"text-align: justify;\">Die Brandermittler der Polizeiinspektion Verden\/Osterholz und ein von der Staatsanwaltschaft Verden beauftragter Sachverst\u00e4ndiger haben gestern im Capitol die Ermittlungen aufgenommen. Der Brand soll in der N\u00e4he der Tanzfl\u00e4che am DJ-Pult der gro\u00dfen Disco ausgebrochen sein. Durch die elektrischen Ger\u00e4te soll dort ein W\u00e4rmestau entstanden sein, der als Ausl\u00f6ser in Frage kommt. Weitere Ermittlungen sollen kl\u00e4ren, ob die Ursache fahrl\u00e4ssig war. Der Schaden wird \u00fcbrigens auf etwa 3.000.000 Euro gesch\u00e4tzt.<\/p>\n<p><small><code>[fb-like-button]<\/code><\/small><\/p>\nngg_shortcode_0_placeholder\n","protected":false},"excerpt":{"rendered":"<p>Wie schon auf Facebook, in der Presse und im Fernsehen berichtet wurde ist unser Capitol in Oyten abgebrannt.&nbsp; Am Sonntag den 15.01.2012 gegen 21.10 Uhr wurde Alarm f\u00fcr die umliegenden Feuerwehren ausgel\u00f6st. Nach dem Eintreffen der Feuerwehr, war schon klar, dass die Disco nicht mehr zu retten war. Etwa 100 Feuerwehrleute l\u00f6schten die ganze Nacht [&hellip;]<\/p>\n","protected":false},"author":1,"featured_media":0,"comment_status":"open","ping_status":"open","sticky":false,"template":"","format":"standard","meta":{"ngg_post_thumbnail":0,"footnotes":""},"categories":[1],"tags":[44,38,39,40,43,41,42],"class_list":["post-1550","post","type-post","status-publish","format-standard","hentry","category-allgemein","tag-after-burn-party","tag-cap","tag-capitol","tag-disco","tag-feuer","tag-grosbrand","tag-oyten"],"_links":{"self":[{"href":"https:\/\/www.events-bassen.de\/index.php?rest_route=\/wp\/v2\/posts\/1550","targetHints":{"allow":["GET"]}}],"collection":[{"href":"https:\/\/www.events-bassen.de\/index.php?rest_route=\/wp\/v2\/posts"}],"about":[{"href":"https:\/\/www.events-bassen.de\/index.php?rest_route=\/wp\/v2\/types\/post"}],"author":[{"embeddable":true,"href":"https:\/\/www.events-bassen.de\/index.php?rest_route=\/wp\/v2\/users\/1"}],"replies":[{"embeddable":true,"href":"https:\/\/www.events-bassen.de\/index.php?rest_route=%2Fwp%2Fv2%2Fcomments&post=1550"}],"version-history":[{"count":37,"href":"https:\/\/www.events-bassen.de\/index.php?rest_route=\/wp\/v2\/posts\/1550\/revisions"}],"predecessor-version":[{"id":13515,"href":"https:\/\/www.events-bassen.de\/index.php?rest_route=\/wp\/v2\/posts\/1550\/revisions\/13515"}],"wp:attachment":[{"href":"https:\/\/www.events-bassen.de\/index.php?rest_route=%2Fwp%2Fv2%2Fmedia&parent=1550"}],"wp:term":[{"taxonomy":"category","embeddable":true,"href":"https:\/\/www.events-bassen.de\/index.php?rest_route=%2Fwp%2Fv2%2Fcategories&post=1550"},{"taxonomy":"post_tag","embeddable":true,"href":"https:\/\/www.events-bassen.de\/index.php?rest_route=%2Fwp%2Fv2%2Ftags&post=1550"}],"curies":[{"name":"wp","href":"https:\/\/api.w.org\/{rel}","templated":true}]}}