{"id":1809,"date":"2012-04-02T16:05:53","date_gmt":"2012-04-02T16:05:53","guid":{"rendered":"http:\/\/www.events-bassen.de\/?p=1809"},"modified":"2016-12-20T18:16:18","modified_gmt":"2016-12-20T18:16:18","slug":"rock-in-den-april-die-patzer-und-dahn-bruhn-schmitz-gbr","status":"publish","type":"post","link":"https:\/\/www.events-bassen.de\/?p=1809","title":{"rendered":"Rock in den April &#8211; Die Patzer und D\u00e4hn, Bruhn &#038; Schmitz GBR"},"content":{"rendered":"<p>Endlich war es wieder soweit und dann auch noch ein Jubil\u00e4umskonzert: 20 Jahre Patzer in der Sch\u00fctzenhalle in Schaphusen. Selbst die Thekenbedienung wurde von den Patzern gestellt und teilweise wurden Familienmitglieder zum Thekendienst verdonnert \ud83d\ude42 und hungrige G\u00e4ste konnten sich mit einer Bockwurst st\u00e4rken. <!--more-->Die befreundete Band&nbsp;D\u00e4hn, Bruhn &amp; Schmitz GBR aus Hassendorf begann das ewig lang und bis ins kleinste Detail geplante Rock-Spektakel. Die Hassendorfer begeisterten das Publikum mit eigenen St\u00fccken aus den Genres Rock und Blues. Sie rockten dass die B\u00fchne wackelte und nach einem tollen und abwechslungsreichen B\u00fchnenprogramm war es dann endlich soweit, dass \u201cDie Patzer\u201d die B\u00fchne ihr Eigen nannten.<br \/>\nAlle Patzer hatten nach monatelangem Proben und mentalem Training die richtige Konstitution um mit vollem Einsatz die Schaphuser Sch\u00fctzenhalle zu rocken. Mit &#8222;Rock you like a hurricane&#8220; von den Scorpions wurde das Jubil\u00e4umskonzert er\u00f6ffnet, was auch gleich einige G\u00e4ste auf die Tanzfl\u00e4che lockte. Nach Titeln wie: &#8222;Wiskey in the jar&#8220;, &#8222;Running wild&#8220;, &#8222;Nothing else matters&#8220; und &#8222;You shook me all night long&#8220; wurde die Stimmung der G\u00e4ste immer besser und es gab f\u00fcr einige kein Halten mehr. Auch nach dem Spitzenkonzert, war die Feier noch lange nicht vorbei und der allgemeine Pegel erh\u00f6hte sich und machte selbst beim Fotografen nicht halt \ud83d\ude42 Auf jeden Fall kann man sagen, dass es ein toller Abend war, der auch noch lange hinaus in den K\u00f6pfen der G\u00e4ste bleiben wird. Als dann die letzten G\u00e4ste gebeten wurden den Saal langsam zu r\u00e4umen, war dann um 3:45 Uhr wirklich Schluss und das Sch\u00fctzenhaus konnte abgeschlossen werden.<br \/>\nVielen Dank an &#8222;Die Patzer&#8220; und &#8222;D\u00e4hn, Bruhn &amp; Schmitz GBR&#8220;<\/p>\n<p>Einige Bilder sind etwas &#8222;k\u00f6rnig&#8220;, das kommt daher dass ich viele Bilder ohne Blitz fotografiert habe um die Lichtstimmung nicht zu versauen.<\/p>\n<p>Kleines Bilderupdate habe am Anfang noch ein paar neue Bilder vom Aufbau eingef\u00fcgt!<\/p>\n<p><small><code>[fb-like-button]<\/code><\/small><\/p>\nngg_shortcode_0_placeholder\n","protected":false},"excerpt":{"rendered":"<p>Endlich war es wieder soweit und dann auch noch ein Jubil\u00e4umskonzert: 20 Jahre Patzer in der Sch\u00fctzenhalle in Schaphusen. Selbst die Thekenbedienung wurde von den Patzern gestellt und teilweise wurden Familienmitglieder zum Thekendienst verdonnert \ud83d\ude42 und hungrige G\u00e4ste konnten sich mit einer Bockwurst st\u00e4rken.<\/p>\n","protected":false},"author":1,"featured_media":0,"comment_status":"open","ping_status":"open","sticky":false,"template":"","format":"standard","meta":{"ngg_post_thumbnail":0,"footnotes":""},"categories":[13],"tags":[56,35,54,53,196,32,33,55,34,31,36,57,52],"class_list":["post-1809","post","type-post","status-publish","format-standard","hentry","category-die-patzer","tag-20-jahre","tag-benny","tag-bruhn-schmitz-gbr","tag-dahn","tag-die-patzer","tag-dudi","tag-hajo","tag-hassendorf","tag-hauke","tag-henning","tag-jens","tag-jubilaum-patzer","tag-schutzenhaus-schaphusen"],"_links":{"self":[{"href":"https:\/\/www.events-bassen.de\/index.php?rest_route=\/wp\/v2\/posts\/1809","targetHints":{"allow":["GET"]}}],"collection":[{"href":"https:\/\/www.events-bassen.de\/index.php?rest_route=\/wp\/v2\/posts"}],"about":[{"href":"https:\/\/www.events-bassen.de\/index.php?rest_route=\/wp\/v2\/types\/post"}],"author":[{"embeddable":true,"href":"https:\/\/www.events-bassen.de\/index.php?rest_route=\/wp\/v2\/users\/1"}],"replies":[{"embeddable":true,"href":"https:\/\/www.events-bassen.de\/index.php?rest_route=%2Fwp%2Fv2%2Fcomments&post=1809"}],"version-history":[{"count":52,"href":"https:\/\/www.events-bassen.de\/index.php?rest_route=\/wp\/v2\/posts\/1809\/revisions"}],"predecessor-version":[{"id":13957,"href":"https:\/\/www.events-bassen.de\/index.php?rest_route=\/wp\/v2\/posts\/1809\/revisions\/13957"}],"wp:attachment":[{"href":"https:\/\/www.events-bassen.de\/index.php?rest_route=%2Fwp%2Fv2%2Fmedia&parent=1809"}],"wp:term":[{"taxonomy":"category","embeddable":true,"href":"https:\/\/www.events-bassen.de\/index.php?rest_route=%2Fwp%2Fv2%2Fcategories&post=1809"},{"taxonomy":"post_tag","embeddable":true,"href":"https:\/\/www.events-bassen.de\/index.php?rest_route=%2Fwp%2Fv2%2Ftags&post=1809"}],"curies":[{"name":"wp","href":"https:\/\/api.w.org\/{rel}","templated":true}]}}