{"id":2045,"date":"2012-04-07T20:23:27","date_gmt":"2012-04-07T20:23:27","guid":{"rendered":"http:\/\/www.events-bassen.de\/?p=2045"},"modified":"2016-12-20T18:18:56","modified_gmt":"2016-12-20T18:18:56","slug":"osterfeuer-2012","status":"publish","type":"post","link":"https:\/\/www.events-bassen.de\/?p=2045","title":{"rendered":"Osterfeuer 2012"},"content":{"rendered":"<p>Es war ein wundervolles Osterfeuer. Die ersten G\u00e4ste trafen schon gegen 18:30 Uhr ein, um sich die besten Pl\u00e4tze zu sichern. Viele nutzten ebenfalls die Bratwurstbude und die Fischbr\u00f6tchenbude, damit Mutti nicht kochen mu\u00dfte &#8211; ist ja auch mal sch\u00f6n. Im gro\u00dfz\u00fcgigen Zelt war die Freiwillige Feuerwehr Bassen mit der Gruppe von Meik Wessel bestens auf <!--more-->den ersten Ansturm der G\u00e4ste vorbereitet. Kistenweise Getr\u00e4nke wurden eingelagert. Von Bier, Sprudel, Gl\u00fchwein bis zum Kurzen war alles da. Bei einem wundervollen Sonnenuntergang war es wieder einmal die gro\u00dfe Ehre von Holger das Osterfeuer p\u00fcnktlich um 19:30 Uhr zu entz\u00fcnden. Die erste dreiviertel Stunde zogen tiefe Rauchschwaden \u00fcber den Platz vor dem Zelt und die G\u00e4ste fl\u00fcchteten schnell auf die &#8222;Sonnenseite&#8220; des Osterfeuers. Wie immer war unser Osterfeuer sehr gut besucht und es war eine bunte Mischung aus Kindern, Teens, Eltern und Gro\u00dfeltern. Sch\u00f6n, dass Ihr alle gekommen seid!<br \/>\nBis zum n\u00e4chsten Jahr&#8230;<\/p>\n<p>Weitere Bilder folgen nat\u00fcrlich, bin aber \u00fcber die Feiertage arbeiten und werde morgen die restlichen Bilder hochladen, viel Spa\u00df erstmal&#8230;<\/p>\n<p><small><code>[fb-like-button]<\/code><\/small><\/p>\nngg_shortcode_0_placeholder\n","protected":false},"excerpt":{"rendered":"<p>Es war ein wundervolles Osterfeuer. Die ersten G\u00e4ste trafen schon gegen 18:30 Uhr ein, um sich die besten Pl\u00e4tze zu sichern. Viele nutzten ebenfalls die Bratwurstbude und die Fischbr\u00f6tchenbude, damit Mutti nicht kochen mu\u00dfte &#8211; ist ja auch mal sch\u00f6n. Im gro\u00dfz\u00fcgigen Zelt war die Freiwillige Feuerwehr Bassen mit der Gruppe von Meik Wessel bestens [&hellip;]<\/p>\n","protected":false},"author":1,"featured_media":0,"comment_status":"open","ping_status":"open","sticky":false,"template":"","format":"standard","meta":{"ngg_post_thumbnail":0,"footnotes":""},"categories":[1,121],"tags":[5,199,85,83],"class_list":["post-2045","post","type-post","status-publish","format-standard","hentry","category-allgemein","category-osterfeuer","tag-bassen","tag-feuerwehr-bassen","tag-holger","tag-osterfeuer-2012"],"_links":{"self":[{"href":"https:\/\/www.events-bassen.de\/index.php?rest_route=\/wp\/v2\/posts\/2045","targetHints":{"allow":["GET"]}}],"collection":[{"href":"https:\/\/www.events-bassen.de\/index.php?rest_route=\/wp\/v2\/posts"}],"about":[{"href":"https:\/\/www.events-bassen.de\/index.php?rest_route=\/wp\/v2\/types\/post"}],"author":[{"embeddable":true,"href":"https:\/\/www.events-bassen.de\/index.php?rest_route=\/wp\/v2\/users\/1"}],"replies":[{"embeddable":true,"href":"https:\/\/www.events-bassen.de\/index.php?rest_route=%2Fwp%2Fv2%2Fcomments&post=2045"}],"version-history":[{"count":8,"href":"https:\/\/www.events-bassen.de\/index.php?rest_route=\/wp\/v2\/posts\/2045\/revisions"}],"predecessor-version":[{"id":13992,"href":"https:\/\/www.events-bassen.de\/index.php?rest_route=\/wp\/v2\/posts\/2045\/revisions\/13992"}],"wp:attachment":[{"href":"https:\/\/www.events-bassen.de\/index.php?rest_route=%2Fwp%2Fv2%2Fmedia&parent=2045"}],"wp:term":[{"taxonomy":"category","embeddable":true,"href":"https:\/\/www.events-bassen.de\/index.php?rest_route=%2Fwp%2Fv2%2Fcategories&post=2045"},{"taxonomy":"post_tag","embeddable":true,"href":"https:\/\/www.events-bassen.de\/index.php?rest_route=%2Fwp%2Fv2%2Ftags&post=2045"}],"curies":[{"name":"wp","href":"https:\/\/api.w.org\/{rel}","templated":true}]}}