{"id":2103,"date":"2012-05-27T10:49:26","date_gmt":"2012-05-27T10:49:26","guid":{"rendered":"http:\/\/www.events-bassen.de\/?p=2103"},"modified":"2016-12-20T18:44:18","modified_gmt":"2016-12-20T18:44:18","slug":"30-jahre-kamper","status":"publish","type":"post","link":"https:\/\/www.events-bassen.de\/?p=2103","title":{"rendered":"30 Jahre Kamper"},"content":{"rendered":"<p>Wer Kamper nicht kennt, der hat die Welt verpennt ! Oder viel mehr, der hat die beste Party des Jahres verpennt ! Der Vice-President des MC Inferno feierte gestern seinen 30. Geburtstag. Die Vorbereitungen f\u00fcr diesen Anlass nahmen gr\u00f6\u00dfere Ausma\u00dfe an als gedacht, die Kornproduktion bei Strothmann mu\u00dfte um 65% angehoben werden, aber dazu sp\u00e4ter mehr.<!--more-->Treffen war um 16:30Uhr beim Feuerwehrhaus in Bassen, dort wurde der &#8222;kleine&#8220; Feldh\u00e4cksler vorbereitet um damit standesgem\u00e4\u00df das Geburtstagskind abzuholen. Nach und nach trafen dann weitere G\u00e4ste auf dem Feuerwehrhof ein, die dann mit dem Feldh\u00e4cksler vorran in Kolonne unseren Kamper von zu Hause abholen sollten.<br \/>\nZu Hause wurde Kamper dann geb\u00fchrend empfangen und f\u00fcr&#8217;s Fegen schick gemacht. Goldene Hose, goldene Schuhe, rot-blaues T-Shirt, einen ultimativen Ring und eine Kette mit Benz-Stern, Tatoo&#8217;s&nbsp; und als Kr\u00f6nung goldene Haare. Nachdem Kamper nun bereit war, setzte sich der Tross wieder in Bewegung in Richtung Feuerwehrhaus, wo schon einige Dutzend Leute warteten. Unter erschwerten Bedingungen mu\u00dfte Kamper erst einmal Klinken putzen. Kaum waren die Klinken wie geleckt, schon wurden die Kronenkorken auf dem Feuerwehrhof verteilt. Mit einem schweren Besen mit Gelenk, einer Klob\u00fcrste und einem kurzen Reisigbesen wurde Kamper bei bestem Sonnenschein zum Fegen verdonnert. Erst als er dann doch noch einen richtigen Reisigbesen bekam wurde das Fegen f\u00fcr ihn einfacher. Zum Gl\u00fcck konnte Thomas sich durch einen Kuss meiner Tochter Soviana erl\u00f6sen lassen.<br \/>\nDanach ging die Feier erst richtig los. Ein Partyzelt, eine Bratwurstbude und k\u00fchle Getr\u00e4nke lockten \u00fcber 100 Leute zu Kamper auf den Hof um dort seinen Geburtstag zu feiern. Aber seht selbst, welche Qualen Kamper erleiden mu\u00dfte&#8230;<\/p>\n<p>Ich denke mal diese Feier wird uns lange im Kopf bleiben, vielen Dank f\u00fcr die geniale Organisation und die perfekte Feier !!!<\/p>\n<p>Die Bilder werden noch sortiert, damit es etwas geordneter aussieht &#8211; aber nicht mehr heute \ud83d\ude09<\/p>\n<p><small><code>[fb-like-button]<\/code><\/small><\/p>\nngg_shortcode_0_placeholder\n","protected":false},"excerpt":{"rendered":"<p>Wer Kamper nicht kennt, der hat die Welt verpennt ! Oder viel mehr, der hat die beste Party des Jahres verpennt ! Der Vice-President des MC Inferno feierte gestern seinen 30. Geburtstag. Die Vorbereitungen f\u00fcr diesen Anlass nahmen gr\u00f6\u00dfere Ausma\u00dfe an als gedacht, die Kornproduktion bei Strothmann mu\u00dfte um 65% angehoben werden, aber dazu sp\u00e4ter [&hellip;]<\/p>\n","protected":false},"author":1,"featured_media":0,"comment_status":"open","ping_status":"open","sticky":false,"template":"","format":"standard","meta":{"ngg_post_thumbnail":0,"footnotes":""},"categories":[1],"tags":[75,74,77,76],"class_list":["post-2103","post","type-post","status-publish","format-standard","hentry","category-allgemein","tag-75","tag-kamper","tag-mc-infero","tag-thomas"],"_links":{"self":[{"href":"https:\/\/www.events-bassen.de\/index.php?rest_route=\/wp\/v2\/posts\/2103","targetHints":{"allow":["GET"]}}],"collection":[{"href":"https:\/\/www.events-bassen.de\/index.php?rest_route=\/wp\/v2\/posts"}],"about":[{"href":"https:\/\/www.events-bassen.de\/index.php?rest_route=\/wp\/v2\/types\/post"}],"author":[{"embeddable":true,"href":"https:\/\/www.events-bassen.de\/index.php?rest_route=\/wp\/v2\/users\/1"}],"replies":[{"embeddable":true,"href":"https:\/\/www.events-bassen.de\/index.php?rest_route=%2Fwp%2Fv2%2Fcomments&post=2103"}],"version-history":[{"count":8,"href":"https:\/\/www.events-bassen.de\/index.php?rest_route=\/wp\/v2\/posts\/2103\/revisions"}],"predecessor-version":[{"id":14482,"href":"https:\/\/www.events-bassen.de\/index.php?rest_route=\/wp\/v2\/posts\/2103\/revisions\/14482"}],"wp:attachment":[{"href":"https:\/\/www.events-bassen.de\/index.php?rest_route=%2Fwp%2Fv2%2Fmedia&parent=2103"}],"wp:term":[{"taxonomy":"category","embeddable":true,"href":"https:\/\/www.events-bassen.de\/index.php?rest_route=%2Fwp%2Fv2%2Fcategories&post=2103"},{"taxonomy":"post_tag","embeddable":true,"href":"https:\/\/www.events-bassen.de\/index.php?rest_route=%2Fwp%2Fv2%2Ftags&post=2103"}],"curies":[{"name":"wp","href":"https:\/\/api.w.org\/{rel}","templated":true}]}}