{"id":2488,"date":"2012-08-31T15:36:50","date_gmt":"2012-08-31T15:36:50","guid":{"rendered":"http:\/\/www.events-bassen.de\/?p=2488"},"modified":"2016-12-20T19:08:53","modified_gmt":"2016-12-20T19:08:53","slug":"60-erntefest-in-bassen-the-beginnig","status":"publish","type":"post","link":"https:\/\/www.events-bassen.de\/?p=2488","title":{"rendered":"60. Erntefest in Bassen &#8211; The beginning"},"content":{"rendered":"<p>Dieses Jahr feiert das Erntefest in Bassen 60 oder 63 Jahre, man wei\u00df es nicht genau. Ich denke da besteht noch kl\u00e4rungsbedarf. Das diesj\u00e4hrige Erntefest wurde mit dem Hissen der Erntefahnen offiziell er\u00f6ffnet. Danach startete der Laternen-Umzug durch die Bassener Stra\u00dfen, der wie immer von der Freiwilligen Feuerwehr Bassen abgesichert wurde. Zur gleichen Zeit begann auch f\u00fcr die fleissigen Helfer in der Fest-Scheune vom Blocks Huus das Binden der Erntekrone. Unser Erntepaar konnte dann das von der Sparkasse gesponsorte Bierfass anstechen. Mit leichten Problemen und vielleicht etwas zu zaghaften Schl\u00e4gen gelang es Frank dann doch noch dem k\u00fchlen Fassbier einen Zapfhahn zu verpassen \ud83d\ude09<!--more--><br \/>\nVorgestellt wurde auch der Bassener KORN3. Die Besucher auf dem Weihnachtsmarkt 2011 konnten&nbsp; 3 verschiedene Korn-Sorten Probetrinken und Abstimmen welcher Korn ihnen am besten schmeckte. Nach Ausz\u00e4hlung der Stimmzettel gewann KORN3. Der Korn ist ab Montag, den3.09.2012 bei Whirlpool &amp; Living in Posthausen erh\u00e4ltlich. Es gibt Stimmen daf\u00fcr, das der Penny Markt Bassen ihn ebenfalls in sein Sortiment aufnehmen sollte \ud83d\ude42<br \/>\nNachdem die Erntekrone fertig gebunden war wurde dies noch nach ordentlicher Bassener Sitte gefeiert. Das anschlie\u00dfende Eierbacken in der Scheune vom Blocks Huus war eine Wohltat f\u00fcr viele hungrige Helfer und G\u00e4ste. Vielen Dank geht an Thorsten und seine Frau f\u00fcr&#8217;s Eierbacken und alle anderen die geholfen haben.<br \/>\nUnd nun viel Spa\u00df mit den Bildern vom Donnerstag&#8230;<br \/>\nLgs Sascha<\/p>\n<p><small><code>[fb-like-button]<\/code><\/small><\/p>\nngg_shortcode_0_placeholder\n","protected":false},"excerpt":{"rendered":"<p>Dieses Jahr feiert das Erntefest in Bassen 60 oder 63 Jahre, man wei\u00df es nicht genau. Ich denke da besteht noch kl\u00e4rungsbedarf. Das diesj\u00e4hrige Erntefest wurde mit dem Hissen der Erntefahnen offiziell er\u00f6ffnet. Danach startete der Laternen-Umzug durch die Bassener Stra\u00dfen, der wie immer von der Freiwilligen Feuerwehr Bassen abgesichert wurde. Zur gleichen Zeit begann [&hellip;]<\/p>\n","protected":false},"author":1,"featured_media":3680,"comment_status":"open","ping_status":"open","sticky":false,"template":"","format":"standard","meta":{"ngg_post_thumbnail":0,"footnotes":""},"categories":[1,3],"tags":[96,90,86,92,95,93,94,89,91],"class_list":["post-2488","post","type-post","status-publish","format-standard","has-post-thumbnail","hentry","category-allgemein","category-erntefest","tag-60-erntefest","tag-bassener-erntekorn","tag-erntefest-2012","tag-erntekrone","tag-erntepaar-2012","tag-frank-esselmann","tag-janine-meyer","tag-korn3","tag-laternelaufen"],"_links":{"self":[{"href":"https:\/\/www.events-bassen.de\/index.php?rest_route=\/wp\/v2\/posts\/2488","targetHints":{"allow":["GET"]}}],"collection":[{"href":"https:\/\/www.events-bassen.de\/index.php?rest_route=\/wp\/v2\/posts"}],"about":[{"href":"https:\/\/www.events-bassen.de\/index.php?rest_route=\/wp\/v2\/types\/post"}],"author":[{"embeddable":true,"href":"https:\/\/www.events-bassen.de\/index.php?rest_route=\/wp\/v2\/users\/1"}],"replies":[{"embeddable":true,"href":"https:\/\/www.events-bassen.de\/index.php?rest_route=%2Fwp%2Fv2%2Fcomments&post=2488"}],"version-history":[{"count":13,"href":"https:\/\/www.events-bassen.de\/index.php?rest_route=\/wp\/v2\/posts\/2488\/revisions"}],"predecessor-version":[{"id":14931,"href":"https:\/\/www.events-bassen.de\/index.php?rest_route=\/wp\/v2\/posts\/2488\/revisions\/14931"}],"wp:featuredmedia":[{"embeddable":true,"href":"https:\/\/www.events-bassen.de\/index.php?rest_route=\/wp\/v2\/media\/3680"}],"wp:attachment":[{"href":"https:\/\/www.events-bassen.de\/index.php?rest_route=%2Fwp%2Fv2%2Fmedia&parent=2488"}],"wp:term":[{"taxonomy":"category","embeddable":true,"href":"https:\/\/www.events-bassen.de\/index.php?rest_route=%2Fwp%2Fv2%2Fcategories&post=2488"},{"taxonomy":"post_tag","embeddable":true,"href":"https:\/\/www.events-bassen.de\/index.php?rest_route=%2Fwp%2Fv2%2Ftags&post=2488"}],"curies":[{"name":"wp","href":"https:\/\/api.w.org\/{rel}","templated":true}]}}