{"id":2492,"date":"2012-09-01T10:04:28","date_gmt":"2012-09-01T10:04:28","guid":{"rendered":"http:\/\/www.events-bassen.de\/?p=2492"},"modified":"2016-12-20T19:15:22","modified_gmt":"2016-12-20T19:15:22","slug":"60-erntefest-in-bassen-freitag-abend-party","status":"publish","type":"post","link":"https:\/\/www.events-bassen.de\/?p=2492","title":{"rendered":"60. Erntefest in Bassen &#8211; Freitag Abend Party"},"content":{"rendered":"<p>Nach Ende der Kinderdisco wurde dann die ultimative Freitag Abend Ernte Party gestartet. Ab 21 Uhr wurden am Eingang zu Scheune mit Unterst\u00fctzung der Freiwilligen Feuerwehr Bassen die Kassen er\u00f6ffnet. F\u00fcr nur 5 Euro Eintritt war eine der besten Feiern zu erwarten, die Bassen jedes Jahr bietet. Wie immer waren auch dieses Jahr harte Kontrollen von N\u00f6ten um den Jugendschutz zu gew\u00e4hrleisten. Ich selbst habe einen gro\u00dfteil der Personalausweise \u00fcberpr\u00fcft und mu\u00dfte feststellen, wie schnell man sich versch\u00e4tzen kann. Einige Frauen haben es mir aber gedankt, das ich sie unter 18 gesch\u00e4tzt hatte \ud83d\ude09 <!--more-->Selbst Vertreter der Gemeinde Oyten, Landkreis Verden und Polizei liessen es sich dennoch nicht nehmen gesonderte Kontrollen durchzuf\u00fchren. Wer 16 oder 17 Jahre alt war bekam ein gelbes Armband mit &#8222;NO 18, NO Alkohol&#8220;, damit die Bedienung an der Theke nicht jeden Perso nochmals kontrollieren mu\u00dfte. Der Rest hatte dann &#8222;Full Access&#8220; \ud83d\ude00 Was wie immer auch einige voll ausgenutzt haben. In der Nacht von Freitag auf Samstag wurde \u00fcbrigens der Geldautomat der Sparkasse in Bassen gesprengt. Ich hoffe es sind einige sch\u00f6ne Erinnerungen an den Abend von mir eingefangen worden. Da ich immer ohne Blitz fotografiere um die Lichtstimmung der Fotos nicht zu versauen sind dadurch einige etwas grieselig. Au\u00dferdem wurde die Aufl\u00f6sung verkleinert um die Bilder schneller anzeigen zu lassen und um Speicherplatz zu sparen.<br \/>\nViel Spa\u00df mit meinen Bildern<br \/>\nLgs Sascha<\/p>\n<p><small><code>[fb-like-button]<\/code><\/small><\/p>\nngg_shortcode_0_placeholder\n","protected":false},"excerpt":{"rendered":"<p>Nach Ende der Kinderdisco wurde dann die ultimative Freitag Abend Ernte Party gestartet. Ab 21 Uhr wurden am Eingang zu Scheune mit Unterst\u00fctzung der Freiwilligen Feuerwehr Bassen die Kassen er\u00f6ffnet. F\u00fcr nur 5 Euro Eintritt war eine der besten Feiern zu erwarten, die Bassen jedes Jahr bietet. Wie immer waren auch dieses Jahr harte Kontrollen [&hellip;]<\/p>\n","protected":false},"author":1,"featured_media":3681,"comment_status":"open","ping_status":"open","sticky":false,"template":"","format":"standard","meta":{"ngg_post_thumbnail":0,"footnotes":""},"categories":[1,3],"tags":[5,24,88,98,97,86,87,89],"class_list":["post-2492","post","type-post","status-publish","format-standard","has-post-thumbnail","hentry","category-allgemein","category-erntefest","tag-bassen","tag-blocks-huus","tag-disko","tag-ernte-party","tag-erntedisco","tag-erntefest-2012","tag-freitag-disco","tag-korn3"],"_links":{"self":[{"href":"https:\/\/www.events-bassen.de\/index.php?rest_route=\/wp\/v2\/posts\/2492","targetHints":{"allow":["GET"]}}],"collection":[{"href":"https:\/\/www.events-bassen.de\/index.php?rest_route=\/wp\/v2\/posts"}],"about":[{"href":"https:\/\/www.events-bassen.de\/index.php?rest_route=\/wp\/v2\/types\/post"}],"author":[{"embeddable":true,"href":"https:\/\/www.events-bassen.de\/index.php?rest_route=\/wp\/v2\/users\/1"}],"replies":[{"embeddable":true,"href":"https:\/\/www.events-bassen.de\/index.php?rest_route=%2Fwp%2Fv2%2Fcomments&post=2492"}],"version-history":[{"count":12,"href":"https:\/\/www.events-bassen.de\/index.php?rest_route=\/wp\/v2\/posts\/2492\/revisions"}],"predecessor-version":[{"id":15218,"href":"https:\/\/www.events-bassen.de\/index.php?rest_route=\/wp\/v2\/posts\/2492\/revisions\/15218"}],"wp:featuredmedia":[{"embeddable":true,"href":"https:\/\/www.events-bassen.de\/index.php?rest_route=\/wp\/v2\/media\/3681"}],"wp:attachment":[{"href":"https:\/\/www.events-bassen.de\/index.php?rest_route=%2Fwp%2Fv2%2Fmedia&parent=2492"}],"wp:term":[{"taxonomy":"category","embeddable":true,"href":"https:\/\/www.events-bassen.de\/index.php?rest_route=%2Fwp%2Fv2%2Fcategories&post=2492"},{"taxonomy":"post_tag","embeddable":true,"href":"https:\/\/www.events-bassen.de\/index.php?rest_route=%2Fwp%2Fv2%2Ftags&post=2492"}],"curies":[{"name":"wp","href":"https:\/\/api.w.org\/{rel}","templated":true}]}}