{"id":26443,"date":"2022-08-15T16:49:58","date_gmt":"2022-08-15T16:49:58","guid":{"rendered":"http:\/\/www.events-bassen.de\/?p=26443"},"modified":"2022-08-15T16:54:00","modified_gmt":"2022-08-15T16:54:00","slug":"die-patzer-rock-im-duerings-park","status":"publish","type":"post","link":"https:\/\/www.events-bassen.de\/?p=26443","title":{"rendered":"Die Patzer &#8211; Rock im D\u00fcrings Park"},"content":{"rendered":"<p style=\"text-align: justify;\">Wer kennt sie nicht &#8211; Die Patzer &#8211; aus Bassen! Nach fast 3 Jahren ohne Live Auftritt konnten die Patzer am 13.08.2022 endlich wieder auf der B\u00fchne stehen und so richtig abrocken! Bei Rock im D\u00fcrings Park waren die Patzer somit genau richtig&#8230;<br \/>\nUm 18:30 Uhr wurde das kleine Rockfestival in Achim-Baden von der Ottersberger Sch\u00fclerband &#8222;Project Five&#8220; er\u00f6ffnet. Die 5 Teenager mit ihrer S\u00e4ngerin legten einen ordentlichen Start hin und machten dem Publikum Lust auf mehr. Nach einer kurzen Umbauphase ging es weiter im Programm.<!--more--><br \/>\n&#8222;VERrockt&#8220; spielte an diesem Abend als zweite Band ihre selbstgeschriebenen Songs, sowie auch Coversongs in ihrer eigenen rockigen oder punkigen Version. Das ging alles super ins Ohr und man hatte Spa\u00df daran, den vier Musikern dabei zuzusehen &#8211; geile Nummer!<br \/>\nAls Headliner an diesem Abend pr\u00e4sentierten sich die Patzer ab 21 Uhr Ortszeit auf der Waldb\u00fchne und lie\u00dfen es ordentlich krachen. Die eigentlich sechsk\u00f6pfige Band startete den Abend leider nur zu f\u00fcnft, da es einen krankheitsbedingten Ausfall gab (gute Besserung). Der Einstieg mit Inside von Stiltskin, lie\u00df das Publikum nicht los und viele der fast 500 Zuschauer sangen und tanzten mit. Die Setlist der Patzer lie\u00df keine W\u00fcnsche offen, denn es standen noch AC\/DC, Metallica, Pearl Jam, New Model Army und viele weitere Interpreten auf dem Programm. Nach \u00fcber einer Stunde sollte dann Schlu\u00df sein &#8211; aber Nein es wurde um Zugabe gerufen, die prompt erf\u00fcllt wurde. Somit endete gegen 22:25 Uhr der Live Auftritt der Patzer aus Bassen&#8230;<br \/>\nDanke Jungs es war ein toller Abend mit euch!<\/p>\n<p><span style=\"color: #ff6600;\">Falls hier Fotos eingestellt wurden, die nicht \u00f6ffentlich zu sehen sein sollen, bitte kurze Info an mich. Ich werde die Fotos dann umgehend entfernen.<\/span> <a href=\"mailto:info@fotolabsie.de\" target=\"_blank\" rel=\"noopener\">info@fotolabsie.de<\/a><\/p>\n<p>ngg_shortcode_0_placeholderngg_shortcode_1_placeholderngg_shortcode_2_placeholder<\/p>\n","protected":false},"excerpt":{"rendered":"<p>Wer kennt sie nicht &#8211; Die Patzer &#8211; aus Bassen! Nach fast 3 Jahren ohne Live Auftritt konnten die Patzer am 13.08.2022 endlich wieder auf der B\u00fchne stehen und so richtig abrocken! Bei Rock im D\u00fcrings Park waren die Patzer somit genau richtig&#8230; Um 18:30 Uhr wurde das kleine Rockfestival in Achim-Baden von der Ottersberger [&hellip;]<\/p>\n","protected":false},"author":1,"featured_media":26483,"comment_status":"open","ping_status":"open","sticky":false,"template":"","format":"standard","meta":{"ngg_post_thumbnail":0,"footnotes":""},"categories":[13,240],"tags":[299,196,241,298,300],"class_list":["post-26443","post","type-post","status-publish","format-standard","has-post-thumbnail","hentry","category-die-patzer","category-live-musik","tag-band-aus-bassen","tag-die-patzer","tag-live-musik","tag-rock-im-duerungs-park","tag-rockmusik"],"_links":{"self":[{"href":"https:\/\/www.events-bassen.de\/index.php?rest_route=\/wp\/v2\/posts\/26443","targetHints":{"allow":["GET"]}}],"collection":[{"href":"https:\/\/www.events-bassen.de\/index.php?rest_route=\/wp\/v2\/posts"}],"about":[{"href":"https:\/\/www.events-bassen.de\/index.php?rest_route=\/wp\/v2\/types\/post"}],"author":[{"embeddable":true,"href":"https:\/\/www.events-bassen.de\/index.php?rest_route=\/wp\/v2\/users\/1"}],"replies":[{"embeddable":true,"href":"https:\/\/www.events-bassen.de\/index.php?rest_route=%2Fwp%2Fv2%2Fcomments&post=26443"}],"version-history":[{"count":7,"href":"https:\/\/www.events-bassen.de\/index.php?rest_route=\/wp\/v2\/posts\/26443\/revisions"}],"predecessor-version":[{"id":26484,"href":"https:\/\/www.events-bassen.de\/index.php?rest_route=\/wp\/v2\/posts\/26443\/revisions\/26484"}],"wp:featuredmedia":[{"embeddable":true,"href":"https:\/\/www.events-bassen.de\/index.php?rest_route=\/wp\/v2\/media\/26483"}],"wp:attachment":[{"href":"https:\/\/www.events-bassen.de\/index.php?rest_route=%2Fwp%2Fv2%2Fmedia&parent=26443"}],"wp:term":[{"taxonomy":"category","embeddable":true,"href":"https:\/\/www.events-bassen.de\/index.php?rest_route=%2Fwp%2Fv2%2Fcategories&post=26443"},{"taxonomy":"post_tag","embeddable":true,"href":"https:\/\/www.events-bassen.de\/index.php?rest_route=%2Fwp%2Fv2%2Ftags&post=26443"}],"curies":[{"name":"wp","href":"https:\/\/api.w.org\/{rel}","templated":true}]}}