{"id":26489,"date":"2022-09-04T19:45:16","date_gmt":"2022-09-04T19:45:16","guid":{"rendered":"http:\/\/www.events-bassen.de\/?p=26489"},"modified":"2022-11-14T18:34:12","modified_gmt":"2022-11-14T18:34:12","slug":"erntefest-2022-kranzbinden","status":"publish","type":"post","link":"https:\/\/www.events-bassen.de\/?p=26489","title":{"rendered":"Erntefest 2022 &#8211; Kranzbinden"},"content":{"rendered":"<p style=\"text-align: justify;\">Nach 2 Jahren ohne Erntefest, k\u00f6nnen wir nun endlich wieder feiern und das haben die Bassener mit Sicherheit nicht verlernt!&nbsp;<br \/>\nDie Erntefahnen wurden dieses Jahr p\u00fcnktlich um 19:30 Uhr empor gezogen. Das Erntepaar Bea und Patrick er\u00f6ffneten somit offiziell das Erntefest 2022 in Bassen mit dem Hissen der beiden Erntefahnen am Blocks Huus. <!--more-->Danach wurde mit dem Binden des Erntekranzes begonnen. Nat\u00fcrlich gab es wieder ein 50l Fass Freibier, das von Leon Knobelsdorf gespendet wurde. Der Anstich wurde durch den Erntebr\u00e4utigam mit einem Holzhammer durchgef\u00fchrt, der erste Schlag sa\u00df und das Bier floss &#8211; eine wilkommene St\u00e4rkung f\u00fcr die Helferinnen und Helfer. Nachdem der Kranz gebunden war durfte der Ehrentanz des Braupaares nicht fehlen. Jetzt seht selbst was noch so passierte und wer so alles dabei war.<\/p>\n<p style=\"text-align: justify;\"><span style=\"color: #ff6600;\">Falls hier Fotos eingestellt wurden, die nicht \u00f6ffentlich zu sehen sein sollen, bitte kurze Info an mich. Ich werde die Fotos dann umgehend entfernen. <a href=\"mailto:info@fotolabsie.de\" target=\"_blank\" rel=\"noopener\">info@fotolabsie.de<\/a><\/span><\/p>\nngg_shortcode_0_placeholder\n","protected":false},"excerpt":{"rendered":"<p>Nach 2 Jahren ohne Erntefest, k\u00f6nnen wir nun endlich wieder feiern und das haben die Bassener mit Sicherheit nicht verlernt!&nbsp; Die Erntefahnen wurden dieses Jahr p\u00fcnktlich um 19:30 Uhr empor gezogen. Das Erntepaar Bea und Patrick er\u00f6ffneten somit offiziell das Erntefest 2022 in Bassen mit dem Hissen der beiden Erntefahnen am Blocks Huus.<\/p>\n","protected":false},"author":1,"featured_media":27195,"comment_status":"open","ping_status":"open","sticky":false,"template":"","format":"standard","meta":{"ngg_post_thumbnail":0,"footnotes":""},"categories":[1,239,278,3],"tags":[5,24,257,258,195,92],"class_list":["post-26489","post","type-post","status-publish","format-standard","has-post-thumbnail","hentry","category-allgemein","category-bassen","category-blocks-huus","category-erntefest","tag-bassen","tag-blocks-huus","tag-erntebraut","tag-erntebraeutigam","tag-erntefest","tag-erntekrone"],"_links":{"self":[{"href":"https:\/\/www.events-bassen.de\/index.php?rest_route=\/wp\/v2\/posts\/26489","targetHints":{"allow":["GET"]}}],"collection":[{"href":"https:\/\/www.events-bassen.de\/index.php?rest_route=\/wp\/v2\/posts"}],"about":[{"href":"https:\/\/www.events-bassen.de\/index.php?rest_route=\/wp\/v2\/types\/post"}],"author":[{"embeddable":true,"href":"https:\/\/www.events-bassen.de\/index.php?rest_route=\/wp\/v2\/users\/1"}],"replies":[{"embeddable":true,"href":"https:\/\/www.events-bassen.de\/index.php?rest_route=%2Fwp%2Fv2%2Fcomments&post=26489"}],"version-history":[{"count":6,"href":"https:\/\/www.events-bassen.de\/index.php?rest_route=\/wp\/v2\/posts\/26489\/revisions"}],"predecessor-version":[{"id":26894,"href":"https:\/\/www.events-bassen.de\/index.php?rest_route=\/wp\/v2\/posts\/26489\/revisions\/26894"}],"wp:featuredmedia":[{"embeddable":true,"href":"https:\/\/www.events-bassen.de\/index.php?rest_route=\/wp\/v2\/media\/27195"}],"wp:attachment":[{"href":"https:\/\/www.events-bassen.de\/index.php?rest_route=%2Fwp%2Fv2%2Fmedia&parent=26489"}],"wp:term":[{"taxonomy":"category","embeddable":true,"href":"https:\/\/www.events-bassen.de\/index.php?rest_route=%2Fwp%2Fv2%2Fcategories&post=26489"},{"taxonomy":"post_tag","embeddable":true,"href":"https:\/\/www.events-bassen.de\/index.php?rest_route=%2Fwp%2Fv2%2Ftags&post=26489"}],"curies":[{"name":"wp","href":"https:\/\/api.w.org\/{rel}","templated":true}]}}