{"id":26895,"date":"2022-09-04T20:11:55","date_gmt":"2022-09-04T20:11:55","guid":{"rendered":"http:\/\/www.events-bassen.de\/?p=26895"},"modified":"2022-11-14T18:34:42","modified_gmt":"2022-11-14T18:34:42","slug":"erntefest-2022-der-umzug","status":"publish","type":"post","link":"https:\/\/www.events-bassen.de\/?p=26895","title":{"rendered":"Erntefest 2022 &#8211; Der Umzug"},"content":{"rendered":"<p style=\"text-align: justify;\">Dieses Jahr fand der Ernteumzug unter ge\u00e4nderten Bedingungen statt, da es einige neue Vorgaben des Ordnungsamtes gab. Die Anzahl der Erntewagen wurde auf 40 Erwachsenenwagen plus Kinderwagen gedeckelt. Es sollten nur noch maximal 20 Personen auf den Erntewagen mitfahren, au\u00dferdem waren keine langweiligen Holzplattenwagen mehr gew\u00fcnscht. Ja, es \u00e4ndert sich auch mal etwas, aber das hat alles sehr gut geklappt. <!--more-->Es waren wieder viele wundersch\u00f6ne Erntewagen mit fantastisch verkleideten Teilnehmerinnen und Teilnehmern dabei &#8211; Hut ab wie viel Zeit ihr investiert habt um uns einen sch\u00f6nen Umzug zu erm\u00f6glichen. Dieses Jahr habe ich 4 Kinderwagen und 35 Erwachsenenwagen gez\u00e4hlt, ich hoffe das das richtig ist !? Anmeldungen gab es allerdings f\u00fcr 40 Erntewagen.<\/p>\n<p>Platzierungen der Kinderwagen:<\/p>\n<ol>\n<li>Bassener H\u00fchnerstall 10 Punkte<\/li>\n<li>Gr\u00fcne Jugend 9 Punkte<\/li>\n<li>Fu\u00dfballcamp &amp; Superhelden Bassen Beide 6 Punkte<\/li>\n<\/ol>\n<p>Platzierungen der Erwachsenenwagen:<\/p>\n<ol>\n<li>Erntegl\u00fcck 143 Punkte<\/li>\n<li>Erntevampire 131 Punkte<\/li>\n<li>Eisk\u00f6nigin 128 Punkte<\/li>\n<li>Wild Life 108 Punkte<\/li>\n<li>Schweben im Zauberwald 100 Punkte<\/li>\n<li>Benjamin Bl\u00fcmchen &amp; Harry Potter Beide 52 Punkte<\/li>\n<li>Heu Ernte wie fr\u00fcher 36 Punkte<\/li>\n<li>Layla 29 Punkte<\/li>\n<li>Zaubergarten 26 Punkte<\/li>\n<li>Reitstall Bischoff 21 Punkte<\/li>\n<\/ol>\n<p><span style=\"color: #ff6600;\">Falls hier Fotos eingestellt wurden, die nicht \u00f6ffentlich zu sehen sein sollen, bitte kurze Info an mich. Ich werde die Fotos dann umgehend entfernen.<\/span> <a href=\"mailto:info@fotolabsie.de\" target=\"_blank\" rel=\"noopener\">info@fotolabsie.de<\/a><\/p>\nngg_shortcode_0_placeholder\n","protected":false},"excerpt":{"rendered":"<p>Dieses Jahr fand der Ernteumzug unter ge\u00e4nderten Bedingungen statt, da es einige neue Vorgaben des Ordnungsamtes gab. Die Anzahl der Erntewagen wurde auf 40 Erwachsenenwagen plus Kinderwagen gedeckelt. Es sollten nur noch maximal 20 Personen auf den Erntewagen mitfahren, au\u00dferdem waren keine langweiligen Holzplattenwagen mehr gew\u00fcnscht. Ja, es \u00e4ndert sich auch mal etwas, aber das [&hellip;]<\/p>\n","protected":false},"author":1,"featured_media":27197,"comment_status":"open","ping_status":"open","sticky":false,"template":"","format":"standard","meta":{"ngg_post_thumbnail":0,"footnotes":""},"categories":[1,239,278,3],"tags":[5,24,98,257,258,195,9,6],"class_list":["post-26895","post","type-post","status-publish","format-standard","has-post-thumbnail","hentry","category-allgemein","category-bassen","category-blocks-huus","category-erntefest","tag-bassen","tag-blocks-huus","tag-ernte-party","tag-erntebraut","tag-erntebraeutigam","tag-erntefest","tag-erntepaar","tag-umzug"],"_links":{"self":[{"href":"https:\/\/www.events-bassen.de\/index.php?rest_route=\/wp\/v2\/posts\/26895","targetHints":{"allow":["GET"]}}],"collection":[{"href":"https:\/\/www.events-bassen.de\/index.php?rest_route=\/wp\/v2\/posts"}],"about":[{"href":"https:\/\/www.events-bassen.de\/index.php?rest_route=\/wp\/v2\/types\/post"}],"author":[{"embeddable":true,"href":"https:\/\/www.events-bassen.de\/index.php?rest_route=\/wp\/v2\/users\/1"}],"replies":[{"embeddable":true,"href":"https:\/\/www.events-bassen.de\/index.php?rest_route=%2Fwp%2Fv2%2Fcomments&post=26895"}],"version-history":[{"count":2,"href":"https:\/\/www.events-bassen.de\/index.php?rest_route=\/wp\/v2\/posts\/26895\/revisions"}],"predecessor-version":[{"id":26925,"href":"https:\/\/www.events-bassen.de\/index.php?rest_route=\/wp\/v2\/posts\/26895\/revisions\/26925"}],"wp:featuredmedia":[{"embeddable":true,"href":"https:\/\/www.events-bassen.de\/index.php?rest_route=\/wp\/v2\/media\/27197"}],"wp:attachment":[{"href":"https:\/\/www.events-bassen.de\/index.php?rest_route=%2Fwp%2Fv2%2Fmedia&parent=26895"}],"wp:term":[{"taxonomy":"category","embeddable":true,"href":"https:\/\/www.events-bassen.de\/index.php?rest_route=%2Fwp%2Fv2%2Fcategories&post=26895"},{"taxonomy":"post_tag","embeddable":true,"href":"https:\/\/www.events-bassen.de\/index.php?rest_route=%2Fwp%2Fv2%2Ftags&post=26895"}],"curies":[{"name":"wp","href":"https:\/\/api.w.org\/{rel}","templated":true}]}}