{"id":26926,"date":"2022-09-04T20:20:45","date_gmt":"2022-09-04T20:20:45","guid":{"rendered":"http:\/\/www.events-bassen.de\/?p=26926"},"modified":"2022-11-14T18:35:14","modified_gmt":"2022-11-14T18:35:14","slug":"erntefest-2022-fruehschoppen","status":"publish","type":"post","link":"https:\/\/www.events-bassen.de\/?p=26926","title":{"rendered":"Erntefest 2022 &#8211; Fr\u00fchschoppen"},"content":{"rendered":"<p style=\"text-align: justify;\">Der Fr\u00fchschoppen startete dieses Jahr bei allerbestem Wetter. Mit Musik und k\u00fchlen Getr\u00e4nken wurden alle noch trinkfesten Bewohner aus Bassen und Umzu zum letzten Mal auf den Festplatz von Blocks Huus gelockt. Zum Mittag gab es Erbsensuppe und am Nachmittag noch Kaffee und Kuchen. <!--more-->Gegen 17:30 Uhr wurde heute die Erntefahne eingeholt und das Bassener Erntefest beendet. Das Team vom Festwirt Benjamin Michaelis bedankt sich bei allen, die zu einem guten und ruhigen Gelingen beigetragen haben!<\/p>\n<p style=\"text-align: justify;\"><span style=\"color: #ff6600;\">Falls hier Fotos eingestellt wurden, die nicht \u00f6ffentlich zu sehen sein sollen, bitte kurze Info an mich. Ich werde die Fotos dann umgehend entfernen.<\/span> <a href=\"mailto:info@fotolabsie.de\" target=\"_blank\" rel=\"noopener\">info@fotolabsie.de<\/a><\/p>\nngg_shortcode_0_placeholder\n","protected":false},"excerpt":{"rendered":"<p>Der Fr\u00fchschoppen startete dieses Jahr bei allerbestem Wetter. Mit Musik und k\u00fchlen Getr\u00e4nken wurden alle noch trinkfesten Bewohner aus Bassen und Umzu zum letzten Mal auf den Festplatz von Blocks Huus gelockt. Zum Mittag gab es Erbsensuppe und am Nachmittag noch Kaffee und Kuchen.<\/p>\n","protected":false},"author":1,"featured_media":27196,"comment_status":"open","ping_status":"open","sticky":false,"template":"","format":"standard","meta":{"ngg_post_thumbnail":0,"footnotes":""},"categories":[1,239,3],"tags":[5,24,257,258,195,92,9,152],"class_list":["post-26926","post","type-post","status-publish","format-standard","has-post-thumbnail","hentry","category-allgemein","category-bassen","category-erntefest","tag-bassen","tag-blocks-huus","tag-erntebraut","tag-erntebraeutigam","tag-erntefest","tag-erntekrone","tag-erntepaar","tag-fruehschoppen"],"_links":{"self":[{"href":"https:\/\/www.events-bassen.de\/index.php?rest_route=\/wp\/v2\/posts\/26926","targetHints":{"allow":["GET"]}}],"collection":[{"href":"https:\/\/www.events-bassen.de\/index.php?rest_route=\/wp\/v2\/posts"}],"about":[{"href":"https:\/\/www.events-bassen.de\/index.php?rest_route=\/wp\/v2\/types\/post"}],"author":[{"embeddable":true,"href":"https:\/\/www.events-bassen.de\/index.php?rest_route=\/wp\/v2\/users\/1"}],"replies":[{"embeddable":true,"href":"https:\/\/www.events-bassen.de\/index.php?rest_route=%2Fwp%2Fv2%2Fcomments&post=26926"}],"version-history":[{"count":2,"href":"https:\/\/www.events-bassen.de\/index.php?rest_route=\/wp\/v2\/posts\/26926\/revisions"}],"predecessor-version":[{"id":26928,"href":"https:\/\/www.events-bassen.de\/index.php?rest_route=\/wp\/v2\/posts\/26926\/revisions\/26928"}],"wp:featuredmedia":[{"embeddable":true,"href":"https:\/\/www.events-bassen.de\/index.php?rest_route=\/wp\/v2\/media\/27196"}],"wp:attachment":[{"href":"https:\/\/www.events-bassen.de\/index.php?rest_route=%2Fwp%2Fv2%2Fmedia&parent=26926"}],"wp:term":[{"taxonomy":"category","embeddable":true,"href":"https:\/\/www.events-bassen.de\/index.php?rest_route=%2Fwp%2Fv2%2Fcategories&post=26926"},{"taxonomy":"post_tag","embeddable":true,"href":"https:\/\/www.events-bassen.de\/index.php?rest_route=%2Fwp%2Fv2%2Ftags&post=26926"}],"curies":[{"name":"wp","href":"https:\/\/api.w.org\/{rel}","templated":true}]}}