{"id":26990,"date":"2022-11-13T18:19:22","date_gmt":"2022-11-13T18:19:22","guid":{"rendered":"http:\/\/www.events-bassen.de\/?p=26990"},"modified":"2022-11-14T14:43:26","modified_gmt":"2022-11-14T14:43:26","slug":"nachtmarsch-2022","status":"publish","type":"post","link":"https:\/\/www.events-bassen.de\/?p=26990","title":{"rendered":"Nachtmarsch 2022"},"content":{"rendered":"<h3 style=\"text-align: center;\">Juhu! Die beste Nachricht des Jahres:<br \/>\n&#8222;Es wird wieder einen Nachtmarsch in Bassen geben.&#8220;<\/h3>\n<p style=\"text-align: justify;\">Die freiwillige Feuerwehr Bassen hat es wieder einmal geschafft einen tollen abwechslungsreichen 18. Nachtmarsch zu organisieren. Ein RIESEN Dankesch\u00f6n an das Orga-Team und alle Helferinnen und Helfer, die es m\u00f6glich gemacht haben, dass alle Gruppen einen wundersch\u00f6nen Abend in Bassen verbringen konnten.<!--more--><\/p>\n<p style=\"text-align: justify;\">2022 hatten sich insgesamt 49 Feuerwehr- und private Gruppen angemeldet, von diesen Gruppen sind am Freitag, den 11.12.22 allerdings nur 44 angetreten. Treffpunkt war wie immer die Scheune von Blocks Huus, in der sich die Registrierung f\u00fcr den Nachtmarsch befand. Jede Gruppe wurde fotografiert und bekam ihre Unterlagen mit der Laufroute, sowie den Punktevergabezettel. Die erste Gruppe startete um 18:44 Uhr und verlie\u00df die Scheune von Blocks Huus in Richtung der 1. Station. Die letzte Gruppe verlie\u00df Blocks Huus erst um 20:56 Uhr. Die schnellste Gruppe brauchte 2 Stunden 21 Minuten und die langsamste Gruppe ben\u00f6tigte 6 Stunden und 2 Minuten (Was ist denn da passiert?)<\/p>\n<p>Insgesamt gab es 19 private Gruppen und 25 Feuerwehr Gruppen.<\/p>\n<p><span style=\"color: #ff6600;\">Falls hier Fotos eingestellt wurden, die nicht \u00f6ffentlich zu sehen sein sollen, bitte kurze Info an mich.<br \/>\nIch werde die Fotos dann umgehend entfernen.<\/span> <a href=\"mailto:info@fotolabsie.de\" target=\"_blank\" rel=\"noopener\">info@fotolabsie.de<\/a><\/p>\n<p><strong>Gewinner der privaten Gruppen sind:<\/strong><\/p>\n<ol>\n<li>(169,0) TSV Unicorn<\/li>\n<li>(160,5) Schutzheiligen der Matjesverk\u00e4ufer<\/li>\n<li>(152,5) Moorflitzer<\/li>\n<li>(150,5) FFalla<\/li>\n<li>(138,5) K\u00f6rperkult<\/li>\n<li>(138,0) Worpsweder Perle<\/li>\n<li>(127,5) Die wilden Vinos<\/li>\n<li>(126,0) Hassaaan! <strong>&amp;<\/strong> Kampers Moonwalkers<\/li>\n<li>&nbsp;<\/li>\n<li>(124,5) 7 Zwerge<\/li>\n<\/ol>\n<p><strong>Gewinner der Feuerwehrgruppen sind:<\/strong><\/p>\n<ol>\n<li>(167,5) Feuerwehr Worphausen<\/li>\n<li>(163,0) Uphusen III<\/li>\n<li>(157,5) Achim<\/li>\n<li>(155,5) Uphusen II<\/li>\n<li>(150,0) Uphusen I<\/li>\n<li>(148,5) Bierden II<\/li>\n<li>(146,0) Neddenaverbergen <strong>&amp;<\/strong> Oyten I<\/li>\n<li>&nbsp;<\/li>\n<li>(144,0) Wulmstorf<\/li>\n<li>(142,5) Eissel I<\/li>\n<\/ol>\n<p>ngg_shortcode_0_placeholderngg_shortcode_1_placeholder<\/p>\n","protected":false},"excerpt":{"rendered":"<p>Juhu! Die beste Nachricht des Jahres: &#8222;Es wird wieder einen Nachtmarsch in Bassen geben.&#8220; Die freiwillige Feuerwehr Bassen hat es wieder einmal geschafft einen tollen abwechslungsreichen 18. Nachtmarsch zu organisieren. Ein RIESEN Dankesch\u00f6n an das Orga-Team und alle Helferinnen und Helfer, die es m\u00f6glich gemacht haben, dass alle Gruppen einen wundersch\u00f6nen Abend in Bassen verbringen [&hellip;]<\/p>\n","protected":false},"author":1,"featured_media":27194,"comment_status":"open","ping_status":"open","sticky":false,"template":"","format":"standard","meta":{"ngg_post_thumbnail":0,"footnotes":""},"categories":[1,278,84,21],"tags":[24,199,25,301,302],"class_list":["post-26990","post","type-post","status-publish","format-standard","has-post-thumbnail","hentry","category-allgemein","category-blocks-huus","category-feuerwehr-bassen","category-nachtmarsch","tag-blocks-huus","tag-feuerwehr-bassen","tag-feuerwehr-worphausen","tag-nachtmarsch-2022","tag-tsv-unicorn"],"_links":{"self":[{"href":"https:\/\/www.events-bassen.de\/index.php?rest_route=\/wp\/v2\/posts\/26990","targetHints":{"allow":["GET"]}}],"collection":[{"href":"https:\/\/www.events-bassen.de\/index.php?rest_route=\/wp\/v2\/posts"}],"about":[{"href":"https:\/\/www.events-bassen.de\/index.php?rest_route=\/wp\/v2\/types\/post"}],"author":[{"embeddable":true,"href":"https:\/\/www.events-bassen.de\/index.php?rest_route=\/wp\/v2\/users\/1"}],"replies":[{"embeddable":true,"href":"https:\/\/www.events-bassen.de\/index.php?rest_route=%2Fwp%2Fv2%2Fcomments&post=26990"}],"version-history":[{"count":15,"href":"https:\/\/www.events-bassen.de\/index.php?rest_route=\/wp\/v2\/posts\/26990\/revisions"}],"predecessor-version":[{"id":27193,"href":"https:\/\/www.events-bassen.de\/index.php?rest_route=\/wp\/v2\/posts\/26990\/revisions\/27193"}],"wp:featuredmedia":[{"embeddable":true,"href":"https:\/\/www.events-bassen.de\/index.php?rest_route=\/wp\/v2\/media\/27194"}],"wp:attachment":[{"href":"https:\/\/www.events-bassen.de\/index.php?rest_route=%2Fwp%2Fv2%2Fmedia&parent=26990"}],"wp:term":[{"taxonomy":"category","embeddable":true,"href":"https:\/\/www.events-bassen.de\/index.php?rest_route=%2Fwp%2Fv2%2Fcategories&post=26990"},{"taxonomy":"post_tag","embeddable":true,"href":"https:\/\/www.events-bassen.de\/index.php?rest_route=%2Fwp%2Fv2%2Ftags&post=26990"}],"curies":[{"name":"wp","href":"https:\/\/api.w.org\/{rel}","templated":true}]}}