{"id":27199,"date":"2022-12-12T16:28:05","date_gmt":"2022-12-12T16:28:05","guid":{"rendered":"http:\/\/www.events-bassen.de\/?p=27199"},"modified":"2022-12-12T16:56:22","modified_gmt":"2022-12-12T16:56:22","slug":"lichterfahrt-2-0","status":"publish","type":"post","link":"https:\/\/www.events-bassen.de\/?p=27199","title":{"rendered":"Lichterfahrt 2.0"},"content":{"rendered":"<p>Am Sonntag, den 11.12.2022 fand die Lichterfahrt 2.0 durch Oyten und Bassen statt, die von der Landjugend W\u00fcmme\/Weser und der Dorfgemeinschaft Bassen organisiert wurde. Treffen war um 16:30 Uhr auf dem gro\u00dfen Parkplatz bei Combi in Oyten. Nach einer kurzen Ansprache der Organisatoren setzte sich der Zug in Bewegung und startete in Richtung W\u00e4chterstra\u00dfe.&nbsp; Anschlie\u00dfend fuhren die weihnachtlich geschm\u00fcckten Fahrzeuge eine knapp 21 km lange Route quer durch Oyten, Schaphusen und Bassen. <!--more-->An den Stra\u00dfenr\u00e4ndern standen die Bewohnerinnen und Bewohner, sowie zahlreiche angereiste Zuschauer aus dem Umland und konnten das wundersch\u00f6ne Lichterspiel beobachten. <span id=\"more-26273\"><\/span>Leuchtende Kinderaugen waren \u00fcberall zu sehen und \u201eSchau mal Mama \u2013 das leuchtet aber sch\u00f6n\u201c zu h\u00f6ren! An der Lichterfahrt 2.0 fuhren etwa 120 Traktoren, Schlepper und Autos mit.<br \/>\nAm Ende der Tour, auf dem Penny Parkplatz, unterst\u00fctzte DJ Marcus Winter die ankommenden Teilnehmerinnen und Teilnehmer des Umzuges mit weihnachtlicher Popmusik und einer tollen Beleuchtung. Zum ersten Mal dabei war der German Brat Foodtruck von Andre, der mit Bratwurst und\/oder Pommes nach einer langen Fahrt f\u00fcr St\u00e4rkung sorgte.&nbsp;<br \/>\nEin gro\u00dfer Dank geht wieder an alle Teilnehmerinnen und Teilnehmer, die mit viel Liebe zum Detail ihre Fahrzeuge geschm\u00fcckt haben und nat\u00fcrlich an die Organisatoren. Au\u00dferdem an die Teilnehmer, die extra aus Stade angereist waren, um uns hier mit ihren Zugmaschinen zu unterst\u00fctzen.<br \/>\nZum Schluss wollen wir nicht die Polizei &amp; Feuerwehr vergessen, die unseren Umzug ordentlich abgesichert haben!<\/p>\n<p>Wir freuen uns heute schon auf das n\u00e4chste Jahr, wenn es wieder hei\u00dft \u201eLichterfahrt 3.0 !!!\u201c<\/p>\n<p class=\"has-text-color has-luminous-vivid-orange-color\"><span style=\"color: #ff6600;\"><a style=\"color: #ff6600;\" href=\"http:\/\/www.events-bassen.de\/info@fotolabsie.de\">DSGVO: Falls hier Fotos eingestellt wurden, die nicht \u00f6ffentlich zu sehen sein sollen, bitte kurze Info an mich. Ich werde die Fotos dann umgehend entfernen.&nbsp;<\/a><a style=\"color: #ff6600;\" href=\"mailto: info@fotolabsie.de\">info@fotolabsie.de<\/a><\/span><\/p>\nngg_shortcode_0_placeholder\n","protected":false},"excerpt":{"rendered":"<p>Am Sonntag, den 11.12.2022 fand die Lichterfahrt 2.0 durch Oyten und Bassen statt, die von der Landjugend W\u00fcmme\/Weser und der Dorfgemeinschaft Bassen organisiert wurde. Treffen war um 16:30 Uhr auf dem gro\u00dfen Parkplatz bei Combi in Oyten. Nach einer kurzen Ansprache der Organisatoren setzte sich der Zug in Bewegung und startete in Richtung W\u00e4chterstra\u00dfe.&nbsp; Anschlie\u00dfend [&hellip;]<\/p>\n","protected":false},"author":1,"featured_media":27315,"comment_status":"open","ping_status":"open","sticky":false,"template":"","format":"standard","meta":{"ngg_post_thumbnail":0,"footnotes":""},"categories":[1,239,295],"tags":[5,304,305,303,42,6],"class_list":["post-27199","post","type-post","status-publish","format-standard","has-post-thumbnail","hentry","category-allgemein","category-bassen","category-lichterfahrt","tag-bassen","tag-dj-marcus-winter","tag-german-brat-foodtruck","tag-lichterfahrt-2-0","tag-oyten","tag-umzug"],"_links":{"self":[{"href":"https:\/\/www.events-bassen.de\/index.php?rest_route=\/wp\/v2\/posts\/27199","targetHints":{"allow":["GET"]}}],"collection":[{"href":"https:\/\/www.events-bassen.de\/index.php?rest_route=\/wp\/v2\/posts"}],"about":[{"href":"https:\/\/www.events-bassen.de\/index.php?rest_route=\/wp\/v2\/types\/post"}],"author":[{"embeddable":true,"href":"https:\/\/www.events-bassen.de\/index.php?rest_route=\/wp\/v2\/users\/1"}],"replies":[{"embeddable":true,"href":"https:\/\/www.events-bassen.de\/index.php?rest_route=%2Fwp%2Fv2%2Fcomments&post=27199"}],"version-history":[{"count":2,"href":"https:\/\/www.events-bassen.de\/index.php?rest_route=\/wp\/v2\/posts\/27199\/revisions"}],"predecessor-version":[{"id":27314,"href":"https:\/\/www.events-bassen.de\/index.php?rest_route=\/wp\/v2\/posts\/27199\/revisions\/27314"}],"wp:featuredmedia":[{"embeddable":true,"href":"https:\/\/www.events-bassen.de\/index.php?rest_route=\/wp\/v2\/media\/27315"}],"wp:attachment":[{"href":"https:\/\/www.events-bassen.de\/index.php?rest_route=%2Fwp%2Fv2%2Fmedia&parent=27199"}],"wp:term":[{"taxonomy":"category","embeddable":true,"href":"https:\/\/www.events-bassen.de\/index.php?rest_route=%2Fwp%2Fv2%2Fcategories&post=27199"},{"taxonomy":"post_tag","embeddable":true,"href":"https:\/\/www.events-bassen.de\/index.php?rest_route=%2Fwp%2Fv2%2Ftags&post=27199"}],"curies":[{"name":"wp","href":"https:\/\/api.w.org\/{rel}","templated":true}]}}