{"id":27507,"date":"2023-06-26T11:04:50","date_gmt":"2023-06-26T11:04:50","guid":{"rendered":"http:\/\/www.events-bassen.de\/?p=27507"},"modified":"2023-07-01T15:41:21","modified_gmt":"2023-07-01T15:41:21","slug":"mittsommertanz-2023","status":"publish","type":"post","link":"https:\/\/www.events-bassen.de\/?p=27507","title":{"rendered":"Mittsommertanz 2023"},"content":{"rendered":"<p style=\"text-align: justify;\">Von der Dorfgemeinschaft mit vielen freiwilligen Helfern organisiert, startete die zweite Auflage des Bassener Mittsommertanzes am 24. Juni in der Scheune und Vorplatz von Blocks Huus.<br \/>\nUm 15 Uhr \u00f6ffneten sich die Tore und die ersten G\u00e4ste trafen ein. Unterst\u00fctzt von einem Security-Team lief der Mittsommertanz in sehr entspannter Athmosph\u00e4re ab.<!--more--><\/p>\n<p style=\"text-align: justify;\">Es gab auch dieses Jahr etwas f\u00fcr das leibliche Wohl und nat\u00fcrlich genug zu Trinken. Da &#8222;Kleiner Feigling&#8220; als Sponsor angetreten war, gab es nat\u00fcrlich eine Menge Give-aways und ebenfalls &#8222;Kleiner Feigleing&#8220; als Kurzen.<br \/>\nAuf der Tanzfl\u00e4che war zu Beginn eher wenig los, da es ziemlich warm war, deshalb wurden ordentlich Getr\u00e4nke zur Abk\u00fchlung ausgeschenkt. Im Verlauf des fr\u00fchen Abends gab es einige Bierpong Matches die ausgefochten wurden.<\/p>\n<p style=\"text-align: justify;\">Die Tanzfl\u00e4che f\u00fcllte sich mit jeder Minute immer weiter und war schlie\u00dflich rappelvoll. Um 3 Uhr morgens endete die voll ausverkaufte Mittsommer-Party.<\/p>\n<p style=\"text-align: justify;\"><strong>Danke an die Dorfgemeinschaft von Blocks Huus f\u00fcr eine super Organisation und eine tolle Party<\/strong>, die n\u00e4chstes Jahr wieder stattfinden wird!<\/p>\n<p class=\"has-text-color has-luminous-vivid-orange-color\"><span style=\"color: #ff6600;\">DSGVO: Falls hier Fotos eingestellt wurden, die nicht \u00f6ffentlich zu sehen sein sollen, bitte kurze Info an mich. Ich werde die Fotos dann umgehend entfernen.&nbsp;<\/span><a href=\"mailto:info@fotolabsie.de\"><span style=\"color: #ff6600;\">info@fotolabsie.de<\/span><\/a><\/p>\n<p>ngg_shortcode_0_placeholderngg_shortcode_1_placeholder<\/p>\n","protected":false},"excerpt":{"rendered":"<p>Von der Dorfgemeinschaft mit vielen freiwilligen Helfern organisiert, startete die zweite Auflage des Bassener Mittsommertanzes am 24. Juni in der Scheune und Vorplatz von Blocks Huus. Um 15 Uhr \u00f6ffneten sich die Tore und die ersten G\u00e4ste trafen ein. Unterst\u00fctzt von einem Security-Team lief der Mittsommertanz in sehr entspannter Athmosph\u00e4re ab.<\/p>\n","protected":false},"author":1,"featured_media":27631,"comment_status":"open","ping_status":"open","sticky":false,"template":"","format":"standard","meta":{"ngg_post_thumbnail":0,"footnotes":""},"categories":[1,278,296,317],"tags":[5,24,319,320,216,318],"class_list":["post-27507","post","type-post","status-publish","format-standard","has-post-thumbnail","hentry","category-allgemein","category-blocks-huus","category-dorfgemeinschaft","category-mittsommertanz","tag-bassen","tag-blocks-huus","tag-dorfgemeinschaft","tag-feiern-bis-um-3","tag-fette-party","tag-mittsommertanz"],"_links":{"self":[{"href":"https:\/\/www.events-bassen.de\/index.php?rest_route=\/wp\/v2\/posts\/27507","targetHints":{"allow":["GET"]}}],"collection":[{"href":"https:\/\/www.events-bassen.de\/index.php?rest_route=\/wp\/v2\/posts"}],"about":[{"href":"https:\/\/www.events-bassen.de\/index.php?rest_route=\/wp\/v2\/types\/post"}],"author":[{"embeddable":true,"href":"https:\/\/www.events-bassen.de\/index.php?rest_route=\/wp\/v2\/users\/1"}],"replies":[{"embeddable":true,"href":"https:\/\/www.events-bassen.de\/index.php?rest_route=%2Fwp%2Fv2%2Fcomments&post=27507"}],"version-history":[{"count":7,"href":"https:\/\/www.events-bassen.de\/index.php?rest_route=\/wp\/v2\/posts\/27507\/revisions"}],"predecessor-version":[{"id":27750,"href":"https:\/\/www.events-bassen.de\/index.php?rest_route=\/wp\/v2\/posts\/27507\/revisions\/27750"}],"wp:featuredmedia":[{"embeddable":true,"href":"https:\/\/www.events-bassen.de\/index.php?rest_route=\/wp\/v2\/media\/27631"}],"wp:attachment":[{"href":"https:\/\/www.events-bassen.de\/index.php?rest_route=%2Fwp%2Fv2%2Fmedia&parent=27507"}],"wp:term":[{"taxonomy":"category","embeddable":true,"href":"https:\/\/www.events-bassen.de\/index.php?rest_route=%2Fwp%2Fv2%2Fcategories&post=27507"},{"taxonomy":"post_tag","embeddable":true,"href":"https:\/\/www.events-bassen.de\/index.php?rest_route=%2Fwp%2Fv2%2Ftags&post=27507"}],"curies":[{"name":"wp","href":"https:\/\/api.w.org\/{rel}","templated":true}]}}