{"id":27755,"date":"2023-08-23T17:21:25","date_gmt":"2023-08-23T17:21:25","guid":{"rendered":"http:\/\/www.events-bassen.de\/?p=27755"},"modified":"2023-08-23T17:30:01","modified_gmt":"2023-08-23T17:30:01","slug":"72-erntefest-aktuelles-programm","status":"publish","type":"post","link":"https:\/\/www.events-bassen.de\/?p=27755","title":{"rendered":"72. Erntefest &#038; aktuelles Programm"},"content":{"rendered":"\r\n<p>ERNTEFEST BASSEN 2023 31.08.-03.09.2023 beim Blocks Huus<\/p>\r\n\r\n\r\n\r\n<p>Ganz sch\u00f6n was los in unserem Dorf, denn auch dieses Jahr laden die neuen Veranstalter unseres Festes wieder zum Erntedankfest nach Bassen ein. 4 Tage steht unser Dorf &#8222;Kopf&#8220;. Die Planungen bei den Veranstaltern Marcus Winter (DJ und Entertainer f\u00fcr Veranstaltungen aller Art) und Andr\u00e9 R\u00f6bke<!--more--> (Veranstaltungsdienstleister AR-Production und Imbiss- sowie Foodtruckbetreiber &#8222;German Brat \/ Imbiss-Diele Fehsenfeld&#8220;) laufen auf Hochtouren. Einige \u00c4nderungen wird es in diesem Jahr geben. Somit findet der Laternenumzug f\u00fcr unsere Kids Donnerstagabend statt. Der Ernteumzug kann mit maximal 60 Erntewagen gefahren werden. Ein Verlosungsverfahren gibt es bei den Anmeldungen nicht. Demnach ist bei 60 Anmeldungen die Grenze erreicht. Au\u00dferdem versprechen die beiden, die Getr\u00e4nkepreise zum vorherigem Jahr 2022 neu anzu&#8220;bassen&#8220;. Am Sonntag findet wieder eine Ausstellung von Oldtimern und Treckern statt. Hierbei darf nat\u00fcrlich nicht die Erbsensuppe zum Fr\u00fchshoppen fehlen. Jahrmarktsduft und Fahrgesch\u00e4fte versch\u00f6nern unseren bunten Festplatz. Dazu ist der Twister von Familie Eick wieder mit dabei. Ein weiteres Highlight ist das Kinderkarussell von Familie Filz aus Schneverdingen. Und das Festzelt? Steht dieses Jahr wieder an bekannter Stelle. Den aktuellen Flyer gibt es als Download auf der Homepage, www.erntefestbassen.de und liegt an diversen \u00d6ffentlichkeiten bereit.<\/p>\r\n\r\n\r\n\r\n<p>Wir freuen uns auf euch und sagen: <strong><em>HERZLICH WILLKOMMEN AUF DEM ERNTEFEST IN BASSEN!<\/em><\/strong> <strong><em>DAS GR\u00d6\u00dfTE IM GESAMTEN UMLAND.<\/em><\/strong><\/p>\r\n\r\n\r\n\r\n<p><a href=\"https:\/\/blockshuus.de\/wp-content\/uploads\/2023\/08\/Erntefest-Bassen-2023-Programm.pdf\" target=\"_blank\" rel=\"noreferrer noopener\">Download Programmheft Erntefest 2023<\/a><\/p>\r\n<p><a href=\"http:\/\/www.events-bassen.de\/wp-content\/uploads\/Programm-Erntefest-2023-1.jpg\"><img loading=\"lazy\" decoding=\"async\" class=\"alignleft size-thumbnail wp-image-27758\" src=\"http:\/\/www.events-bassen.de\/wp-content\/uploads\/Programm-Erntefest-2023-1-70x150.jpg\" alt=\"\" width=\"70\" height=\"150\" srcset=\"https:\/\/www.events-bassen.de\/wp-content\/uploads\/Programm-Erntefest-2023-1-70x150.jpg 70w, https:\/\/www.events-bassen.de\/wp-content\/uploads\/Programm-Erntefest-2023-1-141x300.jpg 141w, https:\/\/www.events-bassen.de\/wp-content\/uploads\/Programm-Erntefest-2023-1.jpg 410w\" sizes=\"auto, (max-width: 70px) 100vw, 70px\" \/><\/a><a href=\"http:\/\/www.events-bassen.de\/wp-content\/uploads\/Programm-Erntefest-2023-2.jpg\"><img loading=\"lazy\" decoding=\"async\" class=\"alignleft size-thumbnail wp-image-27759\" src=\"http:\/\/www.events-bassen.de\/wp-content\/uploads\/Programm-Erntefest-2023-2-70x150.jpg\" alt=\"\" width=\"70\" height=\"150\" srcset=\"https:\/\/www.events-bassen.de\/wp-content\/uploads\/Programm-Erntefest-2023-2-70x150.jpg 70w, https:\/\/www.events-bassen.de\/wp-content\/uploads\/Programm-Erntefest-2023-2-141x300.jpg 141w, https:\/\/www.events-bassen.de\/wp-content\/uploads\/Programm-Erntefest-2023-2.jpg 410w\" sizes=\"auto, (max-width: 70px) 100vw, 70px\" \/><\/a><a href=\"http:\/\/www.events-bassen.de\/wp-content\/uploads\/Programm-Erntefest-2023-3.jpg\"><img loading=\"lazy\" decoding=\"async\" class=\"alignleft size-thumbnail wp-image-27760\" src=\"http:\/\/www.events-bassen.de\/wp-content\/uploads\/Programm-Erntefest-2023-3-70x150.jpg\" alt=\"\" width=\"70\" height=\"150\" srcset=\"https:\/\/www.events-bassen.de\/wp-content\/uploads\/Programm-Erntefest-2023-3-70x150.jpg 70w, https:\/\/www.events-bassen.de\/wp-content\/uploads\/Programm-Erntefest-2023-3-141x300.jpg 141w, https:\/\/www.events-bassen.de\/wp-content\/uploads\/Programm-Erntefest-2023-3.jpg 409w\" sizes=\"auto, (max-width: 70px) 100vw, 70px\" \/><\/a><a href=\"http:\/\/www.events-bassen.de\/wp-content\/uploads\/Programm-Erntefest-2023-4.jpg\"><img loading=\"lazy\" decoding=\"async\" class=\"alignleft size-thumbnail wp-image-27761\" src=\"http:\/\/www.events-bassen.de\/wp-content\/uploads\/Programm-Erntefest-2023-4-70x150.jpg\" alt=\"\" width=\"70\" height=\"150\" srcset=\"https:\/\/www.events-bassen.de\/wp-content\/uploads\/Programm-Erntefest-2023-4-70x150.jpg 70w, https:\/\/www.events-bassen.de\/wp-content\/uploads\/Programm-Erntefest-2023-4-141x300.jpg 141w, https:\/\/www.events-bassen.de\/wp-content\/uploads\/Programm-Erntefest-2023-4.jpg 409w\" sizes=\"auto, (max-width: 70px) 100vw, 70px\" \/><\/a><a href=\"http:\/\/www.events-bassen.de\/wp-content\/uploads\/Programm-Erntefest-2023-5.jpg\"><img loading=\"lazy\" decoding=\"async\" class=\"alignleft size-thumbnail wp-image-27762\" src=\"http:\/\/www.events-bassen.de\/wp-content\/uploads\/Programm-Erntefest-2023-5-70x150.jpg\" alt=\"\" width=\"70\" height=\"150\" srcset=\"https:\/\/www.events-bassen.de\/wp-content\/uploads\/Programm-Erntefest-2023-5-70x150.jpg 70w, https:\/\/www.events-bassen.de\/wp-content\/uploads\/Programm-Erntefest-2023-5-141x300.jpg 141w, https:\/\/www.events-bassen.de\/wp-content\/uploads\/Programm-Erntefest-2023-5.jpg 409w\" sizes=\"auto, (max-width: 70px) 100vw, 70px\" \/><\/a><a href=\"http:\/\/www.events-bassen.de\/wp-content\/uploads\/Programm-Erntefest-2023-6.jpg\"><img loading=\"lazy\" decoding=\"async\" class=\"alignleft size-thumbnail wp-image-27763\" src=\"http:\/\/www.events-bassen.de\/wp-content\/uploads\/Programm-Erntefest-2023-6-70x150.jpg\" alt=\"\" width=\"70\" height=\"150\" srcset=\"https:\/\/www.events-bassen.de\/wp-content\/uploads\/Programm-Erntefest-2023-6-70x150.jpg 70w, https:\/\/www.events-bassen.de\/wp-content\/uploads\/Programm-Erntefest-2023-6-141x300.jpg 141w, https:\/\/www.events-bassen.de\/wp-content\/uploads\/Programm-Erntefest-2023-6.jpg 409w\" sizes=\"auto, (max-width: 70px) 100vw, 70px\" \/><\/a><\/p>\r\n<p>&nbsp;<\/p>\r\n<p>&nbsp;<\/p>\r\n","protected":false},"excerpt":{"rendered":"<p>ERNTEFEST BASSEN 2023 31.08.-03.09.2023 beim Blocks Huus Ganz sch\u00f6n was los in unserem Dorf, denn auch dieses Jahr laden die neuen Veranstalter unseres Festes wieder zum Erntedankfest nach Bassen ein. 4 Tage steht unser Dorf &#8222;Kopf&#8220;. Die Planungen bei den Veranstaltern Marcus Winter (DJ und Entertainer f\u00fcr Veranstaltungen aller Art) und Andr\u00e9 R\u00f6bke<\/p>\n","protected":false},"author":1,"featured_media":0,"comment_status":"open","ping_status":"open","sticky":false,"template":"","format":"standard","meta":{"ngg_post_thumbnail":0,"footnotes":""},"categories":[1,278],"tags":[322,326,323,325,321,324],"class_list":["post-27755","post","type-post","status-publish","format-standard","hentry","category-allgemein","category-blocks-huus","tag-andre-roebke","tag-erbsensuppe","tag-erntefest-2023","tag-kinderkrussell","tag-marcus-winter","tag-twister"],"_links":{"self":[{"href":"https:\/\/www.events-bassen.de\/index.php?rest_route=\/wp\/v2\/posts\/27755","targetHints":{"allow":["GET"]}}],"collection":[{"href":"https:\/\/www.events-bassen.de\/index.php?rest_route=\/wp\/v2\/posts"}],"about":[{"href":"https:\/\/www.events-bassen.de\/index.php?rest_route=\/wp\/v2\/types\/post"}],"author":[{"embeddable":true,"href":"https:\/\/www.events-bassen.de\/index.php?rest_route=\/wp\/v2\/users\/1"}],"replies":[{"embeddable":true,"href":"https:\/\/www.events-bassen.de\/index.php?rest_route=%2Fwp%2Fv2%2Fcomments&post=27755"}],"version-history":[{"count":6,"href":"https:\/\/www.events-bassen.de\/index.php?rest_route=\/wp\/v2\/posts\/27755\/revisions"}],"predecessor-version":[{"id":27767,"href":"https:\/\/www.events-bassen.de\/index.php?rest_route=\/wp\/v2\/posts\/27755\/revisions\/27767"}],"wp:attachment":[{"href":"https:\/\/www.events-bassen.de\/index.php?rest_route=%2Fwp%2Fv2%2Fmedia&parent=27755"}],"wp:term":[{"taxonomy":"category","embeddable":true,"href":"https:\/\/www.events-bassen.de\/index.php?rest_route=%2Fwp%2Fv2%2Fcategories&post=27755"},{"taxonomy":"post_tag","embeddable":true,"href":"https:\/\/www.events-bassen.de\/index.php?rest_route=%2Fwp%2Fv2%2Ftags&post=27755"}],"curies":[{"name":"wp","href":"https:\/\/api.w.org\/{rel}","templated":true}]}}