{"id":28526,"date":"2023-08-31T08:00:55","date_gmt":"2023-08-31T08:00:55","guid":{"rendered":"http:\/\/www.events-bassen.de\/?p=28526"},"modified":"2023-09-06T18:59:43","modified_gmt":"2023-09-06T18:59:43","slug":"kranzbinden-2023","status":"publish","type":"post","link":"https:\/\/www.events-bassen.de\/?p=28526","title":{"rendered":"Kranzbinden 2023"},"content":{"rendered":"<p>Ein neues Jahr &#8211; ein neues Team. Andr\u00e9 R\u00f6bke und Marcus Winter \u00fcbernehmen dieses Jahr das erste Mal die Organisation vom 72. Bassener Erntest. Beide sind keine Neulinge was die Organisation von Veranstaltungen angeht, doch ein Ertenfest ist nochmal eine andere Hausnummer. Es galt vier Tage durchzuplanen, doch das &#8222;alte&#8220; Planungsteam stand mit Rat und Tat zur Seite. Es gab zwar hier und da ein paar kleine Problemchen und negatives Feedback,&nbsp; aber das wollen die beiden Veranstalter aufarbeiten und sofern m\u00f6glich umsetzen.<br \/>\nGeben wir Andr\u00e9 und Marcus zwei bis drei weitere Erntefeste und dann l\u00e4uft die Sache rund. Allen kann man es eh nicht Recht machen. Aber Alles in Allem ein richtig tolles Erntefest!<!--more--><\/p>\n<p>Traditionell wurden unsere beiden Erntefahnen von unserem Erntebrautpaar Fenja Junge und Felix Oedekoven gehisst und somit wurde das Erntefest er\u00f6ffnet. Nach einer kurzen Rede begann auch schon, der Laternenumzug mit den Kleinen. In der Scheune wurden dann schon flei\u00dfig kleine Str\u00e4u\u00dfe aus Weizen gesammelt und an Torsten \u00fcbergeben, um die Erntekrone zu Binden.<br \/>\nDieses und auch die n\u00e4chsten Jahre wird das Fass mit Freibier von Gerd Mattfeldt (VGH) ausgegeben &#8211; Vielen Dank daf\u00fcr! Unser Erntebr\u00e4utigam durfte dann das Fassbier anstechen und mit Fenja ausschenken. Nach Fertigstellung der Erntekrone musste das Erntebrautpaar noch den Ehrentanz absolvieren, was nat\u00fcrlich sehr gut klappte (Vorbereitung ist alles).<br \/>\nZur Mitternacht gab es das dazugeh\u00f6rige Eierbacken! Und was brauchen wir daf\u00fcr? Viele Eier! Und wer hat so viele Eier? Na klar Carsten Mattfeld &#8211; Vielen Dank an die gesponserten Eier!<br \/>\nAlle wurden satt und gingen anschlie\u00dfend nach Hause, um f\u00fcr die Freitagabend Disko fit zu sein.<\/p>\n<p><span style=\"color: #ff6600;\">DSGVO: Falls hier Fotos eingestellt wurden, die nicht \u00f6ffentlich zu sehen sein sollen, bitte kurze Info an mich. Ich werde die Fotos dann umgehend entfernen. <a style=\"color: #ff6600;\" href=\"info@fotolabsie.de\">info@fotolabsie.de<\/a><\/span><\/p>\nngg_shortcode_0_placeholder\n","protected":false},"excerpt":{"rendered":"<p>Ein neues Jahr &#8211; ein neues Team. Andr\u00e9 R\u00f6bke und Marcus Winter \u00fcbernehmen dieses Jahr das erste Mal die Organisation vom 72. Bassener Erntest. Beide sind keine Neulinge was die Organisation von Veranstaltungen angeht, doch ein Ertenfest ist nochmal eine andere Hausnummer. Es galt vier Tage durchzuplanen, doch das &#8222;alte&#8220; Planungsteam stand mit Rat und [&hellip;]<\/p>\n","protected":false},"author":1,"featured_media":28543,"comment_status":"open","ping_status":"open","sticky":false,"template":"","format":"standard","meta":{"ngg_post_thumbnail":0,"footnotes":""},"categories":[1,239,278,3],"tags":[332,322,5,333,24,195,334,329,327,328,340,321,342,341,331,330],"class_list":["post-28526","post","type-post","status-publish","format-standard","has-post-thumbnail","hentry","category-allgemein","category-bassen","category-blocks-huus","category-erntefest","tag-andi-rathjen","tag-andre-roebke","tag-bassen","tag-birgit-mindermann","tag-blocks-huus","tag-erntefest","tag-erntekrone-2023","tag-erntepaar-2023","tag-felix-oedekoven","tag-fenja-junge","tag-freibier","tag-marcus-winter","tag-mattfeld","tag-mattfeldt","tag-nicole-knobelsdorf","tag-torsten-knobelsdorf"],"_links":{"self":[{"href":"https:\/\/www.events-bassen.de\/index.php?rest_route=\/wp\/v2\/posts\/28526","targetHints":{"allow":["GET"]}}],"collection":[{"href":"https:\/\/www.events-bassen.de\/index.php?rest_route=\/wp\/v2\/posts"}],"about":[{"href":"https:\/\/www.events-bassen.de\/index.php?rest_route=\/wp\/v2\/types\/post"}],"author":[{"embeddable":true,"href":"https:\/\/www.events-bassen.de\/index.php?rest_route=\/wp\/v2\/users\/1"}],"replies":[{"embeddable":true,"href":"https:\/\/www.events-bassen.de\/index.php?rest_route=%2Fwp%2Fv2%2Fcomments&post=28526"}],"version-history":[{"count":11,"href":"https:\/\/www.events-bassen.de\/index.php?rest_route=\/wp\/v2\/posts\/28526\/revisions"}],"predecessor-version":[{"id":28567,"href":"https:\/\/www.events-bassen.de\/index.php?rest_route=\/wp\/v2\/posts\/28526\/revisions\/28567"}],"wp:featuredmedia":[{"embeddable":true,"href":"https:\/\/www.events-bassen.de\/index.php?rest_route=\/wp\/v2\/media\/28543"}],"wp:attachment":[{"href":"https:\/\/www.events-bassen.de\/index.php?rest_route=%2Fwp%2Fv2%2Fmedia&parent=28526"}],"wp:term":[{"taxonomy":"category","embeddable":true,"href":"https:\/\/www.events-bassen.de\/index.php?rest_route=%2Fwp%2Fv2%2Fcategories&post=28526"},{"taxonomy":"post_tag","embeddable":true,"href":"https:\/\/www.events-bassen.de\/index.php?rest_route=%2Fwp%2Fv2%2Ftags&post=28526"}],"curies":[{"name":"wp","href":"https:\/\/api.w.org\/{rel}","templated":true}]}}