{"id":28528,"date":"2023-09-04T11:39:03","date_gmt":"2023-09-04T11:39:03","guid":{"rendered":"http:\/\/www.events-bassen.de\/?p=28528"},"modified":"2023-09-04T19:05:02","modified_gmt":"2023-09-04T19:05:02","slug":"freitagabend-diskonacht-2023","status":"publish","type":"post","link":"https:\/\/www.events-bassen.de\/?p=28528","title":{"rendered":"Freitagabend Diskonacht 2023"},"content":{"rendered":"<p>Ihr wart dabei &#8211; Die legend\u00e4re Freitagabend Ernte Diskonacht!<\/p>\n<p>Volle H\u00fctte mit Schlange stehen zur Primetime&#8230;<\/p>\n<p><!--more--><\/p>\n<p>&#8230; es ist mal wieder Freitagabend, Erntefest in Bassen, tolles Wetter, Partylaune und viele G\u00e4ste. DJ Marki Mark heizte den Bassenerinnen, Bassenern und weiteren G\u00e4sten aus der n\u00e4heren Umgebung ordentlich ein. Zur Primetime stand an der Abendkasse eine Schlange von bis zu 20m. Doch das konnte Keinen abschrecken, alle warteten geduldig auf Einlass. Es wurde getanzt und ordentlich getrunken, die Kornflaschenberge t\u00fcrmten sich auf der R\u00fcckseite der Scheune auf. Eine richtig tolle Stimmung in der Scheune von Blocks Huus &#8211; ohne nennenswerte Probleme!<\/p>\n<p>Viel Spa\u00df mit den Bildern!<\/p>\n<p><span style=\"color: #ff6600;\">DSGVO: Falls hier Fotos eingestellt wurden, die nicht \u00f6ffentlich zu sehen sein sollen, bitte kurze Info an mich. Ich werde die Fotos dann umgehend entfernen. <\/span><a href=\"info@fotolabsie.de\"><span style=\"color: #ff6600;\">info@fotolabsie.de<\/span><\/a><\/p>\nngg_shortcode_0_placeholder\n","protected":false},"excerpt":{"rendered":"<p>Ihr wart dabei &#8211; Die legend\u00e4re Freitagabend Ernte Diskonacht! Volle H\u00fctte mit Schlange stehen zur Primetime&#8230;<\/p>\n","protected":false},"author":1,"featured_media":28541,"comment_status":"open","ping_status":"open","sticky":false,"template":"","format":"standard","meta":{"ngg_post_thumbnail":0,"footnotes":""},"categories":[1,239,278,3],"tags":[332,322,5,333,24,195,334,329,327,328,321,335,331,330],"class_list":["post-28528","post","type-post","status-publish","format-standard","has-post-thumbnail","hentry","category-allgemein","category-bassen","category-blocks-huus","category-erntefest","tag-andi-rathjen","tag-andre-roebke","tag-bassen","tag-birgit-mindermann","tag-blocks-huus","tag-erntefest","tag-erntekrone-2023","tag-erntepaar-2023","tag-felix-oedekoven","tag-fenja-junge","tag-marcus-winter","tag-marki-mark","tag-nicole-knobelsdorf","tag-torsten-knobelsdorf"],"_links":{"self":[{"href":"https:\/\/www.events-bassen.de\/index.php?rest_route=\/wp\/v2\/posts\/28528","targetHints":{"allow":["GET"]}}],"collection":[{"href":"https:\/\/www.events-bassen.de\/index.php?rest_route=\/wp\/v2\/posts"}],"about":[{"href":"https:\/\/www.events-bassen.de\/index.php?rest_route=\/wp\/v2\/types\/post"}],"author":[{"embeddable":true,"href":"https:\/\/www.events-bassen.de\/index.php?rest_route=\/wp\/v2\/users\/1"}],"replies":[{"embeddable":true,"href":"https:\/\/www.events-bassen.de\/index.php?rest_route=%2Fwp%2Fv2%2Fcomments&post=28528"}],"version-history":[{"count":4,"href":"https:\/\/www.events-bassen.de\/index.php?rest_route=\/wp\/v2\/posts\/28528\/revisions"}],"predecessor-version":[{"id":28555,"href":"https:\/\/www.events-bassen.de\/index.php?rest_route=\/wp\/v2\/posts\/28528\/revisions\/28555"}],"wp:featuredmedia":[{"embeddable":true,"href":"https:\/\/www.events-bassen.de\/index.php?rest_route=\/wp\/v2\/media\/28541"}],"wp:attachment":[{"href":"https:\/\/www.events-bassen.de\/index.php?rest_route=%2Fwp%2Fv2%2Fmedia&parent=28528"}],"wp:term":[{"taxonomy":"category","embeddable":true,"href":"https:\/\/www.events-bassen.de\/index.php?rest_route=%2Fwp%2Fv2%2Fcategories&post=28528"},{"taxonomy":"post_tag","embeddable":true,"href":"https:\/\/www.events-bassen.de\/index.php?rest_route=%2Fwp%2Fv2%2Ftags&post=28528"}],"curies":[{"name":"wp","href":"https:\/\/api.w.org\/{rel}","templated":true}]}}