{"id":28530,"date":"2023-09-04T12:39:57","date_gmt":"2023-09-04T12:39:57","guid":{"rendered":"http:\/\/www.events-bassen.de\/?p=28530"},"modified":"2023-09-04T19:11:53","modified_gmt":"2023-09-04T19:11:53","slug":"ernteumzug-2023","status":"publish","type":"post","link":"https:\/\/www.events-bassen.de\/?p=28530","title":{"rendered":"Ernteumzug 2023"},"content":{"rendered":"<p>Die Aufstellung der Erntewagen begann wie immer gegen 13 Uhr. St\u00fcck f\u00fcr St\u00fcck reihten sich die bunten und prunkvoll geschm\u00fcckten Wagen in die Schlange ein. Nach Herausforderung der Erntekrone durch den Erntebr\u00e4utigam Felix Oedekoven setzte sich der Ernteumzug langsam in Gang. Mit etwas Versp\u00e4tung, gegen 14:40 Uhr startete der Umzug, der wie immer von der freiwilligen Feuerwehr Bassen angef\u00fchrt wurde. <!--more--><\/p>\n<p>W\u00e4hrend des Umzuges wurde in der Scheune von Blocks Huus Kaffee und Kuchen angeboten, um auf die R\u00fcckkehr des Erntezuges zu warten.<\/p>\n<p>Nach R\u00fcckkehr aller Umzugswagen fand die Pr\u00e4mierung statt, die dieses Jahr folgenderma\u00dfen aussah:<\/p>\n<p>Platz 1 &#8211; Titanic<br \/>\nPlatz 2 &#8211; Michel aus L\u00f6nneberga<br \/>\nPlatz 3 &#8211; K\u00f6nig der L\u00f6wen<\/p>\n<p>Au\u00dferdem dankte nun offiziell das alte Organisationsteam bestehend aus Nicole und Torsten Knobelsdorf, Birgit Mindermann und Andeas Rathjen ab. Sie haben das in den letzten 14 Jahren wunderbar organisiert und viele tolle Ideen mit eingebracht, die heute schon nicht mehr wegzudenken sind!<\/p>\n<h2><strong><span style=\"color: #ff0000;\">DANKESCH\u00d6N!<\/span><\/strong><\/h2>\n<p>Im Anschluss startete die Samstag Open-end Party!<\/p>\n<p><span style=\"color: #ff6600;\">DSGVO: Falls hier Fotos eingestellt wurden, die nicht \u00f6ffentlich zu sehen sein sollen, bitte kurze Info an mich. Ich werde die Fotos dann umgehend entfernen. <\/span><a href=\"info@fotolabsie.de\"><span style=\"color: #ff6600;\">info@fotolabsie.de<\/span><\/a><\/p>\nngg_shortcode_0_placeholder\n","protected":false},"excerpt":{"rendered":"<p>Die Aufstellung der Erntewagen begann wie immer gegen 13 Uhr. St\u00fcck f\u00fcr St\u00fcck reihten sich die bunten und prunkvoll geschm\u00fcckten Wagen in die Schlange ein. Nach Herausforderung der Erntekrone durch den Erntebr\u00e4utigam Felix Oedekoven setzte sich der Ernteumzug langsam in Gang. Mit etwas Versp\u00e4tung, gegen 14:40 Uhr startete der Umzug, der wie immer von der [&hellip;]<\/p>\n","protected":false},"author":1,"featured_media":28545,"comment_status":"open","ping_status":"open","sticky":false,"template":"","format":"standard","meta":{"ngg_post_thumbnail":0,"footnotes":""},"categories":[1,239,278,3],"tags":[332,322,5,333,24,195,334,329,327,328,321,331,336,330],"class_list":["post-28530","post","type-post","status-publish","format-standard","has-post-thumbnail","hentry","category-allgemein","category-bassen","category-blocks-huus","category-erntefest","tag-andi-rathjen","tag-andre-roebke","tag-bassen","tag-birgit-mindermann","tag-blocks-huus","tag-erntefest","tag-erntekrone-2023","tag-erntepaar-2023","tag-felix-oedekoven","tag-fenja-junge","tag-marcus-winter","tag-nicole-knobelsdorf","tag-titanic","tag-torsten-knobelsdorf"],"_links":{"self":[{"href":"https:\/\/www.events-bassen.de\/index.php?rest_route=\/wp\/v2\/posts\/28530","targetHints":{"allow":["GET"]}}],"collection":[{"href":"https:\/\/www.events-bassen.de\/index.php?rest_route=\/wp\/v2\/posts"}],"about":[{"href":"https:\/\/www.events-bassen.de\/index.php?rest_route=\/wp\/v2\/types\/post"}],"author":[{"embeddable":true,"href":"https:\/\/www.events-bassen.de\/index.php?rest_route=\/wp\/v2\/users\/1"}],"replies":[{"embeddable":true,"href":"https:\/\/www.events-bassen.de\/index.php?rest_route=%2Fwp%2Fv2%2Fcomments&post=28530"}],"version-history":[{"count":6,"href":"https:\/\/www.events-bassen.de\/index.php?rest_route=\/wp\/v2\/posts\/28530\/revisions"}],"predecessor-version":[{"id":28559,"href":"https:\/\/www.events-bassen.de\/index.php?rest_route=\/wp\/v2\/posts\/28530\/revisions\/28559"}],"wp:featuredmedia":[{"embeddable":true,"href":"https:\/\/www.events-bassen.de\/index.php?rest_route=\/wp\/v2\/media\/28545"}],"wp:attachment":[{"href":"https:\/\/www.events-bassen.de\/index.php?rest_route=%2Fwp%2Fv2%2Fmedia&parent=28530"}],"wp:term":[{"taxonomy":"category","embeddable":true,"href":"https:\/\/www.events-bassen.de\/index.php?rest_route=%2Fwp%2Fv2%2Fcategories&post=28530"},{"taxonomy":"post_tag","embeddable":true,"href":"https:\/\/www.events-bassen.de\/index.php?rest_route=%2Fwp%2Fv2%2Ftags&post=28530"}],"curies":[{"name":"wp","href":"https:\/\/api.w.org\/{rel}","templated":true}]}}