{"id":28534,"date":"2023-09-04T14:42:06","date_gmt":"2023-09-04T14:42:06","guid":{"rendered":"http:\/\/www.events-bassen.de\/?p=28534"},"modified":"2023-12-18T21:05:20","modified_gmt":"2023-12-18T21:05:20","slug":"fruehschoppen-2023","status":"publish","type":"post","link":"https:\/\/www.events-bassen.de\/?p=28534","title":{"rendered":"Fr\u00fchschoppen 2023"},"content":{"rendered":"<p>Der Fr\u00fchschoppen am Sonntag begann mit einem Gottedienst im Gemeindezentrum gleich neben Blocks Huus.<!--more--><\/p>\n<p>Ab 10 Uhr wurden dieses Jahr wieder Oldtimer und Traktoren entlang der Feldstra\u00dfe ausgestellt, und konnten von den Besuchern begutachtet werden. Aus Bremen war der Borgward Club mit einigen Fahrzeugen dabei. Traktoren aus Bassen und Umzu wurden ebenfalls zur Schau gestellt.<br \/>\nAb 11 Uhr startete Stephan Teich, viele kennen ihn von den letzten Jahren. Er machte ordentlich Stimmung und konnte die Tanzfl\u00e4che im Partyzelt f\u00fcllen. Mit flottem Foxtrott, Schlagern, Partykrachern und einer langen Polonaise traf er den Geschmack.<br \/>\nGegen 12 Uhr gab es dann endlich eine St\u00e4rkung in Form einer leckeren Erbsensuppe. Ein Teller f\u00fcr 5 Euro und Nachschlag so oft man m\u00f6chte sind nicht zuviel. Am Nachmittag kamen dann Alle, die sich auf Butterkuchen und Kaffee gefreut haben zum Zuge &#8211; Lecker.<br \/>\nZur Belohnung, dass wir Bassenerinnen und Bassener so gut und toll feiern k\u00f6nnen, spendierten Andr\u00e9 und Marcus noch mal eben 50 Liter Freibier!<br \/>\nMit ein wenig Versp\u00e4tung wurden dann gegen 17 Uhr die Erntefahnen eingeholt, was das offizielle Ende bedeutet. Allerdings endet in Bassen ein Erntefest nicht einfach so&#8230; Der Verkauf der Getr\u00e4nke an der Theke wurde eingestellt, die Reste wurden von den beiden Veranstaltern zur freien Verf\u00fcgung gestellt. Ebenfalls wurde die Zapfanlage mit dem letzten Fassbier umgedreht, somit konnten sich die verbliebenen G\u00e4ste selbst ihr Bier zapfen &#8211; Eine tolle Sache &#8211; Prost!<br \/>\nUm gest\u00e4rkt nach Hause gehen zu k\u00f6nnen wurde auf dem Festplatz kurzerhand die Feuertonne angeheizt. Der Erntebr\u00e4utigam hatte noch weiter 200 Eier zur Verf\u00fcgung gestellt, die schnell hungrige Abnehmer fanden. Gro\u00dfen Dank an Felix!<\/p>\n<h2>Vielen Dank an das Erntebrautpaar, ihr habt das richtig toll gemacht!<\/h2>\n<p><span style=\"color: #ff6600;\">DSGVO: Falls hier Fotos eingestellt wurden, die nicht \u00f6ffentlich zu sehen sein sollen, bitte kurze Info an mich. Ich werde die Fotos dann umgehend entfernen. <\/span><a href=\"info@fotolabsie.de\"><span style=\"color: #ff6600;\">info@fotolabsie.de<\/span><\/a><\/p>\n<p>&nbsp;<\/p>\nngg_shortcode_0_placeholder\n","protected":false},"excerpt":{"rendered":"<p>Der Fr\u00fchschoppen am Sonntag begann mit einem Gottedienst im Gemeindezentrum gleich neben Blocks Huus.<\/p>\n","protected":false},"author":1,"featured_media":28542,"comment_status":"open","ping_status":"open","sticky":false,"template":"","format":"standard","meta":{"ngg_post_thumbnail":0,"footnotes":""},"categories":[1,239,278,3],"tags":[332,322,5,333,24,195,334,329,327,328,321,331,339,330],"class_list":["post-28534","post","type-post","status-publish","format-standard","has-post-thumbnail","hentry","category-allgemein","category-bassen","category-blocks-huus","category-erntefest","tag-andi-rathjen","tag-andre-roebke","tag-bassen","tag-birgit-mindermann","tag-blocks-huus","tag-erntefest","tag-erntekrone-2023","tag-erntepaar-2023","tag-felix-oedekoven","tag-fenja-junge","tag-marcus-winter","tag-nicole-knobelsdorf","tag-stephan-teich","tag-torsten-knobelsdorf"],"_links":{"self":[{"href":"https:\/\/www.events-bassen.de\/index.php?rest_route=\/wp\/v2\/posts\/28534","targetHints":{"allow":["GET"]}}],"collection":[{"href":"https:\/\/www.events-bassen.de\/index.php?rest_route=\/wp\/v2\/posts"}],"about":[{"href":"https:\/\/www.events-bassen.de\/index.php?rest_route=\/wp\/v2\/types\/post"}],"author":[{"embeddable":true,"href":"https:\/\/www.events-bassen.de\/index.php?rest_route=\/wp\/v2\/users\/1"}],"replies":[{"embeddable":true,"href":"https:\/\/www.events-bassen.de\/index.php?rest_route=%2Fwp%2Fv2%2Fcomments&post=28534"}],"version-history":[{"count":7,"href":"https:\/\/www.events-bassen.de\/index.php?rest_route=\/wp\/v2\/posts\/28534\/revisions"}],"predecessor-version":[{"id":28568,"href":"https:\/\/www.events-bassen.de\/index.php?rest_route=\/wp\/v2\/posts\/28534\/revisions\/28568"}],"wp:featuredmedia":[{"embeddable":true,"href":"https:\/\/www.events-bassen.de\/index.php?rest_route=\/wp\/v2\/media\/28542"}],"wp:attachment":[{"href":"https:\/\/www.events-bassen.de\/index.php?rest_route=%2Fwp%2Fv2%2Fmedia&parent=28534"}],"wp:term":[{"taxonomy":"category","embeddable":true,"href":"https:\/\/www.events-bassen.de\/index.php?rest_route=%2Fwp%2Fv2%2Fcategories&post=28534"},{"taxonomy":"post_tag","embeddable":true,"href":"https:\/\/www.events-bassen.de\/index.php?rest_route=%2Fwp%2Fv2%2Ftags&post=28534"}],"curies":[{"name":"wp","href":"https:\/\/api.w.org\/{rel}","templated":true}]}}