{"id":28893,"date":"2023-12-18T20:47:32","date_gmt":"2023-12-18T20:47:32","guid":{"rendered":"http:\/\/www.events-bassen.de\/?p=28893"},"modified":"2023-12-18T21:03:51","modified_gmt":"2023-12-18T21:03:51","slug":"lichterfahrt-2023","status":"publish","type":"post","link":"https:\/\/www.events-bassen.de\/?p=28893","title":{"rendered":"Lichterfahrt 2023"},"content":{"rendered":"<div class=\"flex flex-grow flex-col max-w-full\">\n<div class=\"min-h-[20px] text-message flex flex-col items-start gap-3 whitespace-pre-wrap break-words [.text-message+&amp;]:mt-5 overflow-x-auto\" data-message-author-role=\"assistant\" data-message-id=\"cc2664e4-2d6f-44f6-89c3-a66ec9e669e8\">\n<div class=\"markdown prose w-full break-words dark:prose-invert light\">\n<p style=\"text-align: center;\"><span style=\"color: #ff6600;\">Vielen Dank an alle Teilnehmerinnen und Teilnehmer, es war wieder wundersch\u00f6n!<\/span><br \/>\n<span style=\"color: #ff6600;\">Danke f\u00fcr eure Arbeit und Zeit, die ihr immer wieder investiert, um anderen Menschen eine gro\u00dfe Freude zu bereiten.<\/span><\/p>\n<p>Am vergangenen Sonntag wurde das beschauliche Bassen von einer ganz besonderen Tradition erleuchtet \u2013 der Lichterfahrt 2023, organisiert von der Landjugend W\u00fcmme\/Weser und der Dorfgemeinschaft Bassen. Die Veranstaltung lockte rund 90 begeisterte Teilnehmer mit ihren festlich geschm\u00fcckten Traktoren, Schleppern und PKWs in die Stra\u00dfen von Bassen und Oyten.<br \/>\n<!--more--><br \/>\nDie Teilnehmer hatten sich offensichtlich viel M\u00fche gegeben, ihre Fahrzeuge in wahre Weihnachtswunder zu verwandeln. Lichterketten, funkelnde Sterne und festliche Dekorationen schm\u00fcckten die Gef\u00e4hrte und tauchten die Umgebung in ein zauberhaftes Lichtermeer. Die Vorfreude der Teilnehmer war f\u00f6rmlich sp\u00fcrbar, als sie sich in ihren festlichen Konvoi einreihten und sich auf den Weg durch die Gemeinden machten.<\/p>\n<p>Besonders erfreulich war der Effekt, den die Lichterfahrt auf die j\u00fcngsten Bewohner hatte. Kinderaugen leuchteten vor Begeisterung, als die geschm\u00fcckten Fahrzeuge vorbeizogen und die festliche Atmosph\u00e4re in die Stra\u00dfen trugen. Die Organisatoren und Teilnehmer haben es geschafft, eine vorweihnachtliche Stimmung zu schaffen, die die Gemeinschaft in festliche Eintracht versetzte.<\/p>\n<p>Zum kr\u00f6nenden Abschluss der Lichterfahrt versammelten sich die Teilnehmer auf dem Penny Parkplatz in Bassen. Dort erwartete die hungrigen und durstigen Besucher ein Angebot an Bratwurst, Pommes, Gl\u00fchwein und Punsch. Die GermanBrat Grillbude, betrieben von Andr\u00e9 R\u00f6bke, sorgte nicht nur f\u00fcr kulinarische Gen\u00fcsse, sondern auch f\u00fcr die passende musikalische Untermalung. DJ Marcus Winter spielte weihnachtliche Melodien, die die festliche Stimmung bis in die sp\u00e4ten Abendstunden aufrechterhielten.<\/p>\n<p>Insgesamt war die Lichterfahrt 2023 ein voller Erfolg. Die Veranstaltung wird sicherlich in den Herzen der Teilnehmer und Zuschauer noch lange nachklingen und Vorfreude auf das kommende Jahr wecken.<\/p>\nngg_shortcode_0_placeholder<\/div>\n<\/div>\n<\/div>\n","protected":false},"excerpt":{"rendered":"<p>Vielen Dank an alle Teilnehmerinnen und Teilnehmer, es war wieder wundersch\u00f6n! Danke f\u00fcr eure Arbeit und Zeit, die ihr immer wieder investiert, um anderen Menschen eine gro\u00dfe Freude zu bereiten. Am vergangenen Sonntag wurde das beschauliche Bassen von einer ganz besonderen Tradition erleuchtet \u2013 der Lichterfahrt 2023, organisiert von der Landjugend W\u00fcmme\/Weser und der Dorfgemeinschaft [&hellip;]<\/p>\n","protected":false},"author":1,"featured_media":29008,"comment_status":"open","ping_status":"open","sticky":false,"template":"","format":"standard","meta":{"ngg_post_thumbnail":0,"footnotes":""},"categories":[1,239,296,295],"tags":[5,304,346,315,347,348,350,351,349,154,352],"class_list":["post-28893","post","type-post","status-publish","format-standard","has-post-thumbnail","hentry","category-allgemein","category-bassen","category-dorfgemeinschaft","category-lichterfahrt","tag-bassen","tag-dj-marcus-winter","tag-dorfgeminschaft-bassen","tag-german-brat","tag-landjugend-wuemme-weser","tag-lichterfahrt","tag-pkw","tag-quad","tag-schlepper","tag-trecker","tag-trike"],"_links":{"self":[{"href":"https:\/\/www.events-bassen.de\/index.php?rest_route=\/wp\/v2\/posts\/28893","targetHints":{"allow":["GET"]}}],"collection":[{"href":"https:\/\/www.events-bassen.de\/index.php?rest_route=\/wp\/v2\/posts"}],"about":[{"href":"https:\/\/www.events-bassen.de\/index.php?rest_route=\/wp\/v2\/types\/post"}],"author":[{"embeddable":true,"href":"https:\/\/www.events-bassen.de\/index.php?rest_route=\/wp\/v2\/users\/1"}],"replies":[{"embeddable":true,"href":"https:\/\/www.events-bassen.de\/index.php?rest_route=%2Fwp%2Fv2%2Fcomments&post=28893"}],"version-history":[{"count":7,"href":"https:\/\/www.events-bassen.de\/index.php?rest_route=\/wp\/v2\/posts\/28893\/revisions"}],"predecessor-version":[{"id":29007,"href":"https:\/\/www.events-bassen.de\/index.php?rest_route=\/wp\/v2\/posts\/28893\/revisions\/29007"}],"wp:featuredmedia":[{"embeddable":true,"href":"https:\/\/www.events-bassen.de\/index.php?rest_route=\/wp\/v2\/media\/29008"}],"wp:attachment":[{"href":"https:\/\/www.events-bassen.de\/index.php?rest_route=%2Fwp%2Fv2%2Fmedia&parent=28893"}],"wp:term":[{"taxonomy":"category","embeddable":true,"href":"https:\/\/www.events-bassen.de\/index.php?rest_route=%2Fwp%2Fv2%2Fcategories&post=28893"},{"taxonomy":"post_tag","embeddable":true,"href":"https:\/\/www.events-bassen.de\/index.php?rest_route=%2Fwp%2Fv2%2Ftags&post=28893"}],"curies":[{"name":"wp","href":"https:\/\/api.w.org\/{rel}","templated":true}]}}