{"id":30387,"date":"2024-12-16T17:55:37","date_gmt":"2024-12-16T17:55:37","guid":{"rendered":"http:\/\/www.events-bassen.de\/?p=30387"},"modified":"2024-12-16T19:18:29","modified_gmt":"2024-12-16T19:18:29","slug":"lichterfahrt-2024","status":"publish","type":"post","link":"https:\/\/www.events-bassen.de\/?p=30387","title":{"rendered":"Lichterfahrt 2024"},"content":{"rendered":"<p>Auch dieses Jahr fuhren wieder festlich geschm\u00fcckte Traktoren, Schlepper und PKW&#8217;s durch die Stra\u00dfen von Oyten und Bassen. Start war in Oyten auf dem Combi Parkplatz, <!--more-->das Ende auf dem Penny Parkplatz in Bassen. Die Route findet ihr im 2. Foto. Aber seht selbst, was sich die Fahrerinnen und Fahrer haben einfallen lassen um euch zu begeistern!<\/p>\n<p>Gro\u00dfer Dank an das Organisationsteam von der Dorfgmeinschaft Bassen und der Landjugend W\u00fcmme\/Weser f\u00fcr geleisteten Stunden f\u00fcr Planung und Durchf\u00fchrung dieser tollen Veranstaltung&#8230; \u00a9 Fotos Schrupper<\/p>\nngg_shortcode_0_placeholder\n","protected":false},"excerpt":{"rendered":"<p>Auch dieses Jahr fuhren wieder festlich geschm\u00fcckte Traktoren, Schlepper und PKW&#8217;s durch die Stra\u00dfen von Oyten und Bassen. Start war in Oyten auf dem Combi Parkplatz,<\/p>\n","protected":false},"author":1,"featured_media":30400,"comment_status":"open","ping_status":"open","sticky":false,"template":"","format":"standard","meta":{"ngg_post_thumbnail":0,"footnotes":""},"categories":[1,239,296,295],"tags":[5,363,348,349,135],"class_list":["post-30387","post","type-post","status-publish","format-standard","has-post-thumbnail","hentry","category-allgemein","category-bassen","category-dorfgemeinschaft","category-lichterfahrt","tag-bassen","tag-led","tag-lichterfahrt","tag-schlepper","tag-traktoren"],"_links":{"self":[{"href":"https:\/\/www.events-bassen.de\/index.php?rest_route=\/wp\/v2\/posts\/30387","targetHints":{"allow":["GET"]}}],"collection":[{"href":"https:\/\/www.events-bassen.de\/index.php?rest_route=\/wp\/v2\/posts"}],"about":[{"href":"https:\/\/www.events-bassen.de\/index.php?rest_route=\/wp\/v2\/types\/post"}],"author":[{"embeddable":true,"href":"https:\/\/www.events-bassen.de\/index.php?rest_route=\/wp\/v2\/users\/1"}],"replies":[{"embeddable":true,"href":"https:\/\/www.events-bassen.de\/index.php?rest_route=%2Fwp%2Fv2%2Fcomments&post=30387"}],"version-history":[{"count":6,"href":"https:\/\/www.events-bassen.de\/index.php?rest_route=\/wp\/v2\/posts\/30387\/revisions"}],"predecessor-version":[{"id":30395,"href":"https:\/\/www.events-bassen.de\/index.php?rest_route=\/wp\/v2\/posts\/30387\/revisions\/30395"}],"wp:featuredmedia":[{"embeddable":true,"href":"https:\/\/www.events-bassen.de\/index.php?rest_route=\/wp\/v2\/media\/30400"}],"wp:attachment":[{"href":"https:\/\/www.events-bassen.de\/index.php?rest_route=%2Fwp%2Fv2%2Fmedia&parent=30387"}],"wp:term":[{"taxonomy":"category","embeddable":true,"href":"https:\/\/www.events-bassen.de\/index.php?rest_route=%2Fwp%2Fv2%2Fcategories&post=30387"},{"taxonomy":"post_tag","embeddable":true,"href":"https:\/\/www.events-bassen.de\/index.php?rest_route=%2Fwp%2Fv2%2Ftags&post=30387"}],"curies":[{"name":"wp","href":"https:\/\/api.w.org\/{rel}","templated":true}]}}