{"id":30419,"date":"2025-08-07T17:59:08","date_gmt":"2025-08-07T17:59:08","guid":{"rendered":"https:\/\/www.events-bassen.de\/?p=30419"},"modified":"2025-08-07T18:21:23","modified_gmt":"2025-08-07T18:21:23","slug":"kornmaehen-2025","status":"publish","type":"post","link":"https:\/\/www.events-bassen.de\/?p=30419","title":{"rendered":"Kornm\u00e4hen 2025"},"content":{"rendered":"<p>Die Vorbereitungen f\u00fcr das Erntefest 2025 nehmen ihren Lauf&#8230;<\/p>\n<p>Gestern Abend war um 19:30 Uhr treffen auf dem Hof von Blocks Huus. Nachdem der M\u00e4hbinder an der Zugmaschine angekoppelt war, ging die Fahrt quer durch Bassen \u00fcber die Borsteler Stra\u00dfe und Fuhrenkamp in die N\u00e4he von Fricke&#8217;s Gartencenter. Auf einem Feld dahinter stellt dieses Jahr Carsten Mattfeld sein Korn f\u00fcr die Erntekrone zur Verf\u00fcgung. Gemeinsam wurde der M\u00e4hbinder aufgebaut und eingerichtet. <!--more-->Danach wurden einige Bahnen mit dem M\u00e4hbinder gefahren, um gen\u00fcgend Garben f\u00fcr unsere Erntekrone zu binden. Anschlie\u00dfend unterst\u00fctzten die freiwilligen Helferinnen und Helfer beim Aufladen auf den Anh\u00e4nger. Vielen Dank f\u00fcr eure Hilfe und Unterst\u00fctzung, denn ohne euch w\u00fcrde es keine Erntekrone geben.<\/p>\n<p><span style=\"color: #ff6600;\">Falls hier Fotos eingestellt wurden, die nicht \u00f6ffentlich zu sehen sein sollen, bitte kurze Info an mich. Ich werde die Fotos dann umgehend entfernen.<\/span> <a href=\"info@fotolabsie.de\">info@fotolabsie.de<\/a><\/p>\nngg_shortcode_0_placeholder\n","protected":false},"excerpt":{"rendered":"<p>Die Vorbereitungen f\u00fcr das Erntefest 2025 nehmen ihren Lauf&#8230; Gestern Abend war um 19:30 Uhr treffen auf dem Hof von Blocks Huus. Nachdem der M\u00e4hbinder an der Zugmaschine angekoppelt war, ging die Fahrt quer durch Bassen \u00fcber die Borsteler Stra\u00dfe und Fuhrenkamp in die N\u00e4he von Fricke&#8217;s Gartencenter. Auf einem Feld dahinter stellt dieses Jahr [&hellip;]<\/p>\n","protected":false},"author":1,"featured_media":30423,"comment_status":"open","ping_status":"open","sticky":false,"template":"","format":"standard","meta":{"ngg_post_thumbnail":0,"footnotes":""},"categories":[1,239,278,3],"tags":[369,332,322,5,24,257,101,92],"class_list":["post-30419","post","type-post","status-publish","format-standard","has-post-thumbnail","hentry","category-allgemein","category-bassen","category-blocks-huus","category-erntefest","tag-369","tag-andi-rathjen","tag-andre-roebke","tag-bassen","tag-blocks-huus","tag-erntebraut","tag-erntefest-bassen","tag-erntekrone"],"_links":{"self":[{"href":"https:\/\/www.events-bassen.de\/index.php?rest_route=\/wp\/v2\/posts\/30419","targetHints":{"allow":["GET"]}}],"collection":[{"href":"https:\/\/www.events-bassen.de\/index.php?rest_route=\/wp\/v2\/posts"}],"about":[{"href":"https:\/\/www.events-bassen.de\/index.php?rest_route=\/wp\/v2\/types\/post"}],"author":[{"embeddable":true,"href":"https:\/\/www.events-bassen.de\/index.php?rest_route=\/wp\/v2\/users\/1"}],"replies":[{"embeddable":true,"href":"https:\/\/www.events-bassen.de\/index.php?rest_route=%2Fwp%2Fv2%2Fcomments&post=30419"}],"version-history":[{"count":3,"href":"https:\/\/www.events-bassen.de\/index.php?rest_route=\/wp\/v2\/posts\/30419\/revisions"}],"predecessor-version":[{"id":30422,"href":"https:\/\/www.events-bassen.de\/index.php?rest_route=\/wp\/v2\/posts\/30419\/revisions\/30422"}],"wp:featuredmedia":[{"embeddable":true,"href":"https:\/\/www.events-bassen.de\/index.php?rest_route=\/wp\/v2\/media\/30423"}],"wp:attachment":[{"href":"https:\/\/www.events-bassen.de\/index.php?rest_route=%2Fwp%2Fv2%2Fmedia&parent=30419"}],"wp:term":[{"taxonomy":"category","embeddable":true,"href":"https:\/\/www.events-bassen.de\/index.php?rest_route=%2Fwp%2Fv2%2Fcategories&post=30419"},{"taxonomy":"post_tag","embeddable":true,"href":"https:\/\/www.events-bassen.de\/index.php?rest_route=%2Fwp%2Fv2%2Ftags&post=30419"}],"curies":[{"name":"wp","href":"https:\/\/api.w.org\/{rel}","templated":true}]}}