{"id":3054,"date":"2012-09-02T15:34:28","date_gmt":"2012-09-02T15:34:28","guid":{"rendered":"http:\/\/www.events-bassen.de\/?p=3054"},"modified":"2016-12-20T19:38:59","modified_gmt":"2016-12-20T19:38:59","slug":"60-erntefest-der-ernteumzug","status":"publish","type":"post","link":"https:\/\/www.events-bassen.de\/?p=3054","title":{"rendered":"60. Erntefest in Bassen &#8211; Der Ernteumzug"},"content":{"rendered":"<p>Der legend\u00e4re Ernteumzug in Bassen startete dieses Jahr mit 49 Erntewagen !<br \/>\nVorweg das Erntepaar Janine Meyer und Frank Esselmann in ihrer Kutsche, gefolgt von unserer Erntekrone. Ab 13 Uhr Bassener Zeit reihten sich auf der Feldstrasse die Festwagen nach und nach auf. Wie jedes Jahr ein buntes Treiben und Selbstdarstellung vom Feinsten. Die Zuschauer wurden von den M\u00e4dels der Kaas-Koeppe mit K\u00e4seh\u00e4ppchen versorgt, Kinder wurden von Monstern aus dem Zauberwald erschreckt und wir holten uns die Akropolis als Pfand nach Bassen. <!--more-->Der Ideenreichtum war wiedermal beeindruckend und die Umsetzung liess nichts zu w\u00fcnschen \u00fcbrig. Um 14 Uhr wurde durch Frank Esselmann die Erntekrone mit den Worten: &#8222;Heran, heran Frau und Mann, Gross und Klein ihr alle sollt zugegen sein&#8230;&#8220; eingefordert.<br \/>\nDoch die Bassener gaben sich nicht mit einem karg geschm\u00fccktem Reisigbesen zufrieden \ud83d\ude09 Nach Protesten wurde die richtige Erntekrone herausgegeben.<br \/>\n14:36 Uhr fiel der Startschuss f\u00fcr den Umzug. Langsam setzten sich die Wagen in Bewegung und rollten durch unser Dorf. Die Freiwillige Feuerwehr Bassen sperrte auch dieses Jahr mehrmals die L168 komplett ab, um die Sicherheit der Ernteumzugsteilnehmer zu gew\u00e4hrleisten. Meiner Meinung nach wieder ein tolles Fest mit hervorragenden Erntewagen.<br \/>\nNach dem Ernteumzug kam die Preisverleihung. Den 1. Platz belegten die Griechen mit der Akropolis, den 2. Platz De l\u00fcttjen Hollner und den 3. Platz die die die Kirche im Dorf lassen wollten \ud83d\ude42<br \/>\nDie Bilder der anschliessenden Open-End Party findet ihr im n\u00e4chsten Bericht! Und nun viel Spass mit den Bildern.<\/p>\n<p><small><code>[fb-like-button]<\/code><\/small><\/p>\nngg_shortcode_0_placeholder\n","protected":false},"excerpt":{"rendered":"<p>Der legend\u00e4re Ernteumzug in Bassen startete dieses Jahr mit 49 Erntewagen ! Vorweg das Erntepaar Janine Meyer und Frank Esselmann in ihrer Kutsche, gefolgt von unserer Erntekrone. Ab 13 Uhr Bassener Zeit reihten sich auf der Feldstrasse die Festwagen nach und nach auf. Wie jedes Jahr ein buntes Treiben und Selbstdarstellung vom Feinsten. Die Zuschauer [&hellip;]<\/p>\n","protected":false},"author":1,"featured_media":3682,"comment_status":"open","ping_status":"open","sticky":false,"template":"","format":"standard","meta":{"ngg_post_thumbnail":0,"footnotes":""},"categories":[1,3],"tags":[86,95,99,93,94,89],"class_list":["post-3054","post","type-post","status-publish","format-standard","has-post-thumbnail","hentry","category-allgemein","category-erntefest","tag-erntefest-2012","tag-erntepaar-2012","tag-ernteumzug-2012","tag-frank-esselmann","tag-janine-meyer","tag-korn3"],"_links":{"self":[{"href":"https:\/\/www.events-bassen.de\/index.php?rest_route=\/wp\/v2\/posts\/3054","targetHints":{"allow":["GET"]}}],"collection":[{"href":"https:\/\/www.events-bassen.de\/index.php?rest_route=\/wp\/v2\/posts"}],"about":[{"href":"https:\/\/www.events-bassen.de\/index.php?rest_route=\/wp\/v2\/types\/post"}],"author":[{"embeddable":true,"href":"https:\/\/www.events-bassen.de\/index.php?rest_route=\/wp\/v2\/users\/1"}],"replies":[{"embeddable":true,"href":"https:\/\/www.events-bassen.de\/index.php?rest_route=%2Fwp%2Fv2%2Fcomments&post=3054"}],"version-history":[{"count":13,"href":"https:\/\/www.events-bassen.de\/index.php?rest_route=\/wp\/v2\/posts\/3054\/revisions"}],"predecessor-version":[{"id":15823,"href":"https:\/\/www.events-bassen.de\/index.php?rest_route=\/wp\/v2\/posts\/3054\/revisions\/15823"}],"wp:featuredmedia":[{"embeddable":true,"href":"https:\/\/www.events-bassen.de\/index.php?rest_route=\/wp\/v2\/media\/3682"}],"wp:attachment":[{"href":"https:\/\/www.events-bassen.de\/index.php?rest_route=%2Fwp%2Fv2%2Fmedia&parent=3054"}],"wp:term":[{"taxonomy":"category","embeddable":true,"href":"https:\/\/www.events-bassen.de\/index.php?rest_route=%2Fwp%2Fv2%2Fcategories&post=3054"},{"taxonomy":"post_tag","embeddable":true,"href":"https:\/\/www.events-bassen.de\/index.php?rest_route=%2Fwp%2Fv2%2Ftags&post=3054"}],"curies":[{"name":"wp","href":"https:\/\/api.w.org\/{rel}","templated":true}]}}