{"id":323,"date":"2008-09-08T18:09:42","date_gmt":"2008-09-08T18:09:42","guid":{"rendered":"http:\/\/www.events-bassen.de\/?p=323"},"modified":"2016-09-30T15:32:01","modified_gmt":"2016-09-30T15:32:01","slug":"erntefest-2008","status":"publish","type":"post","link":"https:\/\/www.events-bassen.de\/?p=323","title":{"rendered":"Erntefest 2008"},"content":{"rendered":"<p style=\"text-align: justify;\">Und wieder startet in diesem Jahr das 4 t\u00e4gige Erntefest in Bassen. Alle B\u00fcrgersteige, sofern vorhanden wurden runtergeklappt und blitzeblank poliert. Die Gemeinde lie\u00df auch dieses Jahr wieder ihre Stra\u00dfenfeger und G\u00e4rtner antreten um im Dorf f\u00fcr Ordnung zu sorgen. Das diesj\u00e4hrige Erntepaar <!--more-->Imke H\u00f6ge und Heiko Heemsoth waren das 56. Erntepaar in Bassen. Dieses Jahr wurde erstmals unser Erntefest &#8222;offiziell&#8220; er\u00f6ffnet mit einer Erntefahne, die auf dem Festplatz von Blocks Huus gehisst wurde. Nach dem Bierfassanstich ging es auch gleich los, denn die Erntekrone mu\u00df ja fertig werden. W\u00e4hrend die Kinder ihre Laternen durch den Ort tragen und &#8222;Laterne, Laterne&#8220; singen, w\u00e4chst in der Festscheune von Blocks Huus stetig unsere Erntekrone.<br \/>\nAm Freitag fand die Kinder Disko statt und danach durften die &#8222;Alten&#8220; ran. Die DJ&#8217;s Schmitti und Rallic heizten der Festscheune wiedermal richtig ein und lie\u00dfen die B\u00e4sse bis tief in die Nacht h\u00e4mmern.<br \/>\nAm Samstag startete der Ernteumzug mit rund 50 Wagen durch die Dohmstra\u00dfe &#8211; Moorstra\u00dfe &#8211; Langer Berg &#8211; Heidort &#8211; und zur\u00fcck zum Festplatz. Anschlie\u00dfend fand die Pr\u00e4mierung der Erntewagen statt. Die Band Squeeze \u00fcbernahm dann den Rest des Abends mit Livemusik und versuchte das Publikum m\u00fcde zu bekommen, was aber nicht gelang.<br \/>\nAm Sonntag begann p\u00fcnktlich um 9:30 Uhr der gut besuchte Gottesdienst mit anschlie\u00dfendem Fr\u00fchschoppen und Livemusik. Erstmalig fand dieses Jahr eine Oldtimerparade statt, der Oytener Lanz-Bulldog-Club und der Borgward Club Bremen stellten ebenfalls historische Fahrzeuge aus. Um 16:30 Uhr wurde dann das Erntefest beendet und unsere neue Erntefahne eingeholt. Juhu wiedereinmal hat Bassen es geschafft &#8211; und nun los auf&#8217;s n\u00e4chste Jahr freuen.<\/p>\n<p><small><code>[fb-like-button]<\/code><\/small><\/p>\n<p><!-- default-view.php -->\n<div\n\tclass=\"ngg-galleryoverview default-view\n\t ngg-ajax-pagination-none\t\"\n\tid=\"ngg-gallery-9f2319f1dba98b7999665e7279cd2ec3-1\">\n\n\t\t<!-- Thumbnails -->\n\t\t\t\t<div id=\"ngg-image-0\" class=\"ngg-gallery-thumbnail-box\n\t\t\t\t\t\t\t\t\t\t\t\"\n\t\t\t>\n\t\t\t\t\t\t<div class=\"ngg-gallery-thumbnail\">\n\t\t\t<a href=\"https:\/\/www.events-bassen.de\/wp-content\/gallery\/2008-ernteumzug\/IMG_3346.jpg\"\n\t\t\t\ttitle=\"\"\n\t\t\t\tdata-src=\"https:\/\/www.events-bassen.de\/wp-content\/gallery\/2008-ernteumzug\/IMG_3346.jpg\"\n\t\t\t\tdata-thumbnail=\"https:\/\/www.events-bassen.de\/wp-content\/gallery\/2008-ernteumzug\/thumbs\/thumbs_IMG_3346.jpg\"\n\t\t\t\tdata-image-id=\"2508\"\n\t\t\t\tdata-title=\"IMG_3346\"\n\t\t\t\tdata-description=\"\"\n\t\t\t\tdata-image-slug=\"img_3346\"\n\t\t\t\tclass=\"ngg-simplelightbox\" rel=\"9f2319f1dba98b7999665e7279cd2ec3\">\n\t\t\t\t<img\n\t\t\t\t\ttitle=\"IMG_3346\"\n\t\t\t\t\talt=\"IMG_3346\"\n\t\t\t\t\tsrc=\"https:\/\/www.events-bassen.de\/wp-content\/gallery\/2008-ernteumzug\/thumbs\/thumbs_IMG_3346.jpg\"\n\t\t\t\t\twidth=\"120\"\n\t\t\t\t\theight=\"80\"\n\t\t\t\t\tstyle=\"max-width:100%;\"\n\t\t\t\t\/>\n\t\t\t<\/a>\n\t\t<\/div>\n\t\t\t\t\t\t\t<\/div>\n\t\t\t\n\t\t\t\t<div id=\"ngg-image-1\" class=\"ngg-gallery-thumbnail-box\n\t\t\t\t\t\t\t\t\t\t\t\"\n\t\t\t>\n\t\t\t\t\t\t<div class=\"ngg-gallery-thumbnail\">\n\t\t\t<a href=\"https:\/\/www.events-bassen.de\/wp-content\/gallery\/2008-ernteumzug\/IMG_3349.jpg\"\n\t\t\t\ttitle=\"\"\n\t\t\t\tdata-src=\"https:\/\/www.events-bassen.de\/wp-content\/gallery\/2008-ernteumzug\/IMG_3349.jpg\"\n\t\t\t\tdata-thumbnail=\"https:\/\/www.events-bassen.de\/wp-content\/gallery\/2008-ernteumzug\/thumbs\/thumbs_IMG_3349.jpg\"\n\t\t\t\tdata-image-id=\"2509\"\n\t\t\t\tdata-title=\"IMG_3349\"\n\t\t\t\tdata-description=\"\"\n\t\t\t\tdata-image-slug=\"img_3349-1\"\n\t\t\t\tclass=\"ngg-simplelightbox\" rel=\"9f2319f1dba98b7999665e7279cd2ec3\">\n\t\t\t\t<img\n\t\t\t\t\ttitle=\"IMG_3349\"\n\t\t\t\t\talt=\"IMG_3349\"\n\t\t\t\t\tsrc=\"https:\/\/www.events-bassen.de\/wp-content\/gallery\/2008-ernteumzug\/thumbs\/thumbs_IMG_3349.jpg\"\n\t\t\t\t\twidth=\"120\"\n\t\t\t\t\theight=\"80\"\n\t\t\t\t\tstyle=\"max-width:100%;\"\n\t\t\t\t\/>\n\t\t\t<\/a>\n\t\t<\/div>\n\t\t\t\t\t\t\t<\/div>\n\t\t\t\n\t\t\t\t<div id=\"ngg-image-2\" class=\"ngg-gallery-thumbnail-box\n\t\t\t\t\t\t\t\t\t\t\t\"\n\t\t\t>\n\t\t\t\t\t\t<div class=\"ngg-gallery-thumbnail\">\n\t\t\t<a href=\"https:\/\/www.events-bassen.de\/wp-content\/gallery\/2008-ernteumzug\/IMG_3356.jpg\"\n\t\t\t\ttitle=\"\"\n\t\t\t\tdata-src=\"https:\/\/www.events-bassen.de\/wp-content\/gallery\/2008-ernteumzug\/IMG_3356.jpg\"\n\t\t\t\tdata-thumbnail=\"https:\/\/www.events-bassen.de\/wp-content\/gallery\/2008-ernteumzug\/thumbs\/thumbs_IMG_3356.jpg\"\n\t\t\t\tdata-image-id=\"2511\"\n\t\t\t\tdata-title=\"IMG_3356\"\n\t\t\t\tdata-description=\"\"\n\t\t\t\tdata-image-slug=\"img_3356-1\"\n\t\t\t\tclass=\"ngg-simplelightbox\" rel=\"9f2319f1dba98b7999665e7279cd2ec3\">\n\t\t\t\t<img\n\t\t\t\t\ttitle=\"IMG_3356\"\n\t\t\t\t\talt=\"IMG_3356\"\n\t\t\t\t\tsrc=\"https:\/\/www.events-bassen.de\/wp-content\/gallery\/2008-ernteumzug\/thumbs\/thumbs_IMG_3356.jpg\"\n\t\t\t\t\twidth=\"120\"\n\t\t\t\t\theight=\"80\"\n\t\t\t\t\tstyle=\"max-width:100%;\"\n\t\t\t\t\/>\n\t\t\t<\/a>\n\t\t<\/div>\n\t\t\t\t\t\t\t<\/div>\n\t\t\t\n\t\t\t\t<div id=\"ngg-image-3\" class=\"ngg-gallery-thumbnail-box\n\t\t\t\t\t\t\t\t\t\t\t\"\n\t\t\t>\n\t\t\t\t\t\t<div class=\"ngg-gallery-thumbnail\">\n\t\t\t<a href=\"https:\/\/www.events-bassen.de\/wp-content\/gallery\/2008-ernteumzug\/IMG_3357.jpg\"\n\t\t\t\ttitle=\"\"\n\t\t\t\tdata-src=\"https:\/\/www.events-bassen.de\/wp-content\/gallery\/2008-ernteumzug\/IMG_3357.jpg\"\n\t\t\t\tdata-thumbnail=\"https:\/\/www.events-bassen.de\/wp-content\/gallery\/2008-ernteumzug\/thumbs\/thumbs_IMG_3357.jpg\"\n\t\t\t\tdata-image-id=\"2512\"\n\t\t\t\tdata-title=\"IMG_3357\"\n\t\t\t\tdata-description=\"\"\n\t\t\t\tdata-image-slug=\"img_3357\"\n\t\t\t\tclass=\"ngg-simplelightbox\" rel=\"9f2319f1dba98b7999665e7279cd2ec3\">\n\t\t\t\t<img\n\t\t\t\t\ttitle=\"IMG_3357\"\n\t\t\t\t\talt=\"IMG_3357\"\n\t\t\t\t\tsrc=\"https:\/\/www.events-bassen.de\/wp-content\/gallery\/2008-ernteumzug\/thumbs\/thumbs_IMG_3357.jpg\"\n\t\t\t\t\twidth=\"120\"\n\t\t\t\t\theight=\"80\"\n\t\t\t\t\tstyle=\"max-width:100%;\"\n\t\t\t\t\/>\n\t\t\t<\/a>\n\t\t<\/div>\n\t\t\t\t\t\t\t<\/div>\n\t\t\t\n\t\t\t\t<div id=\"ngg-image-4\" class=\"ngg-gallery-thumbnail-box\n\t\t\t\t\t\t\t\t\t\t\t\"\n\t\t\t>\n\t\t\t\t\t\t<div class=\"ngg-gallery-thumbnail\">\n\t\t\t<a href=\"https:\/\/www.events-bassen.de\/wp-content\/gallery\/2008-ernteumzug\/IMG_3361.jpg\"\n\t\t\t\ttitle=\"\"\n\t\t\t\tdata-src=\"https:\/\/www.events-bassen.de\/wp-content\/gallery\/2008-ernteumzug\/IMG_3361.jpg\"\n\t\t\t\tdata-thumbnail=\"https:\/\/www.events-bassen.de\/wp-content\/gallery\/2008-ernteumzug\/thumbs\/thumbs_IMG_3361.jpg\"\n\t\t\t\tdata-image-id=\"2513\"\n\t\t\t\tdata-title=\"IMG_3361\"\n\t\t\t\tdata-description=\"\"\n\t\t\t\tdata-image-slug=\"img_3361\"\n\t\t\t\tclass=\"ngg-simplelightbox\" rel=\"9f2319f1dba98b7999665e7279cd2ec3\">\n\t\t\t\t<img\n\t\t\t\t\ttitle=\"IMG_3361\"\n\t\t\t\t\talt=\"IMG_3361\"\n\t\t\t\t\tsrc=\"https:\/\/www.events-bassen.de\/wp-content\/gallery\/2008-ernteumzug\/thumbs\/thumbs_IMG_3361.jpg\"\n\t\t\t\t\twidth=\"120\"\n\t\t\t\t\theight=\"80\"\n\t\t\t\t\tstyle=\"max-width:100%;\"\n\t\t\t\t\/>\n\t\t\t<\/a>\n\t\t<\/div>\n\t\t\t\t\t\t\t<\/div>\n\t\t\t\n\t\t\t\t<div id=\"ngg-image-5\" class=\"ngg-gallery-thumbnail-box\n\t\t\t\t\t\t\t\t\t\t\t\"\n\t\t\t>\n\t\t\t\t\t\t<div class=\"ngg-gallery-thumbnail\">\n\t\t\t<a href=\"https:\/\/www.events-bassen.de\/wp-content\/gallery\/2008-ernteumzug\/IMG_3364.jpg\"\n\t\t\t\ttitle=\"\"\n\t\t\t\tdata-src=\"https:\/\/www.events-bassen.de\/wp-content\/gallery\/2008-ernteumzug\/IMG_3364.jpg\"\n\t\t\t\tdata-thumbnail=\"https:\/\/www.events-bassen.de\/wp-content\/gallery\/2008-ernteumzug\/thumbs\/thumbs_IMG_3364.jpg\"\n\t\t\t\tdata-image-id=\"2515\"\n\t\t\t\tdata-title=\"IMG_3364\"\n\t\t\t\tdata-description=\"\"\n\t\t\t\tdata-image-slug=\"img_3364\"\n\t\t\t\tclass=\"ngg-simplelightbox\" rel=\"9f2319f1dba98b7999665e7279cd2ec3\">\n\t\t\t\t<img\n\t\t\t\t\ttitle=\"IMG_3364\"\n\t\t\t\t\talt=\"IMG_3364\"\n\t\t\t\t\tsrc=\"https:\/\/www.events-bassen.de\/wp-content\/gallery\/2008-ernteumzug\/thumbs\/thumbs_IMG_3364.jpg\"\n\t\t\t\t\twidth=\"120\"\n\t\t\t\t\theight=\"80\"\n\t\t\t\t\tstyle=\"max-width:100%;\"\n\t\t\t\t\/>\n\t\t\t<\/a>\n\t\t<\/div>\n\t\t\t\t\t\t\t<\/div>\n\t\t\t\n\t\t\t\t<div id=\"ngg-image-6\" class=\"ngg-gallery-thumbnail-box\n\t\t\t\t\t\t\t\t\t\t\t\"\n\t\t\t>\n\t\t\t\t\t\t<div class=\"ngg-gallery-thumbnail\">\n\t\t\t<a href=\"https:\/\/www.events-bassen.de\/wp-content\/gallery\/2008-ernteumzug\/IMG_3365.jpg\"\n\t\t\t\ttitle=\"\"\n\t\t\t\tdata-src=\"https:\/\/www.events-bassen.de\/wp-content\/gallery\/2008-ernteumzug\/IMG_3365.jpg\"\n\t\t\t\tdata-thumbnail=\"https:\/\/www.events-bassen.de\/wp-content\/gallery\/2008-ernteumzug\/thumbs\/thumbs_IMG_3365.jpg\"\n\t\t\t\tdata-image-id=\"2516\"\n\t\t\t\tdata-title=\"IMG_3365\"\n\t\t\t\tdata-description=\"\"\n\t\t\t\tdata-image-slug=\"img_3365\"\n\t\t\t\tclass=\"ngg-simplelightbox\" rel=\"9f2319f1dba98b7999665e7279cd2ec3\">\n\t\t\t\t<img\n\t\t\t\t\ttitle=\"IMG_3365\"\n\t\t\t\t\talt=\"IMG_3365\"\n\t\t\t\t\tsrc=\"https:\/\/www.events-bassen.de\/wp-content\/gallery\/2008-ernteumzug\/thumbs\/thumbs_IMG_3365.jpg\"\n\t\t\t\t\twidth=\"120\"\n\t\t\t\t\theight=\"80\"\n\t\t\t\t\tstyle=\"max-width:100%;\"\n\t\t\t\t\/>\n\t\t\t<\/a>\n\t\t<\/div>\n\t\t\t\t\t\t\t<\/div>\n\t\t\t\n\t\t\t\t<div id=\"ngg-image-7\" class=\"ngg-gallery-thumbnail-box\n\t\t\t\t\t\t\t\t\t\t\t\"\n\t\t\t>\n\t\t\t\t\t\t<div class=\"ngg-gallery-thumbnail\">\n\t\t\t<a href=\"https:\/\/www.events-bassen.de\/wp-content\/gallery\/2008-ernteumzug\/IMG_3368.jpg\"\n\t\t\t\ttitle=\"\"\n\t\t\t\tdata-src=\"https:\/\/www.events-bassen.de\/wp-content\/gallery\/2008-ernteumzug\/IMG_3368.jpg\"\n\t\t\t\tdata-thumbnail=\"https:\/\/www.events-bassen.de\/wp-content\/gallery\/2008-ernteumzug\/thumbs\/thumbs_IMG_3368.jpg\"\n\t\t\t\tdata-image-id=\"2517\"\n\t\t\t\tdata-title=\"IMG_3368\"\n\t\t\t\tdata-description=\"\"\n\t\t\t\tdata-image-slug=\"img_3368\"\n\t\t\t\tclass=\"ngg-simplelightbox\" rel=\"9f2319f1dba98b7999665e7279cd2ec3\">\n\t\t\t\t<img\n\t\t\t\t\ttitle=\"IMG_3368\"\n\t\t\t\t\talt=\"IMG_3368\"\n\t\t\t\t\tsrc=\"https:\/\/www.events-bassen.de\/wp-content\/gallery\/2008-ernteumzug\/thumbs\/thumbs_IMG_3368.jpg\"\n\t\t\t\t\twidth=\"120\"\n\t\t\t\t\theight=\"80\"\n\t\t\t\t\tstyle=\"max-width:100%;\"\n\t\t\t\t\/>\n\t\t\t<\/a>\n\t\t<\/div>\n\t\t\t\t\t\t\t<\/div>\n\t\t\t\n\t\t\t\t<div id=\"ngg-image-8\" class=\"ngg-gallery-thumbnail-box\n\t\t\t\t\t\t\t\t\t\t\t\"\n\t\t\t>\n\t\t\t\t\t\t<div class=\"ngg-gallery-thumbnail\">\n\t\t\t<a href=\"https:\/\/www.events-bassen.de\/wp-content\/gallery\/2008-ernteumzug\/IMG_3374.jpg\"\n\t\t\t\ttitle=\"\"\n\t\t\t\tdata-src=\"https:\/\/www.events-bassen.de\/wp-content\/gallery\/2008-ernteumzug\/IMG_3374.jpg\"\n\t\t\t\tdata-thumbnail=\"https:\/\/www.events-bassen.de\/wp-content\/gallery\/2008-ernteumzug\/thumbs\/thumbs_IMG_3374.jpg\"\n\t\t\t\tdata-image-id=\"2519\"\n\t\t\t\tdata-title=\"IMG_3374\"\n\t\t\t\tdata-description=\"\"\n\t\t\t\tdata-image-slug=\"img_3374\"\n\t\t\t\tclass=\"ngg-simplelightbox\" rel=\"9f2319f1dba98b7999665e7279cd2ec3\">\n\t\t\t\t<img\n\t\t\t\t\ttitle=\"IMG_3374\"\n\t\t\t\t\talt=\"IMG_3374\"\n\t\t\t\t\tsrc=\"https:\/\/www.events-bassen.de\/wp-content\/gallery\/2008-ernteumzug\/thumbs\/thumbs_IMG_3374.jpg\"\n\t\t\t\t\twidth=\"120\"\n\t\t\t\t\theight=\"80\"\n\t\t\t\t\tstyle=\"max-width:100%;\"\n\t\t\t\t\/>\n\t\t\t<\/a>\n\t\t<\/div>\n\t\t\t\t\t\t\t<\/div>\n\t\t\t\n\t\t\t\t<div id=\"ngg-image-9\" class=\"ngg-gallery-thumbnail-box\n\t\t\t\t\t\t\t\t\t\t\t\"\n\t\t\t>\n\t\t\t\t\t\t<div class=\"ngg-gallery-thumbnail\">\n\t\t\t<a href=\"https:\/\/www.events-bassen.de\/wp-content\/gallery\/2008-ernteumzug\/IMG_3376.jpg\"\n\t\t\t\ttitle=\"\"\n\t\t\t\tdata-src=\"https:\/\/www.events-bassen.de\/wp-content\/gallery\/2008-ernteumzug\/IMG_3376.jpg\"\n\t\t\t\tdata-thumbnail=\"https:\/\/www.events-bassen.de\/wp-content\/gallery\/2008-ernteumzug\/thumbs\/thumbs_IMG_3376.jpg\"\n\t\t\t\tdata-image-id=\"2520\"\n\t\t\t\tdata-title=\"IMG_3376\"\n\t\t\t\tdata-description=\"\"\n\t\t\t\tdata-image-slug=\"img_3376\"\n\t\t\t\tclass=\"ngg-simplelightbox\" rel=\"9f2319f1dba98b7999665e7279cd2ec3\">\n\t\t\t\t<img\n\t\t\t\t\ttitle=\"IMG_3376\"\n\t\t\t\t\talt=\"IMG_3376\"\n\t\t\t\t\tsrc=\"https:\/\/www.events-bassen.de\/wp-content\/gallery\/2008-ernteumzug\/thumbs\/thumbs_IMG_3376.jpg\"\n\t\t\t\t\twidth=\"120\"\n\t\t\t\t\theight=\"80\"\n\t\t\t\t\tstyle=\"max-width:100%;\"\n\t\t\t\t\/>\n\t\t\t<\/a>\n\t\t<\/div>\n\t\t\t\t\t\t\t<\/div>\n\t\t\t\n\t\t\t\t<div id=\"ngg-image-10\" class=\"ngg-gallery-thumbnail-box\n\t\t\t\t\t\t\t\t\t\t\t\"\n\t\t\t>\n\t\t\t\t\t\t<div class=\"ngg-gallery-thumbnail\">\n\t\t\t<a href=\"https:\/\/www.events-bassen.de\/wp-content\/gallery\/2008-ernteumzug\/IMG_3381.jpg\"\n\t\t\t\ttitle=\"\"\n\t\t\t\tdata-src=\"https:\/\/www.events-bassen.de\/wp-content\/gallery\/2008-ernteumzug\/IMG_3381.jpg\"\n\t\t\t\tdata-thumbnail=\"https:\/\/www.events-bassen.de\/wp-content\/gallery\/2008-ernteumzug\/thumbs\/thumbs_IMG_3381.jpg\"\n\t\t\t\tdata-image-id=\"2521\"\n\t\t\t\tdata-title=\"IMG_3381\"\n\t\t\t\tdata-description=\"\"\n\t\t\t\tdata-image-slug=\"img_3381\"\n\t\t\t\tclass=\"ngg-simplelightbox\" rel=\"9f2319f1dba98b7999665e7279cd2ec3\">\n\t\t\t\t<img\n\t\t\t\t\ttitle=\"IMG_3381\"\n\t\t\t\t\talt=\"IMG_3381\"\n\t\t\t\t\tsrc=\"https:\/\/www.events-bassen.de\/wp-content\/gallery\/2008-ernteumzug\/thumbs\/thumbs_IMG_3381.jpg\"\n\t\t\t\t\twidth=\"120\"\n\t\t\t\t\theight=\"80\"\n\t\t\t\t\tstyle=\"max-width:100%;\"\n\t\t\t\t\/>\n\t\t\t<\/a>\n\t\t<\/div>\n\t\t\t\t\t\t\t<\/div>\n\t\t\t\n\t\t\t\t<div id=\"ngg-image-11\" class=\"ngg-gallery-thumbnail-box\n\t\t\t\t\t\t\t\t\t\t\t\"\n\t\t\t>\n\t\t\t\t\t\t<div class=\"ngg-gallery-thumbnail\">\n\t\t\t<a href=\"https:\/\/www.events-bassen.de\/wp-content\/gallery\/2008-ernteumzug\/IMG_3406.jpg\"\n\t\t\t\ttitle=\"\"\n\t\t\t\tdata-src=\"https:\/\/www.events-bassen.de\/wp-content\/gallery\/2008-ernteumzug\/IMG_3406.jpg\"\n\t\t\t\tdata-thumbnail=\"https:\/\/www.events-bassen.de\/wp-content\/gallery\/2008-ernteumzug\/thumbs\/thumbs_IMG_3406.jpg\"\n\t\t\t\tdata-image-id=\"2523\"\n\t\t\t\tdata-title=\"IMG_3406\"\n\t\t\t\tdata-description=\"\"\n\t\t\t\tdata-image-slug=\"img_3406\"\n\t\t\t\tclass=\"ngg-simplelightbox\" rel=\"9f2319f1dba98b7999665e7279cd2ec3\">\n\t\t\t\t<img\n\t\t\t\t\ttitle=\"IMG_3406\"\n\t\t\t\t\talt=\"IMG_3406\"\n\t\t\t\t\tsrc=\"https:\/\/www.events-bassen.de\/wp-content\/gallery\/2008-ernteumzug\/thumbs\/thumbs_IMG_3406.jpg\"\n\t\t\t\t\twidth=\"120\"\n\t\t\t\t\theight=\"80\"\n\t\t\t\t\tstyle=\"max-width:100%;\"\n\t\t\t\t\/>\n\t\t\t<\/a>\n\t\t<\/div>\n\t\t\t\t\t\t\t<\/div>\n\t\t\t\n\t\t\t\t<div id=\"ngg-image-12\" class=\"ngg-gallery-thumbnail-box\n\t\t\t\t\t\t\t\t\t\t\t\"\n\t\t\t>\n\t\t\t\t\t\t<div class=\"ngg-gallery-thumbnail\">\n\t\t\t<a href=\"https:\/\/www.events-bassen.de\/wp-content\/gallery\/2008-ernteumzug\/IMG_3416.jpg\"\n\t\t\t\ttitle=\"\"\n\t\t\t\tdata-src=\"https:\/\/www.events-bassen.de\/wp-content\/gallery\/2008-ernteumzug\/IMG_3416.jpg\"\n\t\t\t\tdata-thumbnail=\"https:\/\/www.events-bassen.de\/wp-content\/gallery\/2008-ernteumzug\/thumbs\/thumbs_IMG_3416.jpg\"\n\t\t\t\tdata-image-id=\"2524\"\n\t\t\t\tdata-title=\"IMG_3416\"\n\t\t\t\tdata-description=\"\"\n\t\t\t\tdata-image-slug=\"img_3416\"\n\t\t\t\tclass=\"ngg-simplelightbox\" rel=\"9f2319f1dba98b7999665e7279cd2ec3\">\n\t\t\t\t<img\n\t\t\t\t\ttitle=\"IMG_3416\"\n\t\t\t\t\talt=\"IMG_3416\"\n\t\t\t\t\tsrc=\"https:\/\/www.events-bassen.de\/wp-content\/gallery\/2008-ernteumzug\/thumbs\/thumbs_IMG_3416.jpg\"\n\t\t\t\t\twidth=\"120\"\n\t\t\t\t\theight=\"80\"\n\t\t\t\t\tstyle=\"max-width:100%;\"\n\t\t\t\t\/>\n\t\t\t<\/a>\n\t\t<\/div>\n\t\t\t\t\t\t\t<\/div>\n\t\t\t\n\t\t\t\t<div id=\"ngg-image-13\" class=\"ngg-gallery-thumbnail-box\n\t\t\t\t\t\t\t\t\t\t\t\"\n\t\t\t>\n\t\t\t\t\t\t<div class=\"ngg-gallery-thumbnail\">\n\t\t\t<a href=\"https:\/\/www.events-bassen.de\/wp-content\/gallery\/2008-ernteumzug\/IMG_3446.jpg\"\n\t\t\t\ttitle=\"\"\n\t\t\t\tdata-src=\"https:\/\/www.events-bassen.de\/wp-content\/gallery\/2008-ernteumzug\/IMG_3446.jpg\"\n\t\t\t\tdata-thumbnail=\"https:\/\/www.events-bassen.de\/wp-content\/gallery\/2008-ernteumzug\/thumbs\/thumbs_IMG_3446.jpg\"\n\t\t\t\tdata-image-id=\"2525\"\n\t\t\t\tdata-title=\"IMG_3446\"\n\t\t\t\tdata-description=\"\"\n\t\t\t\tdata-image-slug=\"img_3446\"\n\t\t\t\tclass=\"ngg-simplelightbox\" rel=\"9f2319f1dba98b7999665e7279cd2ec3\">\n\t\t\t\t<img\n\t\t\t\t\ttitle=\"IMG_3446\"\n\t\t\t\t\talt=\"IMG_3446\"\n\t\t\t\t\tsrc=\"https:\/\/www.events-bassen.de\/wp-content\/gallery\/2008-ernteumzug\/thumbs\/thumbs_IMG_3446.jpg\"\n\t\t\t\t\twidth=\"120\"\n\t\t\t\t\theight=\"80\"\n\t\t\t\t\tstyle=\"max-width:100%;\"\n\t\t\t\t\/>\n\t\t\t<\/a>\n\t\t<\/div>\n\t\t\t\t\t\t\t<\/div>\n\t\t\t\n\t\t\t\t<div id=\"ngg-image-14\" class=\"ngg-gallery-thumbnail-box\n\t\t\t\t\t\t\t\t\t\t\t\"\n\t\t\t>\n\t\t\t\t\t\t<div class=\"ngg-gallery-thumbnail\">\n\t\t\t<a href=\"https:\/\/www.events-bassen.de\/wp-content\/gallery\/2008-ernteumzug\/IMG_3478.jpg\"\n\t\t\t\ttitle=\"\"\n\t\t\t\tdata-src=\"https:\/\/www.events-bassen.de\/wp-content\/gallery\/2008-ernteumzug\/IMG_3478.jpg\"\n\t\t\t\tdata-thumbnail=\"https:\/\/www.events-bassen.de\/wp-content\/gallery\/2008-ernteumzug\/thumbs\/thumbs_IMG_3478.jpg\"\n\t\t\t\tdata-image-id=\"2527\"\n\t\t\t\tdata-title=\"IMG_3478\"\n\t\t\t\tdata-description=\"\"\n\t\t\t\tdata-image-slug=\"img_3478\"\n\t\t\t\tclass=\"ngg-simplelightbox\" rel=\"9f2319f1dba98b7999665e7279cd2ec3\">\n\t\t\t\t<img\n\t\t\t\t\ttitle=\"IMG_3478\"\n\t\t\t\t\talt=\"IMG_3478\"\n\t\t\t\t\tsrc=\"https:\/\/www.events-bassen.de\/wp-content\/gallery\/2008-ernteumzug\/thumbs\/thumbs_IMG_3478.jpg\"\n\t\t\t\t\twidth=\"120\"\n\t\t\t\t\theight=\"80\"\n\t\t\t\t\tstyle=\"max-width:100%;\"\n\t\t\t\t\/>\n\t\t\t<\/a>\n\t\t<\/div>\n\t\t\t\t\t\t\t<\/div>\n\t\t\t\n\t\t\t\t<div id=\"ngg-image-15\" class=\"ngg-gallery-thumbnail-box\n\t\t\t\t\t\t\t\t\t\t\t\"\n\t\t\t>\n\t\t\t\t\t\t<div class=\"ngg-gallery-thumbnail\">\n\t\t\t<a href=\"https:\/\/www.events-bassen.de\/wp-content\/gallery\/2008-ernteumzug\/IMG_3485.jpg\"\n\t\t\t\ttitle=\"\"\n\t\t\t\tdata-src=\"https:\/\/www.events-bassen.de\/wp-content\/gallery\/2008-ernteumzug\/IMG_3485.jpg\"\n\t\t\t\tdata-thumbnail=\"https:\/\/www.events-bassen.de\/wp-content\/gallery\/2008-ernteumzug\/thumbs\/thumbs_IMG_3485.jpg\"\n\t\t\t\tdata-image-id=\"2528\"\n\t\t\t\tdata-title=\"IMG_3485\"\n\t\t\t\tdata-description=\"\"\n\t\t\t\tdata-image-slug=\"img_3485\"\n\t\t\t\tclass=\"ngg-simplelightbox\" rel=\"9f2319f1dba98b7999665e7279cd2ec3\">\n\t\t\t\t<img\n\t\t\t\t\ttitle=\"IMG_3485\"\n\t\t\t\t\talt=\"IMG_3485\"\n\t\t\t\t\tsrc=\"https:\/\/www.events-bassen.de\/wp-content\/gallery\/2008-ernteumzug\/thumbs\/thumbs_IMG_3485.jpg\"\n\t\t\t\t\twidth=\"120\"\n\t\t\t\t\theight=\"80\"\n\t\t\t\t\tstyle=\"max-width:100%;\"\n\t\t\t\t\/>\n\t\t\t<\/a>\n\t\t<\/div>\n\t\t\t\t\t\t\t<\/div>\n\t\t\t\n\t\t\t\t<div id=\"ngg-image-16\" class=\"ngg-gallery-thumbnail-box\n\t\t\t\t\t\t\t\t\t\t\t\"\n\t\t\t>\n\t\t\t\t\t\t<div class=\"ngg-gallery-thumbnail\">\n\t\t\t<a href=\"https:\/\/www.events-bassen.de\/wp-content\/gallery\/2008-ernteumzug\/IMG_3507.jpg\"\n\t\t\t\ttitle=\"\"\n\t\t\t\tdata-src=\"https:\/\/www.events-bassen.de\/wp-content\/gallery\/2008-ernteumzug\/IMG_3507.jpg\"\n\t\t\t\tdata-thumbnail=\"https:\/\/www.events-bassen.de\/wp-content\/gallery\/2008-ernteumzug\/thumbs\/thumbs_IMG_3507.jpg\"\n\t\t\t\tdata-image-id=\"2530\"\n\t\t\t\tdata-title=\"IMG_3507\"\n\t\t\t\tdata-description=\"\"\n\t\t\t\tdata-image-slug=\"img_3507\"\n\t\t\t\tclass=\"ngg-simplelightbox\" rel=\"9f2319f1dba98b7999665e7279cd2ec3\">\n\t\t\t\t<img\n\t\t\t\t\ttitle=\"IMG_3507\"\n\t\t\t\t\talt=\"IMG_3507\"\n\t\t\t\t\tsrc=\"https:\/\/www.events-bassen.de\/wp-content\/gallery\/2008-ernteumzug\/thumbs\/thumbs_IMG_3507.jpg\"\n\t\t\t\t\twidth=\"120\"\n\t\t\t\t\theight=\"80\"\n\t\t\t\t\tstyle=\"max-width:100%;\"\n\t\t\t\t\/>\n\t\t\t<\/a>\n\t\t<\/div>\n\t\t\t\t\t\t\t<\/div>\n\t\t\t\n\t\t\t\t<div id=\"ngg-image-17\" class=\"ngg-gallery-thumbnail-box\n\t\t\t\t\t\t\t\t\t\t\t\"\n\t\t\t>\n\t\t\t\t\t\t<div class=\"ngg-gallery-thumbnail\">\n\t\t\t<a href=\"https:\/\/www.events-bassen.de\/wp-content\/gallery\/2008-ernteumzug\/IMG_3510.jpg\"\n\t\t\t\ttitle=\"\"\n\t\t\t\tdata-src=\"https:\/\/www.events-bassen.de\/wp-content\/gallery\/2008-ernteumzug\/IMG_3510.jpg\"\n\t\t\t\tdata-thumbnail=\"https:\/\/www.events-bassen.de\/wp-content\/gallery\/2008-ernteumzug\/thumbs\/thumbs_IMG_3510.jpg\"\n\t\t\t\tdata-image-id=\"2531\"\n\t\t\t\tdata-title=\"IMG_3510\"\n\t\t\t\tdata-description=\"\"\n\t\t\t\tdata-image-slug=\"img_3510\"\n\t\t\t\tclass=\"ngg-simplelightbox\" rel=\"9f2319f1dba98b7999665e7279cd2ec3\">\n\t\t\t\t<img\n\t\t\t\t\ttitle=\"IMG_3510\"\n\t\t\t\t\talt=\"IMG_3510\"\n\t\t\t\t\tsrc=\"https:\/\/www.events-bassen.de\/wp-content\/gallery\/2008-ernteumzug\/thumbs\/thumbs_IMG_3510.jpg\"\n\t\t\t\t\twidth=\"120\"\n\t\t\t\t\theight=\"80\"\n\t\t\t\t\tstyle=\"max-width:100%;\"\n\t\t\t\t\/>\n\t\t\t<\/a>\n\t\t<\/div>\n\t\t\t\t\t\t\t<\/div>\n\t\t\t\n\t\t\t\t<div id=\"ngg-image-18\" class=\"ngg-gallery-thumbnail-box\n\t\t\t\t\t\t\t\t\t\t\t\"\n\t\t\t>\n\t\t\t\t\t\t<div class=\"ngg-gallery-thumbnail\">\n\t\t\t<a href=\"https:\/\/www.events-bassen.de\/wp-content\/gallery\/2008-ernteumzug\/IMG_3520.jpg\"\n\t\t\t\ttitle=\"\"\n\t\t\t\tdata-src=\"https:\/\/www.events-bassen.de\/wp-content\/gallery\/2008-ernteumzug\/IMG_3520.jpg\"\n\t\t\t\tdata-thumbnail=\"https:\/\/www.events-bassen.de\/wp-content\/gallery\/2008-ernteumzug\/thumbs\/thumbs_IMG_3520.jpg\"\n\t\t\t\tdata-image-id=\"2533\"\n\t\t\t\tdata-title=\"IMG_3520\"\n\t\t\t\tdata-description=\"\"\n\t\t\t\tdata-image-slug=\"img_3520\"\n\t\t\t\tclass=\"ngg-simplelightbox\" rel=\"9f2319f1dba98b7999665e7279cd2ec3\">\n\t\t\t\t<img\n\t\t\t\t\ttitle=\"IMG_3520\"\n\t\t\t\t\talt=\"IMG_3520\"\n\t\t\t\t\tsrc=\"https:\/\/www.events-bassen.de\/wp-content\/gallery\/2008-ernteumzug\/thumbs\/thumbs_IMG_3520.jpg\"\n\t\t\t\t\twidth=\"120\"\n\t\t\t\t\theight=\"80\"\n\t\t\t\t\tstyle=\"max-width:100%;\"\n\t\t\t\t\/>\n\t\t\t<\/a>\n\t\t<\/div>\n\t\t\t\t\t\t\t<\/div>\n\t\t\t\n\t\t\t\t<div id=\"ngg-image-19\" class=\"ngg-gallery-thumbnail-box\n\t\t\t\t\t\t\t\t\t\t\t\"\n\t\t\t>\n\t\t\t\t\t\t<div class=\"ngg-gallery-thumbnail\">\n\t\t\t<a href=\"https:\/\/www.events-bassen.de\/wp-content\/gallery\/2008-ernteumzug\/IMG_3528.jpg\"\n\t\t\t\ttitle=\"\"\n\t\t\t\tdata-src=\"https:\/\/www.events-bassen.de\/wp-content\/gallery\/2008-ernteumzug\/IMG_3528.jpg\"\n\t\t\t\tdata-thumbnail=\"https:\/\/www.events-bassen.de\/wp-content\/gallery\/2008-ernteumzug\/thumbs\/thumbs_IMG_3528.jpg\"\n\t\t\t\tdata-image-id=\"2535\"\n\t\t\t\tdata-title=\"IMG_3528\"\n\t\t\t\tdata-description=\"\"\n\t\t\t\tdata-image-slug=\"img_3528\"\n\t\t\t\tclass=\"ngg-simplelightbox\" rel=\"9f2319f1dba98b7999665e7279cd2ec3\">\n\t\t\t\t<img\n\t\t\t\t\ttitle=\"IMG_3528\"\n\t\t\t\t\talt=\"IMG_3528\"\n\t\t\t\t\tsrc=\"https:\/\/www.events-bassen.de\/wp-content\/gallery\/2008-ernteumzug\/thumbs\/thumbs_IMG_3528.jpg\"\n\t\t\t\t\twidth=\"120\"\n\t\t\t\t\theight=\"80\"\n\t\t\t\t\tstyle=\"max-width:100%;\"\n\t\t\t\t\/>\n\t\t\t<\/a>\n\t\t<\/div>\n\t\t\t\t\t\t\t<\/div>\n\t\t\t\n\t\t\t\t<div id=\"ngg-image-20\" class=\"ngg-gallery-thumbnail-box\n\t\t\t\t\t\t\t\t\t\t\t\"\n\t\t\t>\n\t\t\t\t\t\t<div class=\"ngg-gallery-thumbnail\">\n\t\t\t<a href=\"https:\/\/www.events-bassen.de\/wp-content\/gallery\/2008-ernteumzug\/IMG_3533.jpg\"\n\t\t\t\ttitle=\"\"\n\t\t\t\tdata-src=\"https:\/\/www.events-bassen.de\/wp-content\/gallery\/2008-ernteumzug\/IMG_3533.jpg\"\n\t\t\t\tdata-thumbnail=\"https:\/\/www.events-bassen.de\/wp-content\/gallery\/2008-ernteumzug\/thumbs\/thumbs_IMG_3533.jpg\"\n\t\t\t\tdata-image-id=\"2536\"\n\t\t\t\tdata-title=\"IMG_3533\"\n\t\t\t\tdata-description=\"\"\n\t\t\t\tdata-image-slug=\"img_3533\"\n\t\t\t\tclass=\"ngg-simplelightbox\" rel=\"9f2319f1dba98b7999665e7279cd2ec3\">\n\t\t\t\t<img\n\t\t\t\t\ttitle=\"IMG_3533\"\n\t\t\t\t\talt=\"IMG_3533\"\n\t\t\t\t\tsrc=\"https:\/\/www.events-bassen.de\/wp-content\/gallery\/2008-ernteumzug\/thumbs\/thumbs_IMG_3533.jpg\"\n\t\t\t\t\twidth=\"120\"\n\t\t\t\t\theight=\"80\"\n\t\t\t\t\tstyle=\"max-width:100%;\"\n\t\t\t\t\/>\n\t\t\t<\/a>\n\t\t<\/div>\n\t\t\t\t\t\t\t<\/div>\n\t\t\t\n\t\t\t\t<div id=\"ngg-image-21\" class=\"ngg-gallery-thumbnail-box\n\t\t\t\t\t\t\t\t\t\t\t\"\n\t\t\t>\n\t\t\t\t\t\t<div class=\"ngg-gallery-thumbnail\">\n\t\t\t<a href=\"https:\/\/www.events-bassen.de\/wp-content\/gallery\/2008-ernteumzug\/IMG_3536.jpg\"\n\t\t\t\ttitle=\"\"\n\t\t\t\tdata-src=\"https:\/\/www.events-bassen.de\/wp-content\/gallery\/2008-ernteumzug\/IMG_3536.jpg\"\n\t\t\t\tdata-thumbnail=\"https:\/\/www.events-bassen.de\/wp-content\/gallery\/2008-ernteumzug\/thumbs\/thumbs_IMG_3536.jpg\"\n\t\t\t\tdata-image-id=\"2538\"\n\t\t\t\tdata-title=\"IMG_3536\"\n\t\t\t\tdata-description=\"\"\n\t\t\t\tdata-image-slug=\"img_3536\"\n\t\t\t\tclass=\"ngg-simplelightbox\" rel=\"9f2319f1dba98b7999665e7279cd2ec3\">\n\t\t\t\t<img\n\t\t\t\t\ttitle=\"IMG_3536\"\n\t\t\t\t\talt=\"IMG_3536\"\n\t\t\t\t\tsrc=\"https:\/\/www.events-bassen.de\/wp-content\/gallery\/2008-ernteumzug\/thumbs\/thumbs_IMG_3536.jpg\"\n\t\t\t\t\twidth=\"120\"\n\t\t\t\t\theight=\"80\"\n\t\t\t\t\tstyle=\"max-width:100%;\"\n\t\t\t\t\/>\n\t\t\t<\/a>\n\t\t<\/div>\n\t\t\t\t\t\t\t<\/div>\n\t\t\t\n\t\t\t\t<div id=\"ngg-image-22\" class=\"ngg-gallery-thumbnail-box\n\t\t\t\t\t\t\t\t\t\t\t\"\n\t\t\t>\n\t\t\t\t\t\t<div class=\"ngg-gallery-thumbnail\">\n\t\t\t<a href=\"https:\/\/www.events-bassen.de\/wp-content\/gallery\/2008-ernteumzug\/IMG_3549.jpg\"\n\t\t\t\ttitle=\"\"\n\t\t\t\tdata-src=\"https:\/\/www.events-bassen.de\/wp-content\/gallery\/2008-ernteumzug\/IMG_3549.jpg\"\n\t\t\t\tdata-thumbnail=\"https:\/\/www.events-bassen.de\/wp-content\/gallery\/2008-ernteumzug\/thumbs\/thumbs_IMG_3549.jpg\"\n\t\t\t\tdata-image-id=\"2540\"\n\t\t\t\tdata-title=\"IMG_3549\"\n\t\t\t\tdata-description=\"\"\n\t\t\t\tdata-image-slug=\"img_3549\"\n\t\t\t\tclass=\"ngg-simplelightbox\" rel=\"9f2319f1dba98b7999665e7279cd2ec3\">\n\t\t\t\t<img\n\t\t\t\t\ttitle=\"IMG_3549\"\n\t\t\t\t\talt=\"IMG_3549\"\n\t\t\t\t\tsrc=\"https:\/\/www.events-bassen.de\/wp-content\/gallery\/2008-ernteumzug\/thumbs\/thumbs_IMG_3549.jpg\"\n\t\t\t\t\twidth=\"120\"\n\t\t\t\t\theight=\"80\"\n\t\t\t\t\tstyle=\"max-width:100%;\"\n\t\t\t\t\/>\n\t\t\t<\/a>\n\t\t<\/div>\n\t\t\t\t\t\t\t<\/div>\n\t\t\t\n\t\t\t\t<div id=\"ngg-image-23\" class=\"ngg-gallery-thumbnail-box\n\t\t\t\t\t\t\t\t\t\t\t\"\n\t\t\t>\n\t\t\t\t\t\t<div class=\"ngg-gallery-thumbnail\">\n\t\t\t<a href=\"https:\/\/www.events-bassen.de\/wp-content\/gallery\/2008-ernteumzug\/IMG_3552.jpg\"\n\t\t\t\ttitle=\"\"\n\t\t\t\tdata-src=\"https:\/\/www.events-bassen.de\/wp-content\/gallery\/2008-ernteumzug\/IMG_3552.jpg\"\n\t\t\t\tdata-thumbnail=\"https:\/\/www.events-bassen.de\/wp-content\/gallery\/2008-ernteumzug\/thumbs\/thumbs_IMG_3552.jpg\"\n\t\t\t\tdata-image-id=\"2542\"\n\t\t\t\tdata-title=\"IMG_3552\"\n\t\t\t\tdata-description=\"\"\n\t\t\t\tdata-image-slug=\"img_3552\"\n\t\t\t\tclass=\"ngg-simplelightbox\" rel=\"9f2319f1dba98b7999665e7279cd2ec3\">\n\t\t\t\t<img\n\t\t\t\t\ttitle=\"IMG_3552\"\n\t\t\t\t\talt=\"IMG_3552\"\n\t\t\t\t\tsrc=\"https:\/\/www.events-bassen.de\/wp-content\/gallery\/2008-ernteumzug\/thumbs\/thumbs_IMG_3552.jpg\"\n\t\t\t\t\twidth=\"120\"\n\t\t\t\t\theight=\"80\"\n\t\t\t\t\tstyle=\"max-width:100%;\"\n\t\t\t\t\/>\n\t\t\t<\/a>\n\t\t<\/div>\n\t\t\t\t\t\t\t<\/div>\n\t\t\t\n\t\t\t\t<div id=\"ngg-image-24\" class=\"ngg-gallery-thumbnail-box\n\t\t\t\t\t\t\t\t\t\t\t\"\n\t\t\t>\n\t\t\t\t\t\t<div class=\"ngg-gallery-thumbnail\">\n\t\t\t<a href=\"https:\/\/www.events-bassen.de\/wp-content\/gallery\/2008-ernteumzug\/IMG_3553.jpg\"\n\t\t\t\ttitle=\"\"\n\t\t\t\tdata-src=\"https:\/\/www.events-bassen.de\/wp-content\/gallery\/2008-ernteumzug\/IMG_3553.jpg\"\n\t\t\t\tdata-thumbnail=\"https:\/\/www.events-bassen.de\/wp-content\/gallery\/2008-ernteumzug\/thumbs\/thumbs_IMG_3553.jpg\"\n\t\t\t\tdata-image-id=\"2543\"\n\t\t\t\tdata-title=\"IMG_3553\"\n\t\t\t\tdata-description=\"\"\n\t\t\t\tdata-image-slug=\"img_3553\"\n\t\t\t\tclass=\"ngg-simplelightbox\" rel=\"9f2319f1dba98b7999665e7279cd2ec3\">\n\t\t\t\t<img\n\t\t\t\t\ttitle=\"IMG_3553\"\n\t\t\t\t\talt=\"IMG_3553\"\n\t\t\t\t\tsrc=\"https:\/\/www.events-bassen.de\/wp-content\/gallery\/2008-ernteumzug\/thumbs\/thumbs_IMG_3553.jpg\"\n\t\t\t\t\twidth=\"120\"\n\t\t\t\t\theight=\"80\"\n\t\t\t\t\tstyle=\"max-width:100%;\"\n\t\t\t\t\/>\n\t\t\t<\/a>\n\t\t<\/div>\n\t\t\t\t\t\t\t<\/div>\n\t\t\t\n\t\t\t\t<div id=\"ngg-image-25\" class=\"ngg-gallery-thumbnail-box\n\t\t\t\t\t\t\t\t\t\t\t\"\n\t\t\t>\n\t\t\t\t\t\t<div class=\"ngg-gallery-thumbnail\">\n\t\t\t<a href=\"https:\/\/www.events-bassen.de\/wp-content\/gallery\/2008-ernteumzug\/IMG_3566.jpg\"\n\t\t\t\ttitle=\"\"\n\t\t\t\tdata-src=\"https:\/\/www.events-bassen.de\/wp-content\/gallery\/2008-ernteumzug\/IMG_3566.jpg\"\n\t\t\t\tdata-thumbnail=\"https:\/\/www.events-bassen.de\/wp-content\/gallery\/2008-ernteumzug\/thumbs\/thumbs_IMG_3566.jpg\"\n\t\t\t\tdata-image-id=\"2545\"\n\t\t\t\tdata-title=\"IMG_3566\"\n\t\t\t\tdata-description=\"\"\n\t\t\t\tdata-image-slug=\"img_3566\"\n\t\t\t\tclass=\"ngg-simplelightbox\" rel=\"9f2319f1dba98b7999665e7279cd2ec3\">\n\t\t\t\t<img\n\t\t\t\t\ttitle=\"IMG_3566\"\n\t\t\t\t\talt=\"IMG_3566\"\n\t\t\t\t\tsrc=\"https:\/\/www.events-bassen.de\/wp-content\/gallery\/2008-ernteumzug\/thumbs\/thumbs_IMG_3566.jpg\"\n\t\t\t\t\twidth=\"120\"\n\t\t\t\t\theight=\"80\"\n\t\t\t\t\tstyle=\"max-width:100%;\"\n\t\t\t\t\/>\n\t\t\t<\/a>\n\t\t<\/div>\n\t\t\t\t\t\t\t<\/div>\n\t\t\t\n\t\t\t\t<div id=\"ngg-image-26\" class=\"ngg-gallery-thumbnail-box\n\t\t\t\t\t\t\t\t\t\t\t\"\n\t\t\t>\n\t\t\t\t\t\t<div class=\"ngg-gallery-thumbnail\">\n\t\t\t<a href=\"https:\/\/www.events-bassen.de\/wp-content\/gallery\/2008-ernteumzug\/IMG_3576.jpg\"\n\t\t\t\ttitle=\"\"\n\t\t\t\tdata-src=\"https:\/\/www.events-bassen.de\/wp-content\/gallery\/2008-ernteumzug\/IMG_3576.jpg\"\n\t\t\t\tdata-thumbnail=\"https:\/\/www.events-bassen.de\/wp-content\/gallery\/2008-ernteumzug\/thumbs\/thumbs_IMG_3576.jpg\"\n\t\t\t\tdata-image-id=\"2546\"\n\t\t\t\tdata-title=\"IMG_3576\"\n\t\t\t\tdata-description=\"\"\n\t\t\t\tdata-image-slug=\"img_3576\"\n\t\t\t\tclass=\"ngg-simplelightbox\" rel=\"9f2319f1dba98b7999665e7279cd2ec3\">\n\t\t\t\t<img\n\t\t\t\t\ttitle=\"IMG_3576\"\n\t\t\t\t\talt=\"IMG_3576\"\n\t\t\t\t\tsrc=\"https:\/\/www.events-bassen.de\/wp-content\/gallery\/2008-ernteumzug\/thumbs\/thumbs_IMG_3576.jpg\"\n\t\t\t\t\twidth=\"120\"\n\t\t\t\t\theight=\"80\"\n\t\t\t\t\tstyle=\"max-width:100%;\"\n\t\t\t\t\/>\n\t\t\t<\/a>\n\t\t<\/div>\n\t\t\t\t\t\t\t<\/div>\n\t\t\t\n\t\t\t\t<div id=\"ngg-image-27\" class=\"ngg-gallery-thumbnail-box\n\t\t\t\t\t\t\t\t\t\t\t\"\n\t\t\t>\n\t\t\t\t\t\t<div class=\"ngg-gallery-thumbnail\">\n\t\t\t<a href=\"https:\/\/www.events-bassen.de\/wp-content\/gallery\/2008-ernteumzug\/IMG_3585.jpg\"\n\t\t\t\ttitle=\"\"\n\t\t\t\tdata-src=\"https:\/\/www.events-bassen.de\/wp-content\/gallery\/2008-ernteumzug\/IMG_3585.jpg\"\n\t\t\t\tdata-thumbnail=\"https:\/\/www.events-bassen.de\/wp-content\/gallery\/2008-ernteumzug\/thumbs\/thumbs_IMG_3585.jpg\"\n\t\t\t\tdata-image-id=\"2548\"\n\t\t\t\tdata-title=\"IMG_3585\"\n\t\t\t\tdata-description=\"\"\n\t\t\t\tdata-image-slug=\"img_3585\"\n\t\t\t\tclass=\"ngg-simplelightbox\" rel=\"9f2319f1dba98b7999665e7279cd2ec3\">\n\t\t\t\t<img\n\t\t\t\t\ttitle=\"IMG_3585\"\n\t\t\t\t\talt=\"IMG_3585\"\n\t\t\t\t\tsrc=\"https:\/\/www.events-bassen.de\/wp-content\/gallery\/2008-ernteumzug\/thumbs\/thumbs_IMG_3585.jpg\"\n\t\t\t\t\twidth=\"120\"\n\t\t\t\t\theight=\"80\"\n\t\t\t\t\tstyle=\"max-width:100%;\"\n\t\t\t\t\/>\n\t\t\t<\/a>\n\t\t<\/div>\n\t\t\t\t\t\t\t<\/div>\n\t\t\t\n\t\t\t\t<div id=\"ngg-image-28\" class=\"ngg-gallery-thumbnail-box\n\t\t\t\t\t\t\t\t\t\t\t\"\n\t\t\t>\n\t\t\t\t\t\t<div class=\"ngg-gallery-thumbnail\">\n\t\t\t<a href=\"https:\/\/www.events-bassen.de\/wp-content\/gallery\/2008-ernteumzug\/IMG_3612.jpg\"\n\t\t\t\ttitle=\"\"\n\t\t\t\tdata-src=\"https:\/\/www.events-bassen.de\/wp-content\/gallery\/2008-ernteumzug\/IMG_3612.jpg\"\n\t\t\t\tdata-thumbnail=\"https:\/\/www.events-bassen.de\/wp-content\/gallery\/2008-ernteumzug\/thumbs\/thumbs_IMG_3612.jpg\"\n\t\t\t\tdata-image-id=\"2550\"\n\t\t\t\tdata-title=\"IMG_3612\"\n\t\t\t\tdata-description=\"\"\n\t\t\t\tdata-image-slug=\"img_3612\"\n\t\t\t\tclass=\"ngg-simplelightbox\" rel=\"9f2319f1dba98b7999665e7279cd2ec3\">\n\t\t\t\t<img\n\t\t\t\t\ttitle=\"IMG_3612\"\n\t\t\t\t\talt=\"IMG_3612\"\n\t\t\t\t\tsrc=\"https:\/\/www.events-bassen.de\/wp-content\/gallery\/2008-ernteumzug\/thumbs\/thumbs_IMG_3612.jpg\"\n\t\t\t\t\twidth=\"120\"\n\t\t\t\t\theight=\"80\"\n\t\t\t\t\tstyle=\"max-width:100%;\"\n\t\t\t\t\/>\n\t\t\t<\/a>\n\t\t<\/div>\n\t\t\t\t\t\t\t<\/div>\n\t\t\t\n\t\t\t\t<div id=\"ngg-image-29\" class=\"ngg-gallery-thumbnail-box\n\t\t\t\t\t\t\t\t\t\t\t\"\n\t\t\t>\n\t\t\t\t\t\t<div class=\"ngg-gallery-thumbnail\">\n\t\t\t<a href=\"https:\/\/www.events-bassen.de\/wp-content\/gallery\/2008-ernteumzug\/IMG_3616.jpg\"\n\t\t\t\ttitle=\"\"\n\t\t\t\tdata-src=\"https:\/\/www.events-bassen.de\/wp-content\/gallery\/2008-ernteumzug\/IMG_3616.jpg\"\n\t\t\t\tdata-thumbnail=\"https:\/\/www.events-bassen.de\/wp-content\/gallery\/2008-ernteumzug\/thumbs\/thumbs_IMG_3616.jpg\"\n\t\t\t\tdata-image-id=\"2551\"\n\t\t\t\tdata-title=\"IMG_3616\"\n\t\t\t\tdata-description=\"\"\n\t\t\t\tdata-image-slug=\"img_3616\"\n\t\t\t\tclass=\"ngg-simplelightbox\" rel=\"9f2319f1dba98b7999665e7279cd2ec3\">\n\t\t\t\t<img\n\t\t\t\t\ttitle=\"IMG_3616\"\n\t\t\t\t\talt=\"IMG_3616\"\n\t\t\t\t\tsrc=\"https:\/\/www.events-bassen.de\/wp-content\/gallery\/2008-ernteumzug\/thumbs\/thumbs_IMG_3616.jpg\"\n\t\t\t\t\twidth=\"120\"\n\t\t\t\t\theight=\"80\"\n\t\t\t\t\tstyle=\"max-width:100%;\"\n\t\t\t\t\/>\n\t\t\t<\/a>\n\t\t<\/div>\n\t\t\t\t\t\t\t<\/div>\n\t\t\t\n\t\t\t\t<div id=\"ngg-image-30\" class=\"ngg-gallery-thumbnail-box\n\t\t\t\t\t\t\t\t\t\t\t\"\n\t\t\t>\n\t\t\t\t\t\t<div class=\"ngg-gallery-thumbnail\">\n\t\t\t<a href=\"https:\/\/www.events-bassen.de\/wp-content\/gallery\/2008-ernteumzug\/IMG_3620.jpg\"\n\t\t\t\ttitle=\"\"\n\t\t\t\tdata-src=\"https:\/\/www.events-bassen.de\/wp-content\/gallery\/2008-ernteumzug\/IMG_3620.jpg\"\n\t\t\t\tdata-thumbnail=\"https:\/\/www.events-bassen.de\/wp-content\/gallery\/2008-ernteumzug\/thumbs\/thumbs_IMG_3620.jpg\"\n\t\t\t\tdata-image-id=\"2552\"\n\t\t\t\tdata-title=\"IMG_3620\"\n\t\t\t\tdata-description=\"\"\n\t\t\t\tdata-image-slug=\"img_3620\"\n\t\t\t\tclass=\"ngg-simplelightbox\" rel=\"9f2319f1dba98b7999665e7279cd2ec3\">\n\t\t\t\t<img\n\t\t\t\t\ttitle=\"IMG_3620\"\n\t\t\t\t\talt=\"IMG_3620\"\n\t\t\t\t\tsrc=\"https:\/\/www.events-bassen.de\/wp-content\/gallery\/2008-ernteumzug\/thumbs\/thumbs_IMG_3620.jpg\"\n\t\t\t\t\twidth=\"120\"\n\t\t\t\t\theight=\"80\"\n\t\t\t\t\tstyle=\"max-width:100%;\"\n\t\t\t\t\/>\n\t\t\t<\/a>\n\t\t<\/div>\n\t\t\t\t\t\t\t<\/div>\n\t\t\t\n\t\t\t\t<div id=\"ngg-image-31\" class=\"ngg-gallery-thumbnail-box\n\t\t\t\t\t\t\t\t\t\t\t\"\n\t\t\t>\n\t\t\t\t\t\t<div class=\"ngg-gallery-thumbnail\">\n\t\t\t<a href=\"https:\/\/www.events-bassen.de\/wp-content\/gallery\/2008-ernteumzug\/IMG_3622.jpg\"\n\t\t\t\ttitle=\"\"\n\t\t\t\tdata-src=\"https:\/\/www.events-bassen.de\/wp-content\/gallery\/2008-ernteumzug\/IMG_3622.jpg\"\n\t\t\t\tdata-thumbnail=\"https:\/\/www.events-bassen.de\/wp-content\/gallery\/2008-ernteumzug\/thumbs\/thumbs_IMG_3622.jpg\"\n\t\t\t\tdata-image-id=\"2554\"\n\t\t\t\tdata-title=\"IMG_3622\"\n\t\t\t\tdata-description=\"\"\n\t\t\t\tdata-image-slug=\"img_3622\"\n\t\t\t\tclass=\"ngg-simplelightbox\" rel=\"9f2319f1dba98b7999665e7279cd2ec3\">\n\t\t\t\t<img\n\t\t\t\t\ttitle=\"IMG_3622\"\n\t\t\t\t\talt=\"IMG_3622\"\n\t\t\t\t\tsrc=\"https:\/\/www.events-bassen.de\/wp-content\/gallery\/2008-ernteumzug\/thumbs\/thumbs_IMG_3622.jpg\"\n\t\t\t\t\twidth=\"120\"\n\t\t\t\t\theight=\"80\"\n\t\t\t\t\tstyle=\"max-width:100%;\"\n\t\t\t\t\/>\n\t\t\t<\/a>\n\t\t<\/div>\n\t\t\t\t\t\t\t<\/div>\n\t\t\t\n\t\t\t\t<div id=\"ngg-image-32\" class=\"ngg-gallery-thumbnail-box\n\t\t\t\t\t\t\t\t\t\t\t\"\n\t\t\t>\n\t\t\t\t\t\t<div class=\"ngg-gallery-thumbnail\">\n\t\t\t<a href=\"https:\/\/www.events-bassen.de\/wp-content\/gallery\/2008-ernteumzug\/IMG_3645.jpg\"\n\t\t\t\ttitle=\"\"\n\t\t\t\tdata-src=\"https:\/\/www.events-bassen.de\/wp-content\/gallery\/2008-ernteumzug\/IMG_3645.jpg\"\n\t\t\t\tdata-thumbnail=\"https:\/\/www.events-bassen.de\/wp-content\/gallery\/2008-ernteumzug\/thumbs\/thumbs_IMG_3645.jpg\"\n\t\t\t\tdata-image-id=\"2555\"\n\t\t\t\tdata-title=\"IMG_3645\"\n\t\t\t\tdata-description=\"\"\n\t\t\t\tdata-image-slug=\"img_3645\"\n\t\t\t\tclass=\"ngg-simplelightbox\" rel=\"9f2319f1dba98b7999665e7279cd2ec3\">\n\t\t\t\t<img\n\t\t\t\t\ttitle=\"IMG_3645\"\n\t\t\t\t\talt=\"IMG_3645\"\n\t\t\t\t\tsrc=\"https:\/\/www.events-bassen.de\/wp-content\/gallery\/2008-ernteumzug\/thumbs\/thumbs_IMG_3645.jpg\"\n\t\t\t\t\twidth=\"120\"\n\t\t\t\t\theight=\"80\"\n\t\t\t\t\tstyle=\"max-width:100%;\"\n\t\t\t\t\/>\n\t\t\t<\/a>\n\t\t<\/div>\n\t\t\t\t\t\t\t<\/div>\n\t\t\t\n\t\t\t\t<div id=\"ngg-image-33\" class=\"ngg-gallery-thumbnail-box\n\t\t\t\t\t\t\t\t\t\t\t\"\n\t\t\t>\n\t\t\t\t\t\t<div class=\"ngg-gallery-thumbnail\">\n\t\t\t<a href=\"https:\/\/www.events-bassen.de\/wp-content\/gallery\/2008-ernteumzug\/IMG_3661.jpg\"\n\t\t\t\ttitle=\"\"\n\t\t\t\tdata-src=\"https:\/\/www.events-bassen.de\/wp-content\/gallery\/2008-ernteumzug\/IMG_3661.jpg\"\n\t\t\t\tdata-thumbnail=\"https:\/\/www.events-bassen.de\/wp-content\/gallery\/2008-ernteumzug\/thumbs\/thumbs_IMG_3661.jpg\"\n\t\t\t\tdata-image-id=\"2556\"\n\t\t\t\tdata-title=\"IMG_3661\"\n\t\t\t\tdata-description=\"\"\n\t\t\t\tdata-image-slug=\"img_3661\"\n\t\t\t\tclass=\"ngg-simplelightbox\" rel=\"9f2319f1dba98b7999665e7279cd2ec3\">\n\t\t\t\t<img\n\t\t\t\t\ttitle=\"IMG_3661\"\n\t\t\t\t\talt=\"IMG_3661\"\n\t\t\t\t\tsrc=\"https:\/\/www.events-bassen.de\/wp-content\/gallery\/2008-ernteumzug\/thumbs\/thumbs_IMG_3661.jpg\"\n\t\t\t\t\twidth=\"120\"\n\t\t\t\t\theight=\"80\"\n\t\t\t\t\tstyle=\"max-width:100%;\"\n\t\t\t\t\/>\n\t\t\t<\/a>\n\t\t<\/div>\n\t\t\t\t\t\t\t<\/div>\n\t\t\t\n\t\t\t\t<div id=\"ngg-image-34\" class=\"ngg-gallery-thumbnail-box\n\t\t\t\t\t\t\t\t\t\t\t\"\n\t\t\t>\n\t\t\t\t\t\t<div class=\"ngg-gallery-thumbnail\">\n\t\t\t<a href=\"https:\/\/www.events-bassen.de\/wp-content\/gallery\/2008-ernteumzug\/IMG_3662.jpg\"\n\t\t\t\ttitle=\"\"\n\t\t\t\tdata-src=\"https:\/\/www.events-bassen.de\/wp-content\/gallery\/2008-ernteumzug\/IMG_3662.jpg\"\n\t\t\t\tdata-thumbnail=\"https:\/\/www.events-bassen.de\/wp-content\/gallery\/2008-ernteumzug\/thumbs\/thumbs_IMG_3662.jpg\"\n\t\t\t\tdata-image-id=\"2557\"\n\t\t\t\tdata-title=\"IMG_3662\"\n\t\t\t\tdata-description=\"\"\n\t\t\t\tdata-image-slug=\"img_3662\"\n\t\t\t\tclass=\"ngg-simplelightbox\" rel=\"9f2319f1dba98b7999665e7279cd2ec3\">\n\t\t\t\t<img\n\t\t\t\t\ttitle=\"IMG_3662\"\n\t\t\t\t\talt=\"IMG_3662\"\n\t\t\t\t\tsrc=\"https:\/\/www.events-bassen.de\/wp-content\/gallery\/2008-ernteumzug\/thumbs\/thumbs_IMG_3662.jpg\"\n\t\t\t\t\twidth=\"120\"\n\t\t\t\t\theight=\"80\"\n\t\t\t\t\tstyle=\"max-width:100%;\"\n\t\t\t\t\/>\n\t\t\t<\/a>\n\t\t<\/div>\n\t\t\t\t\t\t\t<\/div>\n\t\t\t\n\t\t\t\t<div id=\"ngg-image-35\" class=\"ngg-gallery-thumbnail-box\n\t\t\t\t\t\t\t\t\t\t\t\"\n\t\t\t>\n\t\t\t\t\t\t<div class=\"ngg-gallery-thumbnail\">\n\t\t\t<a href=\"https:\/\/www.events-bassen.de\/wp-content\/gallery\/2008-ernteumzug\/IMG_3663.jpg\"\n\t\t\t\ttitle=\"\"\n\t\t\t\tdata-src=\"https:\/\/www.events-bassen.de\/wp-content\/gallery\/2008-ernteumzug\/IMG_3663.jpg\"\n\t\t\t\tdata-thumbnail=\"https:\/\/www.events-bassen.de\/wp-content\/gallery\/2008-ernteumzug\/thumbs\/thumbs_IMG_3663.jpg\"\n\t\t\t\tdata-image-id=\"2558\"\n\t\t\t\tdata-title=\"IMG_3663\"\n\t\t\t\tdata-description=\"\"\n\t\t\t\tdata-image-slug=\"img_3663\"\n\t\t\t\tclass=\"ngg-simplelightbox\" rel=\"9f2319f1dba98b7999665e7279cd2ec3\">\n\t\t\t\t<img\n\t\t\t\t\ttitle=\"IMG_3663\"\n\t\t\t\t\talt=\"IMG_3663\"\n\t\t\t\t\tsrc=\"https:\/\/www.events-bassen.de\/wp-content\/gallery\/2008-ernteumzug\/thumbs\/thumbs_IMG_3663.jpg\"\n\t\t\t\t\twidth=\"120\"\n\t\t\t\t\theight=\"80\"\n\t\t\t\t\tstyle=\"max-width:100%;\"\n\t\t\t\t\/>\n\t\t\t<\/a>\n\t\t<\/div>\n\t\t\t\t\t\t\t<\/div>\n\t\t\t\n\t\t\t\t<div id=\"ngg-image-36\" class=\"ngg-gallery-thumbnail-box\n\t\t\t\t\t\t\t\t\t\t\t\"\n\t\t\t>\n\t\t\t\t\t\t<div class=\"ngg-gallery-thumbnail\">\n\t\t\t<a href=\"https:\/\/www.events-bassen.de\/wp-content\/gallery\/2008-ernteumzug\/IMG_3676.jpg\"\n\t\t\t\ttitle=\"\"\n\t\t\t\tdata-src=\"https:\/\/www.events-bassen.de\/wp-content\/gallery\/2008-ernteumzug\/IMG_3676.jpg\"\n\t\t\t\tdata-thumbnail=\"https:\/\/www.events-bassen.de\/wp-content\/gallery\/2008-ernteumzug\/thumbs\/thumbs_IMG_3676.jpg\"\n\t\t\t\tdata-image-id=\"2559\"\n\t\t\t\tdata-title=\"IMG_3676\"\n\t\t\t\tdata-description=\"\"\n\t\t\t\tdata-image-slug=\"img_3676\"\n\t\t\t\tclass=\"ngg-simplelightbox\" rel=\"9f2319f1dba98b7999665e7279cd2ec3\">\n\t\t\t\t<img\n\t\t\t\t\ttitle=\"IMG_3676\"\n\t\t\t\t\talt=\"IMG_3676\"\n\t\t\t\t\tsrc=\"https:\/\/www.events-bassen.de\/wp-content\/gallery\/2008-ernteumzug\/thumbs\/thumbs_IMG_3676.jpg\"\n\t\t\t\t\twidth=\"120\"\n\t\t\t\t\theight=\"80\"\n\t\t\t\t\tstyle=\"max-width:100%;\"\n\t\t\t\t\/>\n\t\t\t<\/a>\n\t\t<\/div>\n\t\t\t\t\t\t\t<\/div>\n\t\t\t\n\t\t\t\t<div id=\"ngg-image-37\" class=\"ngg-gallery-thumbnail-box\n\t\t\t\t\t\t\t\t\t\t\t\"\n\t\t\t>\n\t\t\t\t\t\t<div class=\"ngg-gallery-thumbnail\">\n\t\t\t<a href=\"https:\/\/www.events-bassen.de\/wp-content\/gallery\/2008-ernteumzug\/IMG_3677.jpg\"\n\t\t\t\ttitle=\"\"\n\t\t\t\tdata-src=\"https:\/\/www.events-bassen.de\/wp-content\/gallery\/2008-ernteumzug\/IMG_3677.jpg\"\n\t\t\t\tdata-thumbnail=\"https:\/\/www.events-bassen.de\/wp-content\/gallery\/2008-ernteumzug\/thumbs\/thumbs_IMG_3677.jpg\"\n\t\t\t\tdata-image-id=\"2560\"\n\t\t\t\tdata-title=\"IMG_3677\"\n\t\t\t\tdata-description=\"\"\n\t\t\t\tdata-image-slug=\"img_3677\"\n\t\t\t\tclass=\"ngg-simplelightbox\" rel=\"9f2319f1dba98b7999665e7279cd2ec3\">\n\t\t\t\t<img\n\t\t\t\t\ttitle=\"IMG_3677\"\n\t\t\t\t\talt=\"IMG_3677\"\n\t\t\t\t\tsrc=\"https:\/\/www.events-bassen.de\/wp-content\/gallery\/2008-ernteumzug\/thumbs\/thumbs_IMG_3677.jpg\"\n\t\t\t\t\twidth=\"120\"\n\t\t\t\t\theight=\"80\"\n\t\t\t\t\tstyle=\"max-width:100%;\"\n\t\t\t\t\/>\n\t\t\t<\/a>\n\t\t<\/div>\n\t\t\t\t\t\t\t<\/div>\n\t\t\t\n\t\t\t\t<div id=\"ngg-image-38\" class=\"ngg-gallery-thumbnail-box\n\t\t\t\t\t\t\t\t\t\t\t\"\n\t\t\t>\n\t\t\t\t\t\t<div class=\"ngg-gallery-thumbnail\">\n\t\t\t<a href=\"https:\/\/www.events-bassen.de\/wp-content\/gallery\/2008-ernteumzug\/IMG_3692.jpg\"\n\t\t\t\ttitle=\"\"\n\t\t\t\tdata-src=\"https:\/\/www.events-bassen.de\/wp-content\/gallery\/2008-ernteumzug\/IMG_3692.jpg\"\n\t\t\t\tdata-thumbnail=\"https:\/\/www.events-bassen.de\/wp-content\/gallery\/2008-ernteumzug\/thumbs\/thumbs_IMG_3692.jpg\"\n\t\t\t\tdata-image-id=\"2561\"\n\t\t\t\tdata-title=\"IMG_3692\"\n\t\t\t\tdata-description=\"\"\n\t\t\t\tdata-image-slug=\"img_3692\"\n\t\t\t\tclass=\"ngg-simplelightbox\" rel=\"9f2319f1dba98b7999665e7279cd2ec3\">\n\t\t\t\t<img\n\t\t\t\t\ttitle=\"IMG_3692\"\n\t\t\t\t\talt=\"IMG_3692\"\n\t\t\t\t\tsrc=\"https:\/\/www.events-bassen.de\/wp-content\/gallery\/2008-ernteumzug\/thumbs\/thumbs_IMG_3692.jpg\"\n\t\t\t\t\twidth=\"120\"\n\t\t\t\t\theight=\"80\"\n\t\t\t\t\tstyle=\"max-width:100%;\"\n\t\t\t\t\/>\n\t\t\t<\/a>\n\t\t<\/div>\n\t\t\t\t\t\t\t<\/div>\n\t\t\t\n\t\t\t\t<div id=\"ngg-image-39\" class=\"ngg-gallery-thumbnail-box\n\t\t\t\t\t\t\t\t\t\t\t\"\n\t\t\t>\n\t\t\t\t\t\t<div class=\"ngg-gallery-thumbnail\">\n\t\t\t<a href=\"https:\/\/www.events-bassen.de\/wp-content\/gallery\/2008-ernteumzug\/Erntefest-2008-950x200.gif\"\n\t\t\t\ttitle=\"\"\n\t\t\t\tdata-src=\"https:\/\/www.events-bassen.de\/wp-content\/gallery\/2008-ernteumzug\/Erntefest-2008-950x200.gif\"\n\t\t\t\tdata-thumbnail=\"https:\/\/www.events-bassen.de\/wp-content\/gallery\/2008-ernteumzug\/thumbs\/thumbs_Erntefest-2008-950x200.gif\"\n\t\t\t\tdata-image-id=\"2562\"\n\t\t\t\tdata-title=\"Erntefest-2008-950x200\"\n\t\t\t\tdata-description=\"\"\n\t\t\t\tdata-image-slug=\"erntefest-2008-950x200\"\n\t\t\t\tclass=\"ngg-simplelightbox\" rel=\"9f2319f1dba98b7999665e7279cd2ec3\">\n\t\t\t\t<img\n\t\t\t\t\ttitle=\"Erntefest-2008-950x200\"\n\t\t\t\t\talt=\"Erntefest-2008-950x200\"\n\t\t\t\t\tsrc=\"https:\/\/www.events-bassen.de\/wp-content\/gallery\/2008-ernteumzug\/thumbs\/thumbs_Erntefest-2008-950x200.gif\"\n\t\t\t\t\twidth=\"120\"\n\t\t\t\t\theight=\"80\"\n\t\t\t\t\tstyle=\"max-width:100%;\"\n\t\t\t\t\/>\n\t\t\t<\/a>\n\t\t<\/div>\n\t\t\t\t\t\t\t<\/div>\n\t\t\t\n\t\n\t<br style=\"clear: both\" \/>\n\n\t\n\t\t<!-- Pagination -->\n\t\t<div class='ngg-clear'><\/div>\t<\/div>\n<\/p>\n","protected":false},"excerpt":{"rendered":"<p>Und wieder startet in diesem Jahr das 4 t\u00e4gige Erntefest in Bassen. Alle B\u00fcrgersteige, sofern vorhanden wurden runtergeklappt und blitzeblank poliert. Die Gemeinde lie\u00df auch dieses Jahr wieder ihre Stra\u00dfenfeger und G\u00e4rtner antreten um im Dorf f\u00fcr Ordnung zu sorgen. Das diesj\u00e4hrige Erntepaar<\/p>\n","protected":false},"author":1,"featured_media":529,"comment_status":"open","ping_status":"open","sticky":false,"template":"","format":"standard","meta":{"ngg_post_thumbnail":0,"footnotes":""},"categories":[3],"tags":[12,5,195,9,7,6],"class_list":["post-323","post","type-post","status-publish","format-standard","has-post-thumbnail","hentry","category-erntefest","tag-12","tag-bassen","tag-erntefest","tag-erntepaar","tag-festwagen","tag-umzug"],"_links":{"self":[{"href":"https:\/\/www.events-bassen.de\/index.php?rest_route=\/wp\/v2\/posts\/323","targetHints":{"allow":["GET"]}}],"collection":[{"href":"https:\/\/www.events-bassen.de\/index.php?rest_route=\/wp\/v2\/posts"}],"about":[{"href":"https:\/\/www.events-bassen.de\/index.php?rest_route=\/wp\/v2\/types\/post"}],"author":[{"embeddable":true,"href":"https:\/\/www.events-bassen.de\/index.php?rest_route=\/wp\/v2\/users\/1"}],"replies":[{"embeddable":true,"href":"https:\/\/www.events-bassen.de\/index.php?rest_route=%2Fwp%2Fv2%2Fcomments&post=323"}],"version-history":[{"count":15,"href":"https:\/\/www.events-bassen.de\/index.php?rest_route=\/wp\/v2\/posts\/323\/revisions"}],"predecessor-version":[{"id":11787,"href":"https:\/\/www.events-bassen.de\/index.php?rest_route=\/wp\/v2\/posts\/323\/revisions\/11787"}],"wp:featuredmedia":[{"embeddable":true,"href":"https:\/\/www.events-bassen.de\/index.php?rest_route=\/wp\/v2\/media\/529"}],"wp:attachment":[{"href":"https:\/\/www.events-bassen.de\/index.php?rest_route=%2Fwp%2Fv2%2Fmedia&parent=323"}],"wp:term":[{"taxonomy":"category","embeddable":true,"href":"https:\/\/www.events-bassen.de\/index.php?rest_route=%2Fwp%2Fv2%2Fcategories&post=323"},{"taxonomy":"post_tag","embeddable":true,"href":"https:\/\/www.events-bassen.de\/index.php?rest_route=%2Fwp%2Fv2%2Ftags&post=323"}],"curies":[{"name":"wp","href":"https:\/\/api.w.org\/{rel}","templated":true}]}}