{"id":4692,"date":"2012-11-09T19:46:36","date_gmt":"2012-11-09T19:46:36","guid":{"rendered":"http:\/\/www.events-bassen.de\/?p=4692"},"modified":"2016-12-20T19:59:06","modified_gmt":"2016-12-20T19:59:06","slug":"10-bassener-nachtmarsch-2012-die-gruppen-2","status":"publish","type":"post","link":"https:\/\/www.events-bassen.de\/?p=4692","title":{"rendered":"10. Bassener Nachtmarsch 2012 \u2013 Die Gruppen"},"content":{"rendered":"<p>Auf vielfachen Wunsch hier ganz speziell f\u00fcr Euch die Bilder aller Gruppen in voller Aufl\u00f6sung zum Speichern.<br \/>\nMacht etwas Werbung f\u00fcr meine Seite auch bei Euren Feuerwehrkameraden und tretet auch gerne bei Facebook in meine Gruppe Events-Bassen.de ein.<br \/>\nDann bekommt ihr auch mit, wenn Bilder und Berichte Online gehen !<!--more--><\/p>\n<p><small><code>[fb-like-button]<\/code><\/small><\/p>\nngg_shortcode_0_placeholder\n","protected":false},"excerpt":{"rendered":"<p>Auf vielfachen Wunsch hier ganz speziell f\u00fcr Euch die Bilder aller Gruppen in voller Aufl\u00f6sung zum Speichern. Macht etwas Werbung f\u00fcr meine Seite auch bei Euren Feuerwehrkameraden und tretet auch gerne bei Facebook in meine Gruppe Events-Bassen.de ein. Dann bekommt ihr auch mit, wenn Bilder und Berichte Online gehen !<\/p>\n","protected":false},"author":1,"featured_media":4693,"comment_status":"open","ping_status":"open","sticky":false,"template":"","format":"standard","meta":{"ngg_post_thumbnail":0,"footnotes":""},"categories":[1,21],"tags":[114,116,108,113,110],"class_list":["post-4692","post","type-post","status-publish","format-standard","has-post-thumbnail","hentry","category-allgemein","category-nachtmarsch","tag-bierden","tag-guppenfotos","tag-nachtmarsch-2012","tag-oberneuland","tag-worphausen"],"_links":{"self":[{"href":"https:\/\/www.events-bassen.de\/index.php?rest_route=\/wp\/v2\/posts\/4692","targetHints":{"allow":["GET"]}}],"collection":[{"href":"https:\/\/www.events-bassen.de\/index.php?rest_route=\/wp\/v2\/posts"}],"about":[{"href":"https:\/\/www.events-bassen.de\/index.php?rest_route=\/wp\/v2\/types\/post"}],"author":[{"embeddable":true,"href":"https:\/\/www.events-bassen.de\/index.php?rest_route=\/wp\/v2\/users\/1"}],"replies":[{"embeddable":true,"href":"https:\/\/www.events-bassen.de\/index.php?rest_route=%2Fwp%2Fv2%2Fcomments&post=4692"}],"version-history":[{"count":13,"href":"https:\/\/www.events-bassen.de\/index.php?rest_route=\/wp\/v2\/posts\/4692\/revisions"}],"predecessor-version":[{"id":16220,"href":"https:\/\/www.events-bassen.de\/index.php?rest_route=\/wp\/v2\/posts\/4692\/revisions\/16220"}],"wp:featuredmedia":[{"embeddable":true,"href":"https:\/\/www.events-bassen.de\/index.php?rest_route=\/wp\/v2\/media\/4693"}],"wp:attachment":[{"href":"https:\/\/www.events-bassen.de\/index.php?rest_route=%2Fwp%2Fv2%2Fmedia&parent=4692"}],"wp:term":[{"taxonomy":"category","embeddable":true,"href":"https:\/\/www.events-bassen.de\/index.php?rest_route=%2Fwp%2Fv2%2Fcategories&post=4692"},{"taxonomy":"post_tag","embeddable":true,"href":"https:\/\/www.events-bassen.de\/index.php?rest_route=%2Fwp%2Fv2%2Ftags&post=4692"}],"curies":[{"name":"wp","href":"https:\/\/api.w.org\/{rel}","templated":true}]}}