{"id":4801,"date":"2013-03-30T20:38:32","date_gmt":"2013-03-30T20:38:32","guid":{"rendered":"http:\/\/www.events-bassen.de\/?p=4801"},"modified":"2016-12-20T20:35:21","modified_gmt":"2016-12-20T20:35:21","slug":"osterfeuer-2013","status":"publish","type":"post","link":"https:\/\/www.events-bassen.de\/?p=4801","title":{"rendered":"Osterfeuer 2013"},"content":{"rendered":"<p>Das Osterfeuer in Bassen ist dieses Jahr ziemlich klein geworden, liegt wohl an dem tollen Fr\u00fchlingswetter. Die meisten werden wohl auf der Terrasse in der Sonne gelegen haben und hatten keine Lust im Garten zu schuften. Ok, genug der sinnlosen Informationen&#8230; . Dieses Jahr wurde das erste Jahr ohne unser geliebtes Zelt gefeiert, alle hofften auf gutes trockenes Wetter <!--more-->&#8211; die Gebete wurden anscheinend erh\u00f6rt. Dieses Jahr gab es also wieder die zwei Fressbuden eine Pommesbude und eine Fischbude. Anstatt des Zeltes gab es nun einen Bierwagen, der wie jedes Jahr von der Freiwilligen Feuerwehr Bassen besetzt wurde. Die Kameraden arbeiteten in mehreren Teams bis etwa Mitternacht um die Getr\u00e4nkew\u00fcnsche der G\u00e4ste zu erf\u00fcllen. Vielen Dank an die Helfer f\u00fcr ihre Arbeit beim Aufbauen und Bewirten, nat\u00fcrlich m\u00fcssen sie morgen fr\u00fch zum Aufr\u00e4umen der Festwiese auch noch anwesend sein. Trotz des kalten Windes trauten sich doch eine Menge Bassener mit ihren Freunden und Bekannten auf die Osterfeuerwiese. Dicht am Feuer w\u00e4rmten sich die G\u00e4ste auf und es war zu beobachten das einige sich wie ein D\u00f6ner Spiess von allen Seiten garen liessen. Frohe Ostern kann ich da nur sagen&#8230; Viel Spa\u00df wie immer mit den Fotos.<\/p>\n<p>Lgs Sascha<\/p>\n<p>Kleiner Nachschlag: Holger I. aus Bassen wurde sogar noch vor Ostern zum Fernseh-Superstar! Angeblich soll nun eine Karriere als Darsteller im neuen Tatort folgen, man wei\u00df es aber nicht. Falls Jemand unseren Holger I. Live und Farbe sehen m\u00f6chte, der kann dem Link folgen und bei Buten un Binnen reinschauen.<\/p>\n<p>Das Video wurde leider gel\u00f6scht \ud83d\ude41<\/p>\n<p><small><code>[fb-like-button]<\/code><\/small><\/p>\nngg_shortcode_0_placeholder\n","protected":false},"excerpt":{"rendered":"<p>Das Osterfeuer in Bassen ist dieses Jahr ziemlich klein geworden, liegt wohl an dem tollen Fr\u00fchlingswetter. Die meisten werden wohl auf der Terrasse in der Sonne gelegen haben und hatten keine Lust im Garten zu schuften. Ok, genug der sinnlosen Informationen&#8230; . Dieses Jahr wurde das erste Jahr ohne unser geliebtes Zelt gefeiert, alle hofften [&hellip;]<\/p>\n","protected":false},"author":1,"featured_media":0,"comment_status":"open","ping_status":"open","sticky":false,"template":"","format":"standard","meta":{"ngg_post_thumbnail":0,"footnotes":""},"categories":[1,121],"tags":[123,122],"class_list":["post-4801","post","type-post","status-publish","format-standard","hentry","category-allgemein","category-osterfeuer","tag-bassener-osterfeuer","tag-osterfeuer-2013"],"_links":{"self":[{"href":"https:\/\/www.events-bassen.de\/index.php?rest_route=\/wp\/v2\/posts\/4801","targetHints":{"allow":["GET"]}}],"collection":[{"href":"https:\/\/www.events-bassen.de\/index.php?rest_route=\/wp\/v2\/posts"}],"about":[{"href":"https:\/\/www.events-bassen.de\/index.php?rest_route=\/wp\/v2\/types\/post"}],"author":[{"embeddable":true,"href":"https:\/\/www.events-bassen.de\/index.php?rest_route=\/wp\/v2\/users\/1"}],"replies":[{"embeddable":true,"href":"https:\/\/www.events-bassen.de\/index.php?rest_route=%2Fwp%2Fv2%2Fcomments&post=4801"}],"version-history":[{"count":12,"href":"https:\/\/www.events-bassen.de\/index.php?rest_route=\/wp\/v2\/posts\/4801\/revisions"}],"predecessor-version":[{"id":17303,"href":"https:\/\/www.events-bassen.de\/index.php?rest_route=\/wp\/v2\/posts\/4801\/revisions\/17303"}],"wp:attachment":[{"href":"https:\/\/www.events-bassen.de\/index.php?rest_route=%2Fwp%2Fv2%2Fmedia&parent=4801"}],"wp:term":[{"taxonomy":"category","embeddable":true,"href":"https:\/\/www.events-bassen.de\/index.php?rest_route=%2Fwp%2Fv2%2Fcategories&post=4801"},{"taxonomy":"post_tag","embeddable":true,"href":"https:\/\/www.events-bassen.de\/index.php?rest_route=%2Fwp%2Fv2%2Ftags&post=4801"}],"curies":[{"name":"wp","href":"https:\/\/api.w.org\/{rel}","templated":true}]}}