{"id":4885,"date":"2013-04-28T01:06:54","date_gmt":"2013-04-28T01:06:54","guid":{"rendered":"http:\/\/www.events-bassen.de\/?p=4885"},"modified":"2016-12-20T20:41:04","modified_gmt":"2016-12-20T20:41:04","slug":"gtp-party-fischerhude","status":"publish","type":"post","link":"https:\/\/www.events-bassen.de\/?p=4885","title":{"rendered":"GTP Mega Zeltfete Fischerhude"},"content":{"rendered":"<p>Das DJ &amp; DISCO Team und GTP haben am 27.04.13 in Fischerhude eine Mega Zeltfete auf die Beine gestellt. Das Festzelt auf der Dorfwiese in Fischerhude hatte gen\u00fcgend Platz f\u00fcr die etwa 900 G\u00e4ste. Einlass war um 21 Uhr, was sogar schon einige tanzw\u00fctige Damen nutzten. Ab etwa 22:30 Uhr f\u00fcllte sich <!--more-->allm\u00e4hlich das eiskalte Patyzelt (alle die dort waren wissen, was ich meine). Die Tanzstange wurde schon von Beginn an von einigen M\u00e4dels und Jungs belagert und sorgte f\u00fcr eine gute Stimmung. Schnell f\u00fcllte sich die Tanzfl\u00e4che, denn die Musik lies keine W\u00fcnsche offen. Durch die vielen Tanzenden erh\u00f6hte sich dann auch endlich die Temperatur im Zelt. Die neuste LED Technik mit Moving Heads und einer Leistung von 1200W rundete mit tollen Lichteffekten die Partynacht ab. Und wer heute morgen ein leichtes Summen im Ohr hatte, das k\u00f6nnte an den etwa 20.000 W liegen die zur Beschallung beigetragen haben.<br \/>\nGegen 3 Uhr mu\u00dfte leider die Musik ausgeschaltet werden, da die Anwohner der Dorfwiese auch allm\u00e4hlich schlafen wollten. Alles in allem eine Mega Zeltfete ohne Zwischenf\u00e4lle. Danke an alle, die sich vor meine Kamera getraut haben. Wenn euch der kleine Beitrag und die Bilder gefallen haben, dann LIKED es. Tretet auch gerne in meine Facebook Gruppe <a title=\"Events-Bassen.de\" href=\"http:\/\/www.facebook.com\/groups\/128814767225531\/\" target=\"_blank\">Events-Bassen.de<\/a> ein.<br \/>\nW\u00fcnsche euch nun viel Spa\u00df mit den Bildern.<\/p>\n<p><small><code>[fb-like-button]<\/code><\/small><\/p>\nngg_shortcode_0_placeholder\n","protected":false},"excerpt":{"rendered":"<p>Das DJ &amp; DISCO Team und GTP haben am 27.04.13 in Fischerhude eine Mega Zeltfete auf die Beine gestellt. Das Festzelt auf der Dorfwiese in Fischerhude hatte gen\u00fcgend Platz f\u00fcr die etwa 900 G\u00e4ste. Einlass war um 21 Uhr, was sogar schon einige tanzw\u00fctige Damen nutzten. Ab etwa 22:30 Uhr f\u00fcllte sich<\/p>\n","protected":false},"author":1,"featured_media":5612,"comment_status":"open","ping_status":"open","sticky":false,"template":"","format":"standard","meta":{"ngg_post_thumbnail":0,"footnotes":""},"categories":[1,124],"tags":[126,201,125],"class_list":["post-4885","post","type-post","status-publish","format-standard","has-post-thumbnail","hentry","category-allgemein","category-gtp","tag-fischerhude","tag-gtp","tag-party"],"_links":{"self":[{"href":"https:\/\/www.events-bassen.de\/index.php?rest_route=\/wp\/v2\/posts\/4885","targetHints":{"allow":["GET"]}}],"collection":[{"href":"https:\/\/www.events-bassen.de\/index.php?rest_route=\/wp\/v2\/posts"}],"about":[{"href":"https:\/\/www.events-bassen.de\/index.php?rest_route=\/wp\/v2\/types\/post"}],"author":[{"embeddable":true,"href":"https:\/\/www.events-bassen.de\/index.php?rest_route=\/wp\/v2\/users\/1"}],"replies":[{"embeddable":true,"href":"https:\/\/www.events-bassen.de\/index.php?rest_route=%2Fwp%2Fv2%2Fcomments&post=4885"}],"version-history":[{"count":19,"href":"https:\/\/www.events-bassen.de\/index.php?rest_route=\/wp\/v2\/posts\/4885\/revisions"}],"predecessor-version":[{"id":17711,"href":"https:\/\/www.events-bassen.de\/index.php?rest_route=\/wp\/v2\/posts\/4885\/revisions\/17711"}],"wp:featuredmedia":[{"embeddable":true,"href":"https:\/\/www.events-bassen.de\/index.php?rest_route=\/wp\/v2\/media\/5612"}],"wp:attachment":[{"href":"https:\/\/www.events-bassen.de\/index.php?rest_route=%2Fwp%2Fv2%2Fmedia&parent=4885"}],"wp:term":[{"taxonomy":"category","embeddable":true,"href":"https:\/\/www.events-bassen.de\/index.php?rest_route=%2Fwp%2Fv2%2Fcategories&post=4885"},{"taxonomy":"post_tag","embeddable":true,"href":"https:\/\/www.events-bassen.de\/index.php?rest_route=%2Fwp%2Fv2%2Ftags&post=4885"}],"curies":[{"name":"wp","href":"https:\/\/api.w.org\/{rel}","templated":true}]}}