{"id":532,"date":"2005-08-15T02:48:09","date_gmt":"2005-08-15T02:48:09","guid":{"rendered":"http:\/\/www.events-bassen.de\/?p=532"},"modified":"2016-09-29T20:23:30","modified_gmt":"2016-09-29T20:23:30","slug":"die-patzer-2005-rock-am-rathaus","status":"publish","type":"post","link":"https:\/\/www.events-bassen.de\/?p=532","title":{"rendered":"Die Patzer 2005 &#8211; Rock am Rathaus"},"content":{"rendered":"<p style=\"text-align: justify;\">Yes ! Die Patzer mal wieder live und in Farbe. Im Sommer 2005 das absolute Topevent im norddeutschen Raum. Sie machten Halt beim Oytener Rathaus und lie\u00dfen ihre Gitarren erklingen. Auf dem saftigen Gr\u00fcn hinter dem Rathaus wurde unter gr\u00f6\u00dften Anstrengungen die B\u00fchne in einem m\u00e4chtigen Zelt aufgebaut. <!--more-->Eine Musikanlage der spitzenklasse unterst\u00fctzte das Vorhaben dem Publikum ordentlich einzuheizen. Wie man an den Bildern sehen kann ist das auch gelungen. Als Vorbands spielten eine Sch\u00fclerband der Oytener Pestalozzi Schule und JETSAM, eine ebenfalls bekannte Band aus Bassen.<br \/>\nDie Patzer rundeten mit ihrem Programm den Abend ab und lie\u00dfen das Publikum ordentlich schwitzen, denn kaum ein Titel lud zum rasten ein.\u00a0 Viel Spa\u00df mit den Bildern aus meinem Privatarchiv.<\/p>\n<p style=\"text-align: justify;\"><small><code>[fb-like-button]<\/code><\/small><\/p>\n<p style=\"text-align: justify;\"><!-- default-view.php -->\n<div\n\tclass=\"ngg-galleryoverview default-view\n\t ngg-ajax-pagination-none\t\"\n\tid=\"ngg-gallery-335dbbdb08408bf42f2a0dad92718fed-1\">\n\n\t\t<!-- Thumbnails -->\n\t\t\t\t<div id=\"ngg-image-0\" class=\"ngg-gallery-thumbnail-box\n\t\t\t\t\t\t\t\t\t\t\t\"\n\t\t\t>\n\t\t\t\t\t\t<div class=\"ngg-gallery-thumbnail\">\n\t\t\t<a href=\"https:\/\/www.events-bassen.de\/wp-content\/gallery\/patzer-rock-am-rathaus\/CF1-Rock-am-Rathaus-001.jpg\"\n\t\t\t\ttitle=\"\"\n\t\t\t\tdata-src=\"https:\/\/www.events-bassen.de\/wp-content\/gallery\/patzer-rock-am-rathaus\/CF1-Rock-am-Rathaus-001.jpg\"\n\t\t\t\tdata-thumbnail=\"https:\/\/www.events-bassen.de\/wp-content\/gallery\/patzer-rock-am-rathaus\/thumbs\/thumbs_CF1-Rock-am-Rathaus-001.jpg\"\n\t\t\t\tdata-image-id=\"2437\"\n\t\t\t\tdata-title=\"CF1-Rock-am-Rathaus-001\"\n\t\t\t\tdata-description=\"\"\n\t\t\t\tdata-image-slug=\"cf1-rock-am-rathaus-001\"\n\t\t\t\tclass=\"ngg-simplelightbox\" rel=\"335dbbdb08408bf42f2a0dad92718fed\">\n\t\t\t\t<img\n\t\t\t\t\ttitle=\"CF1-Rock-am-Rathaus-001\"\n\t\t\t\t\talt=\"CF1-Rock-am-Rathaus-001\"\n\t\t\t\t\tsrc=\"https:\/\/www.events-bassen.de\/wp-content\/gallery\/patzer-rock-am-rathaus\/thumbs\/thumbs_CF1-Rock-am-Rathaus-001.jpg\"\n\t\t\t\t\twidth=\"120\"\n\t\t\t\t\theight=\"80\"\n\t\t\t\t\tstyle=\"max-width:100%;\"\n\t\t\t\t\/>\n\t\t\t<\/a>\n\t\t<\/div>\n\t\t\t\t\t\t\t<\/div>\n\t\t\t\n\t\t\t\t<div id=\"ngg-image-1\" class=\"ngg-gallery-thumbnail-box\n\t\t\t\t\t\t\t\t\t\t\t\"\n\t\t\t>\n\t\t\t\t\t\t<div class=\"ngg-gallery-thumbnail\">\n\t\t\t<a href=\"https:\/\/www.events-bassen.de\/wp-content\/gallery\/patzer-rock-am-rathaus\/CF1-Rock-am-Rathaus-002.jpg\"\n\t\t\t\ttitle=\"\"\n\t\t\t\tdata-src=\"https:\/\/www.events-bassen.de\/wp-content\/gallery\/patzer-rock-am-rathaus\/CF1-Rock-am-Rathaus-002.jpg\"\n\t\t\t\tdata-thumbnail=\"https:\/\/www.events-bassen.de\/wp-content\/gallery\/patzer-rock-am-rathaus\/thumbs\/thumbs_CF1-Rock-am-Rathaus-002.jpg\"\n\t\t\t\tdata-image-id=\"2438\"\n\t\t\t\tdata-title=\"CF1-Rock-am-Rathaus-002\"\n\t\t\t\tdata-description=\"\"\n\t\t\t\tdata-image-slug=\"cf1-rock-am-rathaus-002\"\n\t\t\t\tclass=\"ngg-simplelightbox\" rel=\"335dbbdb08408bf42f2a0dad92718fed\">\n\t\t\t\t<img\n\t\t\t\t\ttitle=\"CF1-Rock-am-Rathaus-002\"\n\t\t\t\t\talt=\"CF1-Rock-am-Rathaus-002\"\n\t\t\t\t\tsrc=\"https:\/\/www.events-bassen.de\/wp-content\/gallery\/patzer-rock-am-rathaus\/thumbs\/thumbs_CF1-Rock-am-Rathaus-002.jpg\"\n\t\t\t\t\twidth=\"120\"\n\t\t\t\t\theight=\"80\"\n\t\t\t\t\tstyle=\"max-width:100%;\"\n\t\t\t\t\/>\n\t\t\t<\/a>\n\t\t<\/div>\n\t\t\t\t\t\t\t<\/div>\n\t\t\t\n\t\t\t\t<div id=\"ngg-image-2\" class=\"ngg-gallery-thumbnail-box\n\t\t\t\t\t\t\t\t\t\t\t\"\n\t\t\t>\n\t\t\t\t\t\t<div class=\"ngg-gallery-thumbnail\">\n\t\t\t<a href=\"https:\/\/www.events-bassen.de\/wp-content\/gallery\/patzer-rock-am-rathaus\/CF1-Rock-am-Rathaus-004.jpg\"\n\t\t\t\ttitle=\"\"\n\t\t\t\tdata-src=\"https:\/\/www.events-bassen.de\/wp-content\/gallery\/patzer-rock-am-rathaus\/CF1-Rock-am-Rathaus-004.jpg\"\n\t\t\t\tdata-thumbnail=\"https:\/\/www.events-bassen.de\/wp-content\/gallery\/patzer-rock-am-rathaus\/thumbs\/thumbs_CF1-Rock-am-Rathaus-004.jpg\"\n\t\t\t\tdata-image-id=\"2439\"\n\t\t\t\tdata-title=\"CF1-Rock-am-Rathaus-004\"\n\t\t\t\tdata-description=\"\"\n\t\t\t\tdata-image-slug=\"cf1-rock-am-rathaus-004\"\n\t\t\t\tclass=\"ngg-simplelightbox\" rel=\"335dbbdb08408bf42f2a0dad92718fed\">\n\t\t\t\t<img\n\t\t\t\t\ttitle=\"CF1-Rock-am-Rathaus-004\"\n\t\t\t\t\talt=\"CF1-Rock-am-Rathaus-004\"\n\t\t\t\t\tsrc=\"https:\/\/www.events-bassen.de\/wp-content\/gallery\/patzer-rock-am-rathaus\/thumbs\/thumbs_CF1-Rock-am-Rathaus-004.jpg\"\n\t\t\t\t\twidth=\"120\"\n\t\t\t\t\theight=\"80\"\n\t\t\t\t\tstyle=\"max-width:100%;\"\n\t\t\t\t\/>\n\t\t\t<\/a>\n\t\t<\/div>\n\t\t\t\t\t\t\t<\/div>\n\t\t\t\n\t\t\t\t<div id=\"ngg-image-3\" class=\"ngg-gallery-thumbnail-box\n\t\t\t\t\t\t\t\t\t\t\t\"\n\t\t\t>\n\t\t\t\t\t\t<div class=\"ngg-gallery-thumbnail\">\n\t\t\t<a href=\"https:\/\/www.events-bassen.de\/wp-content\/gallery\/patzer-rock-am-rathaus\/CF1-Rock-am-Rathaus-006.jpg\"\n\t\t\t\ttitle=\"\"\n\t\t\t\tdata-src=\"https:\/\/www.events-bassen.de\/wp-content\/gallery\/patzer-rock-am-rathaus\/CF1-Rock-am-Rathaus-006.jpg\"\n\t\t\t\tdata-thumbnail=\"https:\/\/www.events-bassen.de\/wp-content\/gallery\/patzer-rock-am-rathaus\/thumbs\/thumbs_CF1-Rock-am-Rathaus-006.jpg\"\n\t\t\t\tdata-image-id=\"2440\"\n\t\t\t\tdata-title=\"CF1-Rock-am-Rathaus-006\"\n\t\t\t\tdata-description=\"\"\n\t\t\t\tdata-image-slug=\"cf1-rock-am-rathaus-006\"\n\t\t\t\tclass=\"ngg-simplelightbox\" rel=\"335dbbdb08408bf42f2a0dad92718fed\">\n\t\t\t\t<img\n\t\t\t\t\ttitle=\"CF1-Rock-am-Rathaus-006\"\n\t\t\t\t\talt=\"CF1-Rock-am-Rathaus-006\"\n\t\t\t\t\tsrc=\"https:\/\/www.events-bassen.de\/wp-content\/gallery\/patzer-rock-am-rathaus\/thumbs\/thumbs_CF1-Rock-am-Rathaus-006.jpg\"\n\t\t\t\t\twidth=\"120\"\n\t\t\t\t\theight=\"80\"\n\t\t\t\t\tstyle=\"max-width:100%;\"\n\t\t\t\t\/>\n\t\t\t<\/a>\n\t\t<\/div>\n\t\t\t\t\t\t\t<\/div>\n\t\t\t\n\t\t\t\t<div id=\"ngg-image-4\" class=\"ngg-gallery-thumbnail-box\n\t\t\t\t\t\t\t\t\t\t\t\"\n\t\t\t>\n\t\t\t\t\t\t<div class=\"ngg-gallery-thumbnail\">\n\t\t\t<a href=\"https:\/\/www.events-bassen.de\/wp-content\/gallery\/patzer-rock-am-rathaus\/CF1-Rock-am-Rathaus-007.jpg\"\n\t\t\t\ttitle=\"\"\n\t\t\t\tdata-src=\"https:\/\/www.events-bassen.de\/wp-content\/gallery\/patzer-rock-am-rathaus\/CF1-Rock-am-Rathaus-007.jpg\"\n\t\t\t\tdata-thumbnail=\"https:\/\/www.events-bassen.de\/wp-content\/gallery\/patzer-rock-am-rathaus\/thumbs\/thumbs_CF1-Rock-am-Rathaus-007.jpg\"\n\t\t\t\tdata-image-id=\"2441\"\n\t\t\t\tdata-title=\"CF1-Rock-am-Rathaus-007\"\n\t\t\t\tdata-description=\"\"\n\t\t\t\tdata-image-slug=\"cf1-rock-am-rathaus-007\"\n\t\t\t\tclass=\"ngg-simplelightbox\" rel=\"335dbbdb08408bf42f2a0dad92718fed\">\n\t\t\t\t<img\n\t\t\t\t\ttitle=\"CF1-Rock-am-Rathaus-007\"\n\t\t\t\t\talt=\"CF1-Rock-am-Rathaus-007\"\n\t\t\t\t\tsrc=\"https:\/\/www.events-bassen.de\/wp-content\/gallery\/patzer-rock-am-rathaus\/thumbs\/thumbs_CF1-Rock-am-Rathaus-007.jpg\"\n\t\t\t\t\twidth=\"120\"\n\t\t\t\t\theight=\"80\"\n\t\t\t\t\tstyle=\"max-width:100%;\"\n\t\t\t\t\/>\n\t\t\t<\/a>\n\t\t<\/div>\n\t\t\t\t\t\t\t<\/div>\n\t\t\t\n\t\t\t\t<div id=\"ngg-image-5\" class=\"ngg-gallery-thumbnail-box\n\t\t\t\t\t\t\t\t\t\t\t\"\n\t\t\t>\n\t\t\t\t\t\t<div class=\"ngg-gallery-thumbnail\">\n\t\t\t<a href=\"https:\/\/www.events-bassen.de\/wp-content\/gallery\/patzer-rock-am-rathaus\/CF1-Rock-am-Rathaus-010.jpg\"\n\t\t\t\ttitle=\"\"\n\t\t\t\tdata-src=\"https:\/\/www.events-bassen.de\/wp-content\/gallery\/patzer-rock-am-rathaus\/CF1-Rock-am-Rathaus-010.jpg\"\n\t\t\t\tdata-thumbnail=\"https:\/\/www.events-bassen.de\/wp-content\/gallery\/patzer-rock-am-rathaus\/thumbs\/thumbs_CF1-Rock-am-Rathaus-010.jpg\"\n\t\t\t\tdata-image-id=\"2443\"\n\t\t\t\tdata-title=\"CF1-Rock-am-Rathaus-010\"\n\t\t\t\tdata-description=\"\"\n\t\t\t\tdata-image-slug=\"cf1-rock-am-rathaus-010\"\n\t\t\t\tclass=\"ngg-simplelightbox\" rel=\"335dbbdb08408bf42f2a0dad92718fed\">\n\t\t\t\t<img\n\t\t\t\t\ttitle=\"CF1-Rock-am-Rathaus-010\"\n\t\t\t\t\talt=\"CF1-Rock-am-Rathaus-010\"\n\t\t\t\t\tsrc=\"https:\/\/www.events-bassen.de\/wp-content\/gallery\/patzer-rock-am-rathaus\/thumbs\/thumbs_CF1-Rock-am-Rathaus-010.jpg\"\n\t\t\t\t\twidth=\"120\"\n\t\t\t\t\theight=\"80\"\n\t\t\t\t\tstyle=\"max-width:100%;\"\n\t\t\t\t\/>\n\t\t\t<\/a>\n\t\t<\/div>\n\t\t\t\t\t\t\t<\/div>\n\t\t\t\n\t\t\t\t<div id=\"ngg-image-6\" class=\"ngg-gallery-thumbnail-box\n\t\t\t\t\t\t\t\t\t\t\t\"\n\t\t\t>\n\t\t\t\t\t\t<div class=\"ngg-gallery-thumbnail\">\n\t\t\t<a href=\"https:\/\/www.events-bassen.de\/wp-content\/gallery\/patzer-rock-am-rathaus\/CF1-Rock-am-Rathaus-013.jpg\"\n\t\t\t\ttitle=\"\"\n\t\t\t\tdata-src=\"https:\/\/www.events-bassen.de\/wp-content\/gallery\/patzer-rock-am-rathaus\/CF1-Rock-am-Rathaus-013.jpg\"\n\t\t\t\tdata-thumbnail=\"https:\/\/www.events-bassen.de\/wp-content\/gallery\/patzer-rock-am-rathaus\/thumbs\/thumbs_CF1-Rock-am-Rathaus-013.jpg\"\n\t\t\t\tdata-image-id=\"2445\"\n\t\t\t\tdata-title=\"CF1-Rock-am-Rathaus-013\"\n\t\t\t\tdata-description=\"\"\n\t\t\t\tdata-image-slug=\"cf1-rock-am-rathaus-013\"\n\t\t\t\tclass=\"ngg-simplelightbox\" rel=\"335dbbdb08408bf42f2a0dad92718fed\">\n\t\t\t\t<img\n\t\t\t\t\ttitle=\"CF1-Rock-am-Rathaus-013\"\n\t\t\t\t\talt=\"CF1-Rock-am-Rathaus-013\"\n\t\t\t\t\tsrc=\"https:\/\/www.events-bassen.de\/wp-content\/gallery\/patzer-rock-am-rathaus\/thumbs\/thumbs_CF1-Rock-am-Rathaus-013.jpg\"\n\t\t\t\t\twidth=\"120\"\n\t\t\t\t\theight=\"80\"\n\t\t\t\t\tstyle=\"max-width:100%;\"\n\t\t\t\t\/>\n\t\t\t<\/a>\n\t\t<\/div>\n\t\t\t\t\t\t\t<\/div>\n\t\t\t\n\t\t\t\t<div id=\"ngg-image-7\" class=\"ngg-gallery-thumbnail-box\n\t\t\t\t\t\t\t\t\t\t\t\"\n\t\t\t>\n\t\t\t\t\t\t<div class=\"ngg-gallery-thumbnail\">\n\t\t\t<a href=\"https:\/\/www.events-bassen.de\/wp-content\/gallery\/patzer-rock-am-rathaus\/CF1-Rock-am-Rathaus-021.jpg\"\n\t\t\t\ttitle=\"\"\n\t\t\t\tdata-src=\"https:\/\/www.events-bassen.de\/wp-content\/gallery\/patzer-rock-am-rathaus\/CF1-Rock-am-Rathaus-021.jpg\"\n\t\t\t\tdata-thumbnail=\"https:\/\/www.events-bassen.de\/wp-content\/gallery\/patzer-rock-am-rathaus\/thumbs\/thumbs_CF1-Rock-am-Rathaus-021.jpg\"\n\t\t\t\tdata-image-id=\"2447\"\n\t\t\t\tdata-title=\"CF1-Rock-am-Rathaus-021\"\n\t\t\t\tdata-description=\"\"\n\t\t\t\tdata-image-slug=\"cf1-rock-am-rathaus-021\"\n\t\t\t\tclass=\"ngg-simplelightbox\" rel=\"335dbbdb08408bf42f2a0dad92718fed\">\n\t\t\t\t<img\n\t\t\t\t\ttitle=\"CF1-Rock-am-Rathaus-021\"\n\t\t\t\t\talt=\"CF1-Rock-am-Rathaus-021\"\n\t\t\t\t\tsrc=\"https:\/\/www.events-bassen.de\/wp-content\/gallery\/patzer-rock-am-rathaus\/thumbs\/thumbs_CF1-Rock-am-Rathaus-021.jpg\"\n\t\t\t\t\twidth=\"120\"\n\t\t\t\t\theight=\"80\"\n\t\t\t\t\tstyle=\"max-width:100%;\"\n\t\t\t\t\/>\n\t\t\t<\/a>\n\t\t<\/div>\n\t\t\t\t\t\t\t<\/div>\n\t\t\t\n\t\t\t\t<div id=\"ngg-image-8\" class=\"ngg-gallery-thumbnail-box\n\t\t\t\t\t\t\t\t\t\t\t\"\n\t\t\t>\n\t\t\t\t\t\t<div class=\"ngg-gallery-thumbnail\">\n\t\t\t<a href=\"https:\/\/www.events-bassen.de\/wp-content\/gallery\/patzer-rock-am-rathaus\/CF1-Rock-am-Rathaus-022.jpg\"\n\t\t\t\ttitle=\"\"\n\t\t\t\tdata-src=\"https:\/\/www.events-bassen.de\/wp-content\/gallery\/patzer-rock-am-rathaus\/CF1-Rock-am-Rathaus-022.jpg\"\n\t\t\t\tdata-thumbnail=\"https:\/\/www.events-bassen.de\/wp-content\/gallery\/patzer-rock-am-rathaus\/thumbs\/thumbs_CF1-Rock-am-Rathaus-022.jpg\"\n\t\t\t\tdata-image-id=\"2448\"\n\t\t\t\tdata-title=\"CF1-Rock-am-Rathaus-022\"\n\t\t\t\tdata-description=\"\"\n\t\t\t\tdata-image-slug=\"cf1-rock-am-rathaus-022\"\n\t\t\t\tclass=\"ngg-simplelightbox\" rel=\"335dbbdb08408bf42f2a0dad92718fed\">\n\t\t\t\t<img\n\t\t\t\t\ttitle=\"CF1-Rock-am-Rathaus-022\"\n\t\t\t\t\talt=\"CF1-Rock-am-Rathaus-022\"\n\t\t\t\t\tsrc=\"https:\/\/www.events-bassen.de\/wp-content\/gallery\/patzer-rock-am-rathaus\/thumbs\/thumbs_CF1-Rock-am-Rathaus-022.jpg\"\n\t\t\t\t\twidth=\"120\"\n\t\t\t\t\theight=\"80\"\n\t\t\t\t\tstyle=\"max-width:100%;\"\n\t\t\t\t\/>\n\t\t\t<\/a>\n\t\t<\/div>\n\t\t\t\t\t\t\t<\/div>\n\t\t\t\n\t\t\t\t<div id=\"ngg-image-9\" class=\"ngg-gallery-thumbnail-box\n\t\t\t\t\t\t\t\t\t\t\t\"\n\t\t\t>\n\t\t\t\t\t\t<div class=\"ngg-gallery-thumbnail\">\n\t\t\t<a href=\"https:\/\/www.events-bassen.de\/wp-content\/gallery\/patzer-rock-am-rathaus\/CF1-Rock-am-Rathaus-029.jpg\"\n\t\t\t\ttitle=\"\"\n\t\t\t\tdata-src=\"https:\/\/www.events-bassen.de\/wp-content\/gallery\/patzer-rock-am-rathaus\/CF1-Rock-am-Rathaus-029.jpg\"\n\t\t\t\tdata-thumbnail=\"https:\/\/www.events-bassen.de\/wp-content\/gallery\/patzer-rock-am-rathaus\/thumbs\/thumbs_CF1-Rock-am-Rathaus-029.jpg\"\n\t\t\t\tdata-image-id=\"2450\"\n\t\t\t\tdata-title=\"CF1-Rock-am-Rathaus-029\"\n\t\t\t\tdata-description=\"\"\n\t\t\t\tdata-image-slug=\"cf1-rock-am-rathaus-029\"\n\t\t\t\tclass=\"ngg-simplelightbox\" rel=\"335dbbdb08408bf42f2a0dad92718fed\">\n\t\t\t\t<img\n\t\t\t\t\ttitle=\"CF1-Rock-am-Rathaus-029\"\n\t\t\t\t\talt=\"CF1-Rock-am-Rathaus-029\"\n\t\t\t\t\tsrc=\"https:\/\/www.events-bassen.de\/wp-content\/gallery\/patzer-rock-am-rathaus\/thumbs\/thumbs_CF1-Rock-am-Rathaus-029.jpg\"\n\t\t\t\t\twidth=\"120\"\n\t\t\t\t\theight=\"80\"\n\t\t\t\t\tstyle=\"max-width:100%;\"\n\t\t\t\t\/>\n\t\t\t<\/a>\n\t\t<\/div>\n\t\t\t\t\t\t\t<\/div>\n\t\t\t\n\t\t\t\t<div id=\"ngg-image-10\" class=\"ngg-gallery-thumbnail-box\n\t\t\t\t\t\t\t\t\t\t\t\"\n\t\t\t>\n\t\t\t\t\t\t<div class=\"ngg-gallery-thumbnail\">\n\t\t\t<a href=\"https:\/\/www.events-bassen.de\/wp-content\/gallery\/patzer-rock-am-rathaus\/CF1-Rock-am-Rathaus-030.jpg\"\n\t\t\t\ttitle=\"\"\n\t\t\t\tdata-src=\"https:\/\/www.events-bassen.de\/wp-content\/gallery\/patzer-rock-am-rathaus\/CF1-Rock-am-Rathaus-030.jpg\"\n\t\t\t\tdata-thumbnail=\"https:\/\/www.events-bassen.de\/wp-content\/gallery\/patzer-rock-am-rathaus\/thumbs\/thumbs_CF1-Rock-am-Rathaus-030.jpg\"\n\t\t\t\tdata-image-id=\"2451\"\n\t\t\t\tdata-title=\"CF1-Rock-am-Rathaus-030\"\n\t\t\t\tdata-description=\"\"\n\t\t\t\tdata-image-slug=\"cf1-rock-am-rathaus-030\"\n\t\t\t\tclass=\"ngg-simplelightbox\" rel=\"335dbbdb08408bf42f2a0dad92718fed\">\n\t\t\t\t<img\n\t\t\t\t\ttitle=\"CF1-Rock-am-Rathaus-030\"\n\t\t\t\t\talt=\"CF1-Rock-am-Rathaus-030\"\n\t\t\t\t\tsrc=\"https:\/\/www.events-bassen.de\/wp-content\/gallery\/patzer-rock-am-rathaus\/thumbs\/thumbs_CF1-Rock-am-Rathaus-030.jpg\"\n\t\t\t\t\twidth=\"120\"\n\t\t\t\t\theight=\"80\"\n\t\t\t\t\tstyle=\"max-width:100%;\"\n\t\t\t\t\/>\n\t\t\t<\/a>\n\t\t<\/div>\n\t\t\t\t\t\t\t<\/div>\n\t\t\t\n\t\t\t\t<div id=\"ngg-image-11\" class=\"ngg-gallery-thumbnail-box\n\t\t\t\t\t\t\t\t\t\t\t\"\n\t\t\t>\n\t\t\t\t\t\t<div class=\"ngg-gallery-thumbnail\">\n\t\t\t<a href=\"https:\/\/www.events-bassen.de\/wp-content\/gallery\/patzer-rock-am-rathaus\/CF1-Rock-am-Rathaus-032.jpg\"\n\t\t\t\ttitle=\"\"\n\t\t\t\tdata-src=\"https:\/\/www.events-bassen.de\/wp-content\/gallery\/patzer-rock-am-rathaus\/CF1-Rock-am-Rathaus-032.jpg\"\n\t\t\t\tdata-thumbnail=\"https:\/\/www.events-bassen.de\/wp-content\/gallery\/patzer-rock-am-rathaus\/thumbs\/thumbs_CF1-Rock-am-Rathaus-032.jpg\"\n\t\t\t\tdata-image-id=\"2452\"\n\t\t\t\tdata-title=\"CF1-Rock-am-Rathaus-032\"\n\t\t\t\tdata-description=\"\"\n\t\t\t\tdata-image-slug=\"cf1-rock-am-rathaus-032\"\n\t\t\t\tclass=\"ngg-simplelightbox\" rel=\"335dbbdb08408bf42f2a0dad92718fed\">\n\t\t\t\t<img\n\t\t\t\t\ttitle=\"CF1-Rock-am-Rathaus-032\"\n\t\t\t\t\talt=\"CF1-Rock-am-Rathaus-032\"\n\t\t\t\t\tsrc=\"https:\/\/www.events-bassen.de\/wp-content\/gallery\/patzer-rock-am-rathaus\/thumbs\/thumbs_CF1-Rock-am-Rathaus-032.jpg\"\n\t\t\t\t\twidth=\"120\"\n\t\t\t\t\theight=\"80\"\n\t\t\t\t\tstyle=\"max-width:100%;\"\n\t\t\t\t\/>\n\t\t\t<\/a>\n\t\t<\/div>\n\t\t\t\t\t\t\t<\/div>\n\t\t\t\n\t\t\t\t<div id=\"ngg-image-12\" class=\"ngg-gallery-thumbnail-box\n\t\t\t\t\t\t\t\t\t\t\t\"\n\t\t\t>\n\t\t\t\t\t\t<div class=\"ngg-gallery-thumbnail\">\n\t\t\t<a href=\"https:\/\/www.events-bassen.de\/wp-content\/gallery\/patzer-rock-am-rathaus\/CF1-Rock-am-Rathaus-037.jpg\"\n\t\t\t\ttitle=\"\"\n\t\t\t\tdata-src=\"https:\/\/www.events-bassen.de\/wp-content\/gallery\/patzer-rock-am-rathaus\/CF1-Rock-am-Rathaus-037.jpg\"\n\t\t\t\tdata-thumbnail=\"https:\/\/www.events-bassen.de\/wp-content\/gallery\/patzer-rock-am-rathaus\/thumbs\/thumbs_CF1-Rock-am-Rathaus-037.jpg\"\n\t\t\t\tdata-image-id=\"2453\"\n\t\t\t\tdata-title=\"CF1-Rock-am-Rathaus-037\"\n\t\t\t\tdata-description=\"\"\n\t\t\t\tdata-image-slug=\"cf1-rock-am-rathaus-037\"\n\t\t\t\tclass=\"ngg-simplelightbox\" rel=\"335dbbdb08408bf42f2a0dad92718fed\">\n\t\t\t\t<img\n\t\t\t\t\ttitle=\"CF1-Rock-am-Rathaus-037\"\n\t\t\t\t\talt=\"CF1-Rock-am-Rathaus-037\"\n\t\t\t\t\tsrc=\"https:\/\/www.events-bassen.de\/wp-content\/gallery\/patzer-rock-am-rathaus\/thumbs\/thumbs_CF1-Rock-am-Rathaus-037.jpg\"\n\t\t\t\t\twidth=\"120\"\n\t\t\t\t\theight=\"80\"\n\t\t\t\t\tstyle=\"max-width:100%;\"\n\t\t\t\t\/>\n\t\t\t<\/a>\n\t\t<\/div>\n\t\t\t\t\t\t\t<\/div>\n\t\t\t\n\t\t\t\t<div id=\"ngg-image-13\" class=\"ngg-gallery-thumbnail-box\n\t\t\t\t\t\t\t\t\t\t\t\"\n\t\t\t>\n\t\t\t\t\t\t<div class=\"ngg-gallery-thumbnail\">\n\t\t\t<a href=\"https:\/\/www.events-bassen.de\/wp-content\/gallery\/patzer-rock-am-rathaus\/CF1-Rock-am-Rathaus-039.jpg\"\n\t\t\t\ttitle=\"\"\n\t\t\t\tdata-src=\"https:\/\/www.events-bassen.de\/wp-content\/gallery\/patzer-rock-am-rathaus\/CF1-Rock-am-Rathaus-039.jpg\"\n\t\t\t\tdata-thumbnail=\"https:\/\/www.events-bassen.de\/wp-content\/gallery\/patzer-rock-am-rathaus\/thumbs\/thumbs_CF1-Rock-am-Rathaus-039.jpg\"\n\t\t\t\tdata-image-id=\"2454\"\n\t\t\t\tdata-title=\"CF1-Rock-am-Rathaus-039\"\n\t\t\t\tdata-description=\"\"\n\t\t\t\tdata-image-slug=\"cf1-rock-am-rathaus-039\"\n\t\t\t\tclass=\"ngg-simplelightbox\" rel=\"335dbbdb08408bf42f2a0dad92718fed\">\n\t\t\t\t<img\n\t\t\t\t\ttitle=\"CF1-Rock-am-Rathaus-039\"\n\t\t\t\t\talt=\"CF1-Rock-am-Rathaus-039\"\n\t\t\t\t\tsrc=\"https:\/\/www.events-bassen.de\/wp-content\/gallery\/patzer-rock-am-rathaus\/thumbs\/thumbs_CF1-Rock-am-Rathaus-039.jpg\"\n\t\t\t\t\twidth=\"120\"\n\t\t\t\t\theight=\"80\"\n\t\t\t\t\tstyle=\"max-width:100%;\"\n\t\t\t\t\/>\n\t\t\t<\/a>\n\t\t<\/div>\n\t\t\t\t\t\t\t<\/div>\n\t\t\t\n\t\t\t\t<div id=\"ngg-image-14\" class=\"ngg-gallery-thumbnail-box\n\t\t\t\t\t\t\t\t\t\t\t\"\n\t\t\t>\n\t\t\t\t\t\t<div class=\"ngg-gallery-thumbnail\">\n\t\t\t<a href=\"https:\/\/www.events-bassen.de\/wp-content\/gallery\/patzer-rock-am-rathaus\/CF1-Rock-am-Rathaus-041.jpg\"\n\t\t\t\ttitle=\"\"\n\t\t\t\tdata-src=\"https:\/\/www.events-bassen.de\/wp-content\/gallery\/patzer-rock-am-rathaus\/CF1-Rock-am-Rathaus-041.jpg\"\n\t\t\t\tdata-thumbnail=\"https:\/\/www.events-bassen.de\/wp-content\/gallery\/patzer-rock-am-rathaus\/thumbs\/thumbs_CF1-Rock-am-Rathaus-041.jpg\"\n\t\t\t\tdata-image-id=\"2455\"\n\t\t\t\tdata-title=\"CF1-Rock-am-Rathaus-041\"\n\t\t\t\tdata-description=\"\"\n\t\t\t\tdata-image-slug=\"cf1-rock-am-rathaus-041\"\n\t\t\t\tclass=\"ngg-simplelightbox\" rel=\"335dbbdb08408bf42f2a0dad92718fed\">\n\t\t\t\t<img\n\t\t\t\t\ttitle=\"CF1-Rock-am-Rathaus-041\"\n\t\t\t\t\talt=\"CF1-Rock-am-Rathaus-041\"\n\t\t\t\t\tsrc=\"https:\/\/www.events-bassen.de\/wp-content\/gallery\/patzer-rock-am-rathaus\/thumbs\/thumbs_CF1-Rock-am-Rathaus-041.jpg\"\n\t\t\t\t\twidth=\"120\"\n\t\t\t\t\theight=\"80\"\n\t\t\t\t\tstyle=\"max-width:100%;\"\n\t\t\t\t\/>\n\t\t\t<\/a>\n\t\t<\/div>\n\t\t\t\t\t\t\t<\/div>\n\t\t\t\n\t\t\t\t<div id=\"ngg-image-15\" class=\"ngg-gallery-thumbnail-box\n\t\t\t\t\t\t\t\t\t\t\t\"\n\t\t\t>\n\t\t\t\t\t\t<div class=\"ngg-gallery-thumbnail\">\n\t\t\t<a href=\"https:\/\/www.events-bassen.de\/wp-content\/gallery\/patzer-rock-am-rathaus\/CF1-Rock-am-Rathaus-043.jpg\"\n\t\t\t\ttitle=\"\"\n\t\t\t\tdata-src=\"https:\/\/www.events-bassen.de\/wp-content\/gallery\/patzer-rock-am-rathaus\/CF1-Rock-am-Rathaus-043.jpg\"\n\t\t\t\tdata-thumbnail=\"https:\/\/www.events-bassen.de\/wp-content\/gallery\/patzer-rock-am-rathaus\/thumbs\/thumbs_CF1-Rock-am-Rathaus-043.jpg\"\n\t\t\t\tdata-image-id=\"2457\"\n\t\t\t\tdata-title=\"CF1-Rock-am-Rathaus-043\"\n\t\t\t\tdata-description=\"\"\n\t\t\t\tdata-image-slug=\"cf1-rock-am-rathaus-043\"\n\t\t\t\tclass=\"ngg-simplelightbox\" rel=\"335dbbdb08408bf42f2a0dad92718fed\">\n\t\t\t\t<img\n\t\t\t\t\ttitle=\"CF1-Rock-am-Rathaus-043\"\n\t\t\t\t\talt=\"CF1-Rock-am-Rathaus-043\"\n\t\t\t\t\tsrc=\"https:\/\/www.events-bassen.de\/wp-content\/gallery\/patzer-rock-am-rathaus\/thumbs\/thumbs_CF1-Rock-am-Rathaus-043.jpg\"\n\t\t\t\t\twidth=\"120\"\n\t\t\t\t\theight=\"80\"\n\t\t\t\t\tstyle=\"max-width:100%;\"\n\t\t\t\t\/>\n\t\t\t<\/a>\n\t\t<\/div>\n\t\t\t\t\t\t\t<\/div>\n\t\t\t\n\t\t\t\t<div id=\"ngg-image-16\" class=\"ngg-gallery-thumbnail-box\n\t\t\t\t\t\t\t\t\t\t\t\"\n\t\t\t>\n\t\t\t\t\t\t<div class=\"ngg-gallery-thumbnail\">\n\t\t\t<a href=\"https:\/\/www.events-bassen.de\/wp-content\/gallery\/patzer-rock-am-rathaus\/CF1-Rock-am-Rathaus-047.jpg\"\n\t\t\t\ttitle=\"\"\n\t\t\t\tdata-src=\"https:\/\/www.events-bassen.de\/wp-content\/gallery\/patzer-rock-am-rathaus\/CF1-Rock-am-Rathaus-047.jpg\"\n\t\t\t\tdata-thumbnail=\"https:\/\/www.events-bassen.de\/wp-content\/gallery\/patzer-rock-am-rathaus\/thumbs\/thumbs_CF1-Rock-am-Rathaus-047.jpg\"\n\t\t\t\tdata-image-id=\"2458\"\n\t\t\t\tdata-title=\"CF1-Rock-am-Rathaus-047\"\n\t\t\t\tdata-description=\"\"\n\t\t\t\tdata-image-slug=\"cf1-rock-am-rathaus-047\"\n\t\t\t\tclass=\"ngg-simplelightbox\" rel=\"335dbbdb08408bf42f2a0dad92718fed\">\n\t\t\t\t<img\n\t\t\t\t\ttitle=\"CF1-Rock-am-Rathaus-047\"\n\t\t\t\t\talt=\"CF1-Rock-am-Rathaus-047\"\n\t\t\t\t\tsrc=\"https:\/\/www.events-bassen.de\/wp-content\/gallery\/patzer-rock-am-rathaus\/thumbs\/thumbs_CF1-Rock-am-Rathaus-047.jpg\"\n\t\t\t\t\twidth=\"120\"\n\t\t\t\t\theight=\"80\"\n\t\t\t\t\tstyle=\"max-width:100%;\"\n\t\t\t\t\/>\n\t\t\t<\/a>\n\t\t<\/div>\n\t\t\t\t\t\t\t<\/div>\n\t\t\t\n\t\t\t\t<div id=\"ngg-image-17\" class=\"ngg-gallery-thumbnail-box\n\t\t\t\t\t\t\t\t\t\t\t\"\n\t\t\t>\n\t\t\t\t\t\t<div class=\"ngg-gallery-thumbnail\">\n\t\t\t<a href=\"https:\/\/www.events-bassen.de\/wp-content\/gallery\/patzer-rock-am-rathaus\/CF1-Rock-am-Rathaus-059.jpg\"\n\t\t\t\ttitle=\"\"\n\t\t\t\tdata-src=\"https:\/\/www.events-bassen.de\/wp-content\/gallery\/patzer-rock-am-rathaus\/CF1-Rock-am-Rathaus-059.jpg\"\n\t\t\t\tdata-thumbnail=\"https:\/\/www.events-bassen.de\/wp-content\/gallery\/patzer-rock-am-rathaus\/thumbs\/thumbs_CF1-Rock-am-Rathaus-059.jpg\"\n\t\t\t\tdata-image-id=\"2462\"\n\t\t\t\tdata-title=\"CF1-Rock-am-Rathaus-059\"\n\t\t\t\tdata-description=\"\"\n\t\t\t\tdata-image-slug=\"cf1-rock-am-rathaus-059\"\n\t\t\t\tclass=\"ngg-simplelightbox\" rel=\"335dbbdb08408bf42f2a0dad92718fed\">\n\t\t\t\t<img\n\t\t\t\t\ttitle=\"CF1-Rock-am-Rathaus-059\"\n\t\t\t\t\talt=\"CF1-Rock-am-Rathaus-059\"\n\t\t\t\t\tsrc=\"https:\/\/www.events-bassen.de\/wp-content\/gallery\/patzer-rock-am-rathaus\/thumbs\/thumbs_CF1-Rock-am-Rathaus-059.jpg\"\n\t\t\t\t\twidth=\"120\"\n\t\t\t\t\theight=\"80\"\n\t\t\t\t\tstyle=\"max-width:100%;\"\n\t\t\t\t\/>\n\t\t\t<\/a>\n\t\t<\/div>\n\t\t\t\t\t\t\t<\/div>\n\t\t\t\n\t\t\t\t<div id=\"ngg-image-18\" class=\"ngg-gallery-thumbnail-box\n\t\t\t\t\t\t\t\t\t\t\t\"\n\t\t\t>\n\t\t\t\t\t\t<div class=\"ngg-gallery-thumbnail\">\n\t\t\t<a href=\"https:\/\/www.events-bassen.de\/wp-content\/gallery\/patzer-rock-am-rathaus\/CF1-Rock-am-Rathaus-070.jpg\"\n\t\t\t\ttitle=\"\"\n\t\t\t\tdata-src=\"https:\/\/www.events-bassen.de\/wp-content\/gallery\/patzer-rock-am-rathaus\/CF1-Rock-am-Rathaus-070.jpg\"\n\t\t\t\tdata-thumbnail=\"https:\/\/www.events-bassen.de\/wp-content\/gallery\/patzer-rock-am-rathaus\/thumbs\/thumbs_CF1-Rock-am-Rathaus-070.jpg\"\n\t\t\t\tdata-image-id=\"2466\"\n\t\t\t\tdata-title=\"CF1-Rock-am-Rathaus-070\"\n\t\t\t\tdata-description=\"\"\n\t\t\t\tdata-image-slug=\"cf1-rock-am-rathaus-070\"\n\t\t\t\tclass=\"ngg-simplelightbox\" rel=\"335dbbdb08408bf42f2a0dad92718fed\">\n\t\t\t\t<img\n\t\t\t\t\ttitle=\"CF1-Rock-am-Rathaus-070\"\n\t\t\t\t\talt=\"CF1-Rock-am-Rathaus-070\"\n\t\t\t\t\tsrc=\"https:\/\/www.events-bassen.de\/wp-content\/gallery\/patzer-rock-am-rathaus\/thumbs\/thumbs_CF1-Rock-am-Rathaus-070.jpg\"\n\t\t\t\t\twidth=\"120\"\n\t\t\t\t\theight=\"80\"\n\t\t\t\t\tstyle=\"max-width:100%;\"\n\t\t\t\t\/>\n\t\t\t<\/a>\n\t\t<\/div>\n\t\t\t\t\t\t\t<\/div>\n\t\t\t\n\t\t\t\t<div id=\"ngg-image-19\" class=\"ngg-gallery-thumbnail-box\n\t\t\t\t\t\t\t\t\t\t\t\"\n\t\t\t>\n\t\t\t\t\t\t<div class=\"ngg-gallery-thumbnail\">\n\t\t\t<a href=\"https:\/\/www.events-bassen.de\/wp-content\/gallery\/patzer-rock-am-rathaus\/CF1-Rock-am-Rathaus-075.jpg\"\n\t\t\t\ttitle=\"\"\n\t\t\t\tdata-src=\"https:\/\/www.events-bassen.de\/wp-content\/gallery\/patzer-rock-am-rathaus\/CF1-Rock-am-Rathaus-075.jpg\"\n\t\t\t\tdata-thumbnail=\"https:\/\/www.events-bassen.de\/wp-content\/gallery\/patzer-rock-am-rathaus\/thumbs\/thumbs_CF1-Rock-am-Rathaus-075.jpg\"\n\t\t\t\tdata-image-id=\"2468\"\n\t\t\t\tdata-title=\"CF1-Rock-am-Rathaus-075\"\n\t\t\t\tdata-description=\"\"\n\t\t\t\tdata-image-slug=\"cf1-rock-am-rathaus-075\"\n\t\t\t\tclass=\"ngg-simplelightbox\" rel=\"335dbbdb08408bf42f2a0dad92718fed\">\n\t\t\t\t<img\n\t\t\t\t\ttitle=\"CF1-Rock-am-Rathaus-075\"\n\t\t\t\t\talt=\"CF1-Rock-am-Rathaus-075\"\n\t\t\t\t\tsrc=\"https:\/\/www.events-bassen.de\/wp-content\/gallery\/patzer-rock-am-rathaus\/thumbs\/thumbs_CF1-Rock-am-Rathaus-075.jpg\"\n\t\t\t\t\twidth=\"120\"\n\t\t\t\t\theight=\"80\"\n\t\t\t\t\tstyle=\"max-width:100%;\"\n\t\t\t\t\/>\n\t\t\t<\/a>\n\t\t<\/div>\n\t\t\t\t\t\t\t<\/div>\n\t\t\t\n\t\t\t\t<div id=\"ngg-image-20\" class=\"ngg-gallery-thumbnail-box\n\t\t\t\t\t\t\t\t\t\t\t\"\n\t\t\t>\n\t\t\t\t\t\t<div class=\"ngg-gallery-thumbnail\">\n\t\t\t<a href=\"https:\/\/www.events-bassen.de\/wp-content\/gallery\/patzer-rock-am-rathaus\/CF2-Rock-am-Rathaus-002.jpg\"\n\t\t\t\ttitle=\"\"\n\t\t\t\tdata-src=\"https:\/\/www.events-bassen.de\/wp-content\/gallery\/patzer-rock-am-rathaus\/CF2-Rock-am-Rathaus-002.jpg\"\n\t\t\t\tdata-thumbnail=\"https:\/\/www.events-bassen.de\/wp-content\/gallery\/patzer-rock-am-rathaus\/thumbs\/thumbs_CF2-Rock-am-Rathaus-002.jpg\"\n\t\t\t\tdata-image-id=\"2471\"\n\t\t\t\tdata-title=\"CF2-Rock-am-Rathaus-002\"\n\t\t\t\tdata-description=\"\"\n\t\t\t\tdata-image-slug=\"cf2-rock-am-rathaus-002\"\n\t\t\t\tclass=\"ngg-simplelightbox\" rel=\"335dbbdb08408bf42f2a0dad92718fed\">\n\t\t\t\t<img\n\t\t\t\t\ttitle=\"CF2-Rock-am-Rathaus-002\"\n\t\t\t\t\talt=\"CF2-Rock-am-Rathaus-002\"\n\t\t\t\t\tsrc=\"https:\/\/www.events-bassen.de\/wp-content\/gallery\/patzer-rock-am-rathaus\/thumbs\/thumbs_CF2-Rock-am-Rathaus-002.jpg\"\n\t\t\t\t\twidth=\"120\"\n\t\t\t\t\theight=\"80\"\n\t\t\t\t\tstyle=\"max-width:100%;\"\n\t\t\t\t\/>\n\t\t\t<\/a>\n\t\t<\/div>\n\t\t\t\t\t\t\t<\/div>\n\t\t\t\n\t\t\t\t<div id=\"ngg-image-21\" class=\"ngg-gallery-thumbnail-box\n\t\t\t\t\t\t\t\t\t\t\t\"\n\t\t\t>\n\t\t\t\t\t\t<div class=\"ngg-gallery-thumbnail\">\n\t\t\t<a href=\"https:\/\/www.events-bassen.de\/wp-content\/gallery\/patzer-rock-am-rathaus\/CF2-Rock-am-Rathaus-004.jpg\"\n\t\t\t\ttitle=\"\"\n\t\t\t\tdata-src=\"https:\/\/www.events-bassen.de\/wp-content\/gallery\/patzer-rock-am-rathaus\/CF2-Rock-am-Rathaus-004.jpg\"\n\t\t\t\tdata-thumbnail=\"https:\/\/www.events-bassen.de\/wp-content\/gallery\/patzer-rock-am-rathaus\/thumbs\/thumbs_CF2-Rock-am-Rathaus-004.jpg\"\n\t\t\t\tdata-image-id=\"2472\"\n\t\t\t\tdata-title=\"CF2-Rock-am-Rathaus-004\"\n\t\t\t\tdata-description=\"\"\n\t\t\t\tdata-image-slug=\"cf2-rock-am-rathaus-004\"\n\t\t\t\tclass=\"ngg-simplelightbox\" rel=\"335dbbdb08408bf42f2a0dad92718fed\">\n\t\t\t\t<img\n\t\t\t\t\ttitle=\"CF2-Rock-am-Rathaus-004\"\n\t\t\t\t\talt=\"CF2-Rock-am-Rathaus-004\"\n\t\t\t\t\tsrc=\"https:\/\/www.events-bassen.de\/wp-content\/gallery\/patzer-rock-am-rathaus\/thumbs\/thumbs_CF2-Rock-am-Rathaus-004.jpg\"\n\t\t\t\t\twidth=\"120\"\n\t\t\t\t\theight=\"80\"\n\t\t\t\t\tstyle=\"max-width:100%;\"\n\t\t\t\t\/>\n\t\t\t<\/a>\n\t\t<\/div>\n\t\t\t\t\t\t\t<\/div>\n\t\t\t\n\t\t\t\t<div id=\"ngg-image-22\" class=\"ngg-gallery-thumbnail-box\n\t\t\t\t\t\t\t\t\t\t\t\"\n\t\t\t>\n\t\t\t\t\t\t<div class=\"ngg-gallery-thumbnail\">\n\t\t\t<a href=\"https:\/\/www.events-bassen.de\/wp-content\/gallery\/patzer-rock-am-rathaus\/CF2-Rock-am-Rathaus-008.jpg\"\n\t\t\t\ttitle=\"\"\n\t\t\t\tdata-src=\"https:\/\/www.events-bassen.de\/wp-content\/gallery\/patzer-rock-am-rathaus\/CF2-Rock-am-Rathaus-008.jpg\"\n\t\t\t\tdata-thumbnail=\"https:\/\/www.events-bassen.de\/wp-content\/gallery\/patzer-rock-am-rathaus\/thumbs\/thumbs_CF2-Rock-am-Rathaus-008.jpg\"\n\t\t\t\tdata-image-id=\"2475\"\n\t\t\t\tdata-title=\"CF2-Rock-am-Rathaus-008\"\n\t\t\t\tdata-description=\"\"\n\t\t\t\tdata-image-slug=\"cf2-rock-am-rathaus-008\"\n\t\t\t\tclass=\"ngg-simplelightbox\" rel=\"335dbbdb08408bf42f2a0dad92718fed\">\n\t\t\t\t<img\n\t\t\t\t\ttitle=\"CF2-Rock-am-Rathaus-008\"\n\t\t\t\t\talt=\"CF2-Rock-am-Rathaus-008\"\n\t\t\t\t\tsrc=\"https:\/\/www.events-bassen.de\/wp-content\/gallery\/patzer-rock-am-rathaus\/thumbs\/thumbs_CF2-Rock-am-Rathaus-008.jpg\"\n\t\t\t\t\twidth=\"120\"\n\t\t\t\t\theight=\"80\"\n\t\t\t\t\tstyle=\"max-width:100%;\"\n\t\t\t\t\/>\n\t\t\t<\/a>\n\t\t<\/div>\n\t\t\t\t\t\t\t<\/div>\n\t\t\t\n\t\t\t\t<div id=\"ngg-image-23\" class=\"ngg-gallery-thumbnail-box\n\t\t\t\t\t\t\t\t\t\t\t\"\n\t\t\t>\n\t\t\t\t\t\t<div class=\"ngg-gallery-thumbnail\">\n\t\t\t<a href=\"https:\/\/www.events-bassen.de\/wp-content\/gallery\/patzer-rock-am-rathaus\/CF2-Rock-am-Rathaus-009.jpg\"\n\t\t\t\ttitle=\"\"\n\t\t\t\tdata-src=\"https:\/\/www.events-bassen.de\/wp-content\/gallery\/patzer-rock-am-rathaus\/CF2-Rock-am-Rathaus-009.jpg\"\n\t\t\t\tdata-thumbnail=\"https:\/\/www.events-bassen.de\/wp-content\/gallery\/patzer-rock-am-rathaus\/thumbs\/thumbs_CF2-Rock-am-Rathaus-009.jpg\"\n\t\t\t\tdata-image-id=\"2476\"\n\t\t\t\tdata-title=\"CF2-Rock-am-Rathaus-009\"\n\t\t\t\tdata-description=\"\"\n\t\t\t\tdata-image-slug=\"cf2-rock-am-rathaus-009\"\n\t\t\t\tclass=\"ngg-simplelightbox\" rel=\"335dbbdb08408bf42f2a0dad92718fed\">\n\t\t\t\t<img\n\t\t\t\t\ttitle=\"CF2-Rock-am-Rathaus-009\"\n\t\t\t\t\talt=\"CF2-Rock-am-Rathaus-009\"\n\t\t\t\t\tsrc=\"https:\/\/www.events-bassen.de\/wp-content\/gallery\/patzer-rock-am-rathaus\/thumbs\/thumbs_CF2-Rock-am-Rathaus-009.jpg\"\n\t\t\t\t\twidth=\"120\"\n\t\t\t\t\theight=\"80\"\n\t\t\t\t\tstyle=\"max-width:100%;\"\n\t\t\t\t\/>\n\t\t\t<\/a>\n\t\t<\/div>\n\t\t\t\t\t\t\t<\/div>\n\t\t\t\n\t\t\t\t<div id=\"ngg-image-24\" class=\"ngg-gallery-thumbnail-box\n\t\t\t\t\t\t\t\t\t\t\t\"\n\t\t\t>\n\t\t\t\t\t\t<div class=\"ngg-gallery-thumbnail\">\n\t\t\t<a href=\"https:\/\/www.events-bassen.de\/wp-content\/gallery\/patzer-rock-am-rathaus\/CF2-Rock-am-Rathaus-013.jpg\"\n\t\t\t\ttitle=\"\"\n\t\t\t\tdata-src=\"https:\/\/www.events-bassen.de\/wp-content\/gallery\/patzer-rock-am-rathaus\/CF2-Rock-am-Rathaus-013.jpg\"\n\t\t\t\tdata-thumbnail=\"https:\/\/www.events-bassen.de\/wp-content\/gallery\/patzer-rock-am-rathaus\/thumbs\/thumbs_CF2-Rock-am-Rathaus-013.jpg\"\n\t\t\t\tdata-image-id=\"2477\"\n\t\t\t\tdata-title=\"CF2-Rock-am-Rathaus-013\"\n\t\t\t\tdata-description=\"\"\n\t\t\t\tdata-image-slug=\"cf2-rock-am-rathaus-013\"\n\t\t\t\tclass=\"ngg-simplelightbox\" rel=\"335dbbdb08408bf42f2a0dad92718fed\">\n\t\t\t\t<img\n\t\t\t\t\ttitle=\"CF2-Rock-am-Rathaus-013\"\n\t\t\t\t\talt=\"CF2-Rock-am-Rathaus-013\"\n\t\t\t\t\tsrc=\"https:\/\/www.events-bassen.de\/wp-content\/gallery\/patzer-rock-am-rathaus\/thumbs\/thumbs_CF2-Rock-am-Rathaus-013.jpg\"\n\t\t\t\t\twidth=\"120\"\n\t\t\t\t\theight=\"80\"\n\t\t\t\t\tstyle=\"max-width:100%;\"\n\t\t\t\t\/>\n\t\t\t<\/a>\n\t\t<\/div>\n\t\t\t\t\t\t\t<\/div>\n\t\t\t\n\t\t\t\t<div id=\"ngg-image-25\" class=\"ngg-gallery-thumbnail-box\n\t\t\t\t\t\t\t\t\t\t\t\"\n\t\t\t>\n\t\t\t\t\t\t<div class=\"ngg-gallery-thumbnail\">\n\t\t\t<a href=\"https:\/\/www.events-bassen.de\/wp-content\/gallery\/patzer-rock-am-rathaus\/CF2-Rock-am-Rathaus-015.jpg\"\n\t\t\t\ttitle=\"\"\n\t\t\t\tdata-src=\"https:\/\/www.events-bassen.de\/wp-content\/gallery\/patzer-rock-am-rathaus\/CF2-Rock-am-Rathaus-015.jpg\"\n\t\t\t\tdata-thumbnail=\"https:\/\/www.events-bassen.de\/wp-content\/gallery\/patzer-rock-am-rathaus\/thumbs\/thumbs_CF2-Rock-am-Rathaus-015.jpg\"\n\t\t\t\tdata-image-id=\"2478\"\n\t\t\t\tdata-title=\"CF2-Rock-am-Rathaus-015\"\n\t\t\t\tdata-description=\"\"\n\t\t\t\tdata-image-slug=\"cf2-rock-am-rathaus-015\"\n\t\t\t\tclass=\"ngg-simplelightbox\" rel=\"335dbbdb08408bf42f2a0dad92718fed\">\n\t\t\t\t<img\n\t\t\t\t\ttitle=\"CF2-Rock-am-Rathaus-015\"\n\t\t\t\t\talt=\"CF2-Rock-am-Rathaus-015\"\n\t\t\t\t\tsrc=\"https:\/\/www.events-bassen.de\/wp-content\/gallery\/patzer-rock-am-rathaus\/thumbs\/thumbs_CF2-Rock-am-Rathaus-015.jpg\"\n\t\t\t\t\twidth=\"120\"\n\t\t\t\t\theight=\"80\"\n\t\t\t\t\tstyle=\"max-width:100%;\"\n\t\t\t\t\/>\n\t\t\t<\/a>\n\t\t<\/div>\n\t\t\t\t\t\t\t<\/div>\n\t\t\t\n\t\t\t\t<div id=\"ngg-image-26\" class=\"ngg-gallery-thumbnail-box\n\t\t\t\t\t\t\t\t\t\t\t\"\n\t\t\t>\n\t\t\t\t\t\t<div class=\"ngg-gallery-thumbnail\">\n\t\t\t<a href=\"https:\/\/www.events-bassen.de\/wp-content\/gallery\/patzer-rock-am-rathaus\/CF2-Rock-am-Rathaus-017.jpg\"\n\t\t\t\ttitle=\"\"\n\t\t\t\tdata-src=\"https:\/\/www.events-bassen.de\/wp-content\/gallery\/patzer-rock-am-rathaus\/CF2-Rock-am-Rathaus-017.jpg\"\n\t\t\t\tdata-thumbnail=\"https:\/\/www.events-bassen.de\/wp-content\/gallery\/patzer-rock-am-rathaus\/thumbs\/thumbs_CF2-Rock-am-Rathaus-017.jpg\"\n\t\t\t\tdata-image-id=\"2479\"\n\t\t\t\tdata-title=\"CF2-Rock-am-Rathaus-017\"\n\t\t\t\tdata-description=\"\"\n\t\t\t\tdata-image-slug=\"cf2-rock-am-rathaus-017\"\n\t\t\t\tclass=\"ngg-simplelightbox\" rel=\"335dbbdb08408bf42f2a0dad92718fed\">\n\t\t\t\t<img\n\t\t\t\t\ttitle=\"CF2-Rock-am-Rathaus-017\"\n\t\t\t\t\talt=\"CF2-Rock-am-Rathaus-017\"\n\t\t\t\t\tsrc=\"https:\/\/www.events-bassen.de\/wp-content\/gallery\/patzer-rock-am-rathaus\/thumbs\/thumbs_CF2-Rock-am-Rathaus-017.jpg\"\n\t\t\t\t\twidth=\"120\"\n\t\t\t\t\theight=\"80\"\n\t\t\t\t\tstyle=\"max-width:100%;\"\n\t\t\t\t\/>\n\t\t\t<\/a>\n\t\t<\/div>\n\t\t\t\t\t\t\t<\/div>\n\t\t\t\n\t\t\t\t<div id=\"ngg-image-27\" class=\"ngg-gallery-thumbnail-box\n\t\t\t\t\t\t\t\t\t\t\t\"\n\t\t\t>\n\t\t\t\t\t\t<div class=\"ngg-gallery-thumbnail\">\n\t\t\t<a href=\"https:\/\/www.events-bassen.de\/wp-content\/gallery\/patzer-rock-am-rathaus\/CF2-Rock-am-Rathaus-018.jpg\"\n\t\t\t\ttitle=\"\"\n\t\t\t\tdata-src=\"https:\/\/www.events-bassen.de\/wp-content\/gallery\/patzer-rock-am-rathaus\/CF2-Rock-am-Rathaus-018.jpg\"\n\t\t\t\tdata-thumbnail=\"https:\/\/www.events-bassen.de\/wp-content\/gallery\/patzer-rock-am-rathaus\/thumbs\/thumbs_CF2-Rock-am-Rathaus-018.jpg\"\n\t\t\t\tdata-image-id=\"2480\"\n\t\t\t\tdata-title=\"CF2-Rock-am-Rathaus-018\"\n\t\t\t\tdata-description=\"\"\n\t\t\t\tdata-image-slug=\"cf2-rock-am-rathaus-018\"\n\t\t\t\tclass=\"ngg-simplelightbox\" rel=\"335dbbdb08408bf42f2a0dad92718fed\">\n\t\t\t\t<img\n\t\t\t\t\ttitle=\"CF2-Rock-am-Rathaus-018\"\n\t\t\t\t\talt=\"CF2-Rock-am-Rathaus-018\"\n\t\t\t\t\tsrc=\"https:\/\/www.events-bassen.de\/wp-content\/gallery\/patzer-rock-am-rathaus\/thumbs\/thumbs_CF2-Rock-am-Rathaus-018.jpg\"\n\t\t\t\t\twidth=\"120\"\n\t\t\t\t\theight=\"80\"\n\t\t\t\t\tstyle=\"max-width:100%;\"\n\t\t\t\t\/>\n\t\t\t<\/a>\n\t\t<\/div>\n\t\t\t\t\t\t\t<\/div>\n\t\t\t\n\t\t\t\t<div id=\"ngg-image-28\" class=\"ngg-gallery-thumbnail-box\n\t\t\t\t\t\t\t\t\t\t\t\"\n\t\t\t>\n\t\t\t\t\t\t<div class=\"ngg-gallery-thumbnail\">\n\t\t\t<a href=\"https:\/\/www.events-bassen.de\/wp-content\/gallery\/patzer-rock-am-rathaus\/CF2-Rock-am-Rathaus-020.jpg\"\n\t\t\t\ttitle=\"\"\n\t\t\t\tdata-src=\"https:\/\/www.events-bassen.de\/wp-content\/gallery\/patzer-rock-am-rathaus\/CF2-Rock-am-Rathaus-020.jpg\"\n\t\t\t\tdata-thumbnail=\"https:\/\/www.events-bassen.de\/wp-content\/gallery\/patzer-rock-am-rathaus\/thumbs\/thumbs_CF2-Rock-am-Rathaus-020.jpg\"\n\t\t\t\tdata-image-id=\"2481\"\n\t\t\t\tdata-title=\"CF2-Rock-am-Rathaus-020\"\n\t\t\t\tdata-description=\"\"\n\t\t\t\tdata-image-slug=\"cf2-rock-am-rathaus-020\"\n\t\t\t\tclass=\"ngg-simplelightbox\" rel=\"335dbbdb08408bf42f2a0dad92718fed\">\n\t\t\t\t<img\n\t\t\t\t\ttitle=\"CF2-Rock-am-Rathaus-020\"\n\t\t\t\t\talt=\"CF2-Rock-am-Rathaus-020\"\n\t\t\t\t\tsrc=\"https:\/\/www.events-bassen.de\/wp-content\/gallery\/patzer-rock-am-rathaus\/thumbs\/thumbs_CF2-Rock-am-Rathaus-020.jpg\"\n\t\t\t\t\twidth=\"120\"\n\t\t\t\t\theight=\"80\"\n\t\t\t\t\tstyle=\"max-width:100%;\"\n\t\t\t\t\/>\n\t\t\t<\/a>\n\t\t<\/div>\n\t\t\t\t\t\t\t<\/div>\n\t\t\t\n\t\t\t\t<div id=\"ngg-image-29\" class=\"ngg-gallery-thumbnail-box\n\t\t\t\t\t\t\t\t\t\t\t\"\n\t\t\t>\n\t\t\t\t\t\t<div class=\"ngg-gallery-thumbnail\">\n\t\t\t<a href=\"https:\/\/www.events-bassen.de\/wp-content\/gallery\/patzer-rock-am-rathaus\/CF2-Rock-am-Rathaus-027.jpg\"\n\t\t\t\ttitle=\"\"\n\t\t\t\tdata-src=\"https:\/\/www.events-bassen.de\/wp-content\/gallery\/patzer-rock-am-rathaus\/CF2-Rock-am-Rathaus-027.jpg\"\n\t\t\t\tdata-thumbnail=\"https:\/\/www.events-bassen.de\/wp-content\/gallery\/patzer-rock-am-rathaus\/thumbs\/thumbs_CF2-Rock-am-Rathaus-027.jpg\"\n\t\t\t\tdata-image-id=\"2483\"\n\t\t\t\tdata-title=\"CF2-Rock-am-Rathaus-027\"\n\t\t\t\tdata-description=\"\"\n\t\t\t\tdata-image-slug=\"cf2-rock-am-rathaus-027\"\n\t\t\t\tclass=\"ngg-simplelightbox\" rel=\"335dbbdb08408bf42f2a0dad92718fed\">\n\t\t\t\t<img\n\t\t\t\t\ttitle=\"CF2-Rock-am-Rathaus-027\"\n\t\t\t\t\talt=\"CF2-Rock-am-Rathaus-027\"\n\t\t\t\t\tsrc=\"https:\/\/www.events-bassen.de\/wp-content\/gallery\/patzer-rock-am-rathaus\/thumbs\/thumbs_CF2-Rock-am-Rathaus-027.jpg\"\n\t\t\t\t\twidth=\"120\"\n\t\t\t\t\theight=\"80\"\n\t\t\t\t\tstyle=\"max-width:100%;\"\n\t\t\t\t\/>\n\t\t\t<\/a>\n\t\t<\/div>\n\t\t\t\t\t\t\t<\/div>\n\t\t\t\n\t\t\t\t<div id=\"ngg-image-30\" class=\"ngg-gallery-thumbnail-box\n\t\t\t\t\t\t\t\t\t\t\t\"\n\t\t\t>\n\t\t\t\t\t\t<div class=\"ngg-gallery-thumbnail\">\n\t\t\t<a href=\"https:\/\/www.events-bassen.de\/wp-content\/gallery\/patzer-rock-am-rathaus\/CF2-Rock-am-Rathaus-037.jpg\"\n\t\t\t\ttitle=\"\"\n\t\t\t\tdata-src=\"https:\/\/www.events-bassen.de\/wp-content\/gallery\/patzer-rock-am-rathaus\/CF2-Rock-am-Rathaus-037.jpg\"\n\t\t\t\tdata-thumbnail=\"https:\/\/www.events-bassen.de\/wp-content\/gallery\/patzer-rock-am-rathaus\/thumbs\/thumbs_CF2-Rock-am-Rathaus-037.jpg\"\n\t\t\t\tdata-image-id=\"2484\"\n\t\t\t\tdata-title=\"CF2-Rock-am-Rathaus-037\"\n\t\t\t\tdata-description=\"\"\n\t\t\t\tdata-image-slug=\"cf2-rock-am-rathaus-037\"\n\t\t\t\tclass=\"ngg-simplelightbox\" rel=\"335dbbdb08408bf42f2a0dad92718fed\">\n\t\t\t\t<img\n\t\t\t\t\ttitle=\"CF2-Rock-am-Rathaus-037\"\n\t\t\t\t\talt=\"CF2-Rock-am-Rathaus-037\"\n\t\t\t\t\tsrc=\"https:\/\/www.events-bassen.de\/wp-content\/gallery\/patzer-rock-am-rathaus\/thumbs\/thumbs_CF2-Rock-am-Rathaus-037.jpg\"\n\t\t\t\t\twidth=\"120\"\n\t\t\t\t\theight=\"80\"\n\t\t\t\t\tstyle=\"max-width:100%;\"\n\t\t\t\t\/>\n\t\t\t<\/a>\n\t\t<\/div>\n\t\t\t\t\t\t\t<\/div>\n\t\t\t\n\t\t\t\t<div id=\"ngg-image-31\" class=\"ngg-gallery-thumbnail-box\n\t\t\t\t\t\t\t\t\t\t\t\"\n\t\t\t>\n\t\t\t\t\t\t<div class=\"ngg-gallery-thumbnail\">\n\t\t\t<a href=\"https:\/\/www.events-bassen.de\/wp-content\/gallery\/patzer-rock-am-rathaus\/CF2-Rock-am-Rathaus-041.jpg\"\n\t\t\t\ttitle=\"\"\n\t\t\t\tdata-src=\"https:\/\/www.events-bassen.de\/wp-content\/gallery\/patzer-rock-am-rathaus\/CF2-Rock-am-Rathaus-041.jpg\"\n\t\t\t\tdata-thumbnail=\"https:\/\/www.events-bassen.de\/wp-content\/gallery\/patzer-rock-am-rathaus\/thumbs\/thumbs_CF2-Rock-am-Rathaus-041.jpg\"\n\t\t\t\tdata-image-id=\"2486\"\n\t\t\t\tdata-title=\"CF2-Rock-am-Rathaus-041\"\n\t\t\t\tdata-description=\"\"\n\t\t\t\tdata-image-slug=\"cf2-rock-am-rathaus-041\"\n\t\t\t\tclass=\"ngg-simplelightbox\" rel=\"335dbbdb08408bf42f2a0dad92718fed\">\n\t\t\t\t<img\n\t\t\t\t\ttitle=\"CF2-Rock-am-Rathaus-041\"\n\t\t\t\t\talt=\"CF2-Rock-am-Rathaus-041\"\n\t\t\t\t\tsrc=\"https:\/\/www.events-bassen.de\/wp-content\/gallery\/patzer-rock-am-rathaus\/thumbs\/thumbs_CF2-Rock-am-Rathaus-041.jpg\"\n\t\t\t\t\twidth=\"120\"\n\t\t\t\t\theight=\"80\"\n\t\t\t\t\tstyle=\"max-width:100%;\"\n\t\t\t\t\/>\n\t\t\t<\/a>\n\t\t<\/div>\n\t\t\t\t\t\t\t<\/div>\n\t\t\t\n\t\t\t\t<div id=\"ngg-image-32\" class=\"ngg-gallery-thumbnail-box\n\t\t\t\t\t\t\t\t\t\t\t\"\n\t\t\t>\n\t\t\t\t\t\t<div class=\"ngg-gallery-thumbnail\">\n\t\t\t<a href=\"https:\/\/www.events-bassen.de\/wp-content\/gallery\/patzer-rock-am-rathaus\/CF2-Rock-am-Rathaus-042.jpg\"\n\t\t\t\ttitle=\"\"\n\t\t\t\tdata-src=\"https:\/\/www.events-bassen.de\/wp-content\/gallery\/patzer-rock-am-rathaus\/CF2-Rock-am-Rathaus-042.jpg\"\n\t\t\t\tdata-thumbnail=\"https:\/\/www.events-bassen.de\/wp-content\/gallery\/patzer-rock-am-rathaus\/thumbs\/thumbs_CF2-Rock-am-Rathaus-042.jpg\"\n\t\t\t\tdata-image-id=\"2487\"\n\t\t\t\tdata-title=\"CF2-Rock-am-Rathaus-042\"\n\t\t\t\tdata-description=\"\"\n\t\t\t\tdata-image-slug=\"cf2-rock-am-rathaus-042\"\n\t\t\t\tclass=\"ngg-simplelightbox\" rel=\"335dbbdb08408bf42f2a0dad92718fed\">\n\t\t\t\t<img\n\t\t\t\t\ttitle=\"CF2-Rock-am-Rathaus-042\"\n\t\t\t\t\talt=\"CF2-Rock-am-Rathaus-042\"\n\t\t\t\t\tsrc=\"https:\/\/www.events-bassen.de\/wp-content\/gallery\/patzer-rock-am-rathaus\/thumbs\/thumbs_CF2-Rock-am-Rathaus-042.jpg\"\n\t\t\t\t\twidth=\"120\"\n\t\t\t\t\theight=\"80\"\n\t\t\t\t\tstyle=\"max-width:100%;\"\n\t\t\t\t\/>\n\t\t\t<\/a>\n\t\t<\/div>\n\t\t\t\t\t\t\t<\/div>\n\t\t\t\n\t\t\t\t<div id=\"ngg-image-33\" class=\"ngg-gallery-thumbnail-box\n\t\t\t\t\t\t\t\t\t\t\t\"\n\t\t\t>\n\t\t\t\t\t\t<div class=\"ngg-gallery-thumbnail\">\n\t\t\t<a href=\"https:\/\/www.events-bassen.de\/wp-content\/gallery\/patzer-rock-am-rathaus\/CF2-Rock-am-Rathaus-044.jpg\"\n\t\t\t\ttitle=\"\"\n\t\t\t\tdata-src=\"https:\/\/www.events-bassen.de\/wp-content\/gallery\/patzer-rock-am-rathaus\/CF2-Rock-am-Rathaus-044.jpg\"\n\t\t\t\tdata-thumbnail=\"https:\/\/www.events-bassen.de\/wp-content\/gallery\/patzer-rock-am-rathaus\/thumbs\/thumbs_CF2-Rock-am-Rathaus-044.jpg\"\n\t\t\t\tdata-image-id=\"2489\"\n\t\t\t\tdata-title=\"CF2-Rock-am-Rathaus-044\"\n\t\t\t\tdata-description=\"\"\n\t\t\t\tdata-image-slug=\"cf2-rock-am-rathaus-044\"\n\t\t\t\tclass=\"ngg-simplelightbox\" rel=\"335dbbdb08408bf42f2a0dad92718fed\">\n\t\t\t\t<img\n\t\t\t\t\ttitle=\"CF2-Rock-am-Rathaus-044\"\n\t\t\t\t\talt=\"CF2-Rock-am-Rathaus-044\"\n\t\t\t\t\tsrc=\"https:\/\/www.events-bassen.de\/wp-content\/gallery\/patzer-rock-am-rathaus\/thumbs\/thumbs_CF2-Rock-am-Rathaus-044.jpg\"\n\t\t\t\t\twidth=\"120\"\n\t\t\t\t\theight=\"80\"\n\t\t\t\t\tstyle=\"max-width:100%;\"\n\t\t\t\t\/>\n\t\t\t<\/a>\n\t\t<\/div>\n\t\t\t\t\t\t\t<\/div>\n\t\t\t\n\t\t\t\t<div id=\"ngg-image-34\" class=\"ngg-gallery-thumbnail-box\n\t\t\t\t\t\t\t\t\t\t\t\"\n\t\t\t>\n\t\t\t\t\t\t<div class=\"ngg-gallery-thumbnail\">\n\t\t\t<a href=\"https:\/\/www.events-bassen.de\/wp-content\/gallery\/patzer-rock-am-rathaus\/CF2-Rock-am-Rathaus-046.jpg\"\n\t\t\t\ttitle=\"\"\n\t\t\t\tdata-src=\"https:\/\/www.events-bassen.de\/wp-content\/gallery\/patzer-rock-am-rathaus\/CF2-Rock-am-Rathaus-046.jpg\"\n\t\t\t\tdata-thumbnail=\"https:\/\/www.events-bassen.de\/wp-content\/gallery\/patzer-rock-am-rathaus\/thumbs\/thumbs_CF2-Rock-am-Rathaus-046.jpg\"\n\t\t\t\tdata-image-id=\"2490\"\n\t\t\t\tdata-title=\"CF2-Rock-am-Rathaus-046\"\n\t\t\t\tdata-description=\"\"\n\t\t\t\tdata-image-slug=\"cf2-rock-am-rathaus-046\"\n\t\t\t\tclass=\"ngg-simplelightbox\" rel=\"335dbbdb08408bf42f2a0dad92718fed\">\n\t\t\t\t<img\n\t\t\t\t\ttitle=\"CF2-Rock-am-Rathaus-046\"\n\t\t\t\t\talt=\"CF2-Rock-am-Rathaus-046\"\n\t\t\t\t\tsrc=\"https:\/\/www.events-bassen.de\/wp-content\/gallery\/patzer-rock-am-rathaus\/thumbs\/thumbs_CF2-Rock-am-Rathaus-046.jpg\"\n\t\t\t\t\twidth=\"120\"\n\t\t\t\t\theight=\"80\"\n\t\t\t\t\tstyle=\"max-width:100%;\"\n\t\t\t\t\/>\n\t\t\t<\/a>\n\t\t<\/div>\n\t\t\t\t\t\t\t<\/div>\n\t\t\t\n\t\t\t\t<div id=\"ngg-image-35\" class=\"ngg-gallery-thumbnail-box\n\t\t\t\t\t\t\t\t\t\t\t\"\n\t\t\t>\n\t\t\t\t\t\t<div class=\"ngg-gallery-thumbnail\">\n\t\t\t<a href=\"https:\/\/www.events-bassen.de\/wp-content\/gallery\/patzer-rock-am-rathaus\/CF2-Rock-am-Rathaus-048.jpg\"\n\t\t\t\ttitle=\"\"\n\t\t\t\tdata-src=\"https:\/\/www.events-bassen.de\/wp-content\/gallery\/patzer-rock-am-rathaus\/CF2-Rock-am-Rathaus-048.jpg\"\n\t\t\t\tdata-thumbnail=\"https:\/\/www.events-bassen.de\/wp-content\/gallery\/patzer-rock-am-rathaus\/thumbs\/thumbs_CF2-Rock-am-Rathaus-048.jpg\"\n\t\t\t\tdata-image-id=\"2491\"\n\t\t\t\tdata-title=\"CF2-Rock-am-Rathaus-048\"\n\t\t\t\tdata-description=\"\"\n\t\t\t\tdata-image-slug=\"cf2-rock-am-rathaus-048\"\n\t\t\t\tclass=\"ngg-simplelightbox\" rel=\"335dbbdb08408bf42f2a0dad92718fed\">\n\t\t\t\t<img\n\t\t\t\t\ttitle=\"CF2-Rock-am-Rathaus-048\"\n\t\t\t\t\talt=\"CF2-Rock-am-Rathaus-048\"\n\t\t\t\t\tsrc=\"https:\/\/www.events-bassen.de\/wp-content\/gallery\/patzer-rock-am-rathaus\/thumbs\/thumbs_CF2-Rock-am-Rathaus-048.jpg\"\n\t\t\t\t\twidth=\"120\"\n\t\t\t\t\theight=\"80\"\n\t\t\t\t\tstyle=\"max-width:100%;\"\n\t\t\t\t\/>\n\t\t\t<\/a>\n\t\t<\/div>\n\t\t\t\t\t\t\t<\/div>\n\t\t\t\n\t\t\t\t<div id=\"ngg-image-36\" class=\"ngg-gallery-thumbnail-box\n\t\t\t\t\t\t\t\t\t\t\t\"\n\t\t\t>\n\t\t\t\t\t\t<div class=\"ngg-gallery-thumbnail\">\n\t\t\t<a href=\"https:\/\/www.events-bassen.de\/wp-content\/gallery\/patzer-rock-am-rathaus\/CF2-Rock-am-Rathaus-053.jpg\"\n\t\t\t\ttitle=\"\"\n\t\t\t\tdata-src=\"https:\/\/www.events-bassen.de\/wp-content\/gallery\/patzer-rock-am-rathaus\/CF2-Rock-am-Rathaus-053.jpg\"\n\t\t\t\tdata-thumbnail=\"https:\/\/www.events-bassen.de\/wp-content\/gallery\/patzer-rock-am-rathaus\/thumbs\/thumbs_CF2-Rock-am-Rathaus-053.jpg\"\n\t\t\t\tdata-image-id=\"2492\"\n\t\t\t\tdata-title=\"CF2-Rock-am-Rathaus-053\"\n\t\t\t\tdata-description=\"\"\n\t\t\t\tdata-image-slug=\"cf2-rock-am-rathaus-053\"\n\t\t\t\tclass=\"ngg-simplelightbox\" rel=\"335dbbdb08408bf42f2a0dad92718fed\">\n\t\t\t\t<img\n\t\t\t\t\ttitle=\"CF2-Rock-am-Rathaus-053\"\n\t\t\t\t\talt=\"CF2-Rock-am-Rathaus-053\"\n\t\t\t\t\tsrc=\"https:\/\/www.events-bassen.de\/wp-content\/gallery\/patzer-rock-am-rathaus\/thumbs\/thumbs_CF2-Rock-am-Rathaus-053.jpg\"\n\t\t\t\t\twidth=\"120\"\n\t\t\t\t\theight=\"80\"\n\t\t\t\t\tstyle=\"max-width:100%;\"\n\t\t\t\t\/>\n\t\t\t<\/a>\n\t\t<\/div>\n\t\t\t\t\t\t\t<\/div>\n\t\t\t\n\t\t\t\t<div id=\"ngg-image-37\" class=\"ngg-gallery-thumbnail-box\n\t\t\t\t\t\t\t\t\t\t\t\"\n\t\t\t>\n\t\t\t\t\t\t<div class=\"ngg-gallery-thumbnail\">\n\t\t\t<a href=\"https:\/\/www.events-bassen.de\/wp-content\/gallery\/patzer-rock-am-rathaus\/CF2-Rock-am-Rathaus-054.jpg\"\n\t\t\t\ttitle=\"\"\n\t\t\t\tdata-src=\"https:\/\/www.events-bassen.de\/wp-content\/gallery\/patzer-rock-am-rathaus\/CF2-Rock-am-Rathaus-054.jpg\"\n\t\t\t\tdata-thumbnail=\"https:\/\/www.events-bassen.de\/wp-content\/gallery\/patzer-rock-am-rathaus\/thumbs\/thumbs_CF2-Rock-am-Rathaus-054.jpg\"\n\t\t\t\tdata-image-id=\"2493\"\n\t\t\t\tdata-title=\"CF2-Rock-am-Rathaus-054\"\n\t\t\t\tdata-description=\"\"\n\t\t\t\tdata-image-slug=\"cf2-rock-am-rathaus-054\"\n\t\t\t\tclass=\"ngg-simplelightbox\" rel=\"335dbbdb08408bf42f2a0dad92718fed\">\n\t\t\t\t<img\n\t\t\t\t\ttitle=\"CF2-Rock-am-Rathaus-054\"\n\t\t\t\t\talt=\"CF2-Rock-am-Rathaus-054\"\n\t\t\t\t\tsrc=\"https:\/\/www.events-bassen.de\/wp-content\/gallery\/patzer-rock-am-rathaus\/thumbs\/thumbs_CF2-Rock-am-Rathaus-054.jpg\"\n\t\t\t\t\twidth=\"120\"\n\t\t\t\t\theight=\"80\"\n\t\t\t\t\tstyle=\"max-width:100%;\"\n\t\t\t\t\/>\n\t\t\t<\/a>\n\t\t<\/div>\n\t\t\t\t\t\t\t<\/div>\n\t\t\t\n\t\t\t\t<div id=\"ngg-image-38\" class=\"ngg-gallery-thumbnail-box\n\t\t\t\t\t\t\t\t\t\t\t\"\n\t\t\t>\n\t\t\t\t\t\t<div class=\"ngg-gallery-thumbnail\">\n\t\t\t<a href=\"https:\/\/www.events-bassen.de\/wp-content\/gallery\/patzer-rock-am-rathaus\/CF2-Rock-am-Rathaus-059.jpg\"\n\t\t\t\ttitle=\"\"\n\t\t\t\tdata-src=\"https:\/\/www.events-bassen.de\/wp-content\/gallery\/patzer-rock-am-rathaus\/CF2-Rock-am-Rathaus-059.jpg\"\n\t\t\t\tdata-thumbnail=\"https:\/\/www.events-bassen.de\/wp-content\/gallery\/patzer-rock-am-rathaus\/thumbs\/thumbs_CF2-Rock-am-Rathaus-059.jpg\"\n\t\t\t\tdata-image-id=\"2494\"\n\t\t\t\tdata-title=\"CF2-Rock-am-Rathaus-059\"\n\t\t\t\tdata-description=\"\"\n\t\t\t\tdata-image-slug=\"cf2-rock-am-rathaus-059\"\n\t\t\t\tclass=\"ngg-simplelightbox\" rel=\"335dbbdb08408bf42f2a0dad92718fed\">\n\t\t\t\t<img\n\t\t\t\t\ttitle=\"CF2-Rock-am-Rathaus-059\"\n\t\t\t\t\talt=\"CF2-Rock-am-Rathaus-059\"\n\t\t\t\t\tsrc=\"https:\/\/www.events-bassen.de\/wp-content\/gallery\/patzer-rock-am-rathaus\/thumbs\/thumbs_CF2-Rock-am-Rathaus-059.jpg\"\n\t\t\t\t\twidth=\"120\"\n\t\t\t\t\theight=\"80\"\n\t\t\t\t\tstyle=\"max-width:100%;\"\n\t\t\t\t\/>\n\t\t\t<\/a>\n\t\t<\/div>\n\t\t\t\t\t\t\t<\/div>\n\t\t\t\n\t\t\t\t<div id=\"ngg-image-39\" class=\"ngg-gallery-thumbnail-box\n\t\t\t\t\t\t\t\t\t\t\t\"\n\t\t\t>\n\t\t\t\t\t\t<div class=\"ngg-gallery-thumbnail\">\n\t\t\t<a href=\"https:\/\/www.events-bassen.de\/wp-content\/gallery\/patzer-rock-am-rathaus\/CF2-Rock-am-Rathaus-064.jpg\"\n\t\t\t\ttitle=\"\"\n\t\t\t\tdata-src=\"https:\/\/www.events-bassen.de\/wp-content\/gallery\/patzer-rock-am-rathaus\/CF2-Rock-am-Rathaus-064.jpg\"\n\t\t\t\tdata-thumbnail=\"https:\/\/www.events-bassen.de\/wp-content\/gallery\/patzer-rock-am-rathaus\/thumbs\/thumbs_CF2-Rock-am-Rathaus-064.jpg\"\n\t\t\t\tdata-image-id=\"2495\"\n\t\t\t\tdata-title=\"CF2-Rock-am-Rathaus-064\"\n\t\t\t\tdata-description=\"\"\n\t\t\t\tdata-image-slug=\"cf2-rock-am-rathaus-064\"\n\t\t\t\tclass=\"ngg-simplelightbox\" rel=\"335dbbdb08408bf42f2a0dad92718fed\">\n\t\t\t\t<img\n\t\t\t\t\ttitle=\"CF2-Rock-am-Rathaus-064\"\n\t\t\t\t\talt=\"CF2-Rock-am-Rathaus-064\"\n\t\t\t\t\tsrc=\"https:\/\/www.events-bassen.de\/wp-content\/gallery\/patzer-rock-am-rathaus\/thumbs\/thumbs_CF2-Rock-am-Rathaus-064.jpg\"\n\t\t\t\t\twidth=\"120\"\n\t\t\t\t\theight=\"80\"\n\t\t\t\t\tstyle=\"max-width:100%;\"\n\t\t\t\t\/>\n\t\t\t<\/a>\n\t\t<\/div>\n\t\t\t\t\t\t\t<\/div>\n\t\t\t\n\t\n\t<br style=\"clear: both\" \/>\n\n\t\n\t\t<!-- Pagination -->\n\t\t<div class='ngg-clear'><\/div>\t<\/div>\n<\/p>\n","protected":false},"excerpt":{"rendered":"<p>Yes ! Die Patzer mal wieder live und in Farbe. Im Sommer 2005 das absolute Topevent im norddeutschen Raum. Sie machten Halt beim Oytener Rathaus und lie\u00dfen ihre Gitarren erklingen. Auf dem saftigen Gr\u00fcn hinter dem Rathaus wurde unter gr\u00f6\u00dften Anstrengungen die B\u00fchne in einem m\u00e4chtigen Zelt aufgebaut.<\/p>\n","protected":false},"author":1,"featured_media":632,"comment_status":"open","ping_status":"open","sticky":false,"template":"","format":"standard","meta":{"ngg_post_thumbnail":0,"footnotes":""},"categories":[13],"tags":[27,196,26],"class_list":["post-532","post","type-post","status-publish","format-standard","has-post-thumbnail","hentry","category-die-patzer","tag-27","tag-die-patzer","tag-rock-am-rathaus"],"_links":{"self":[{"href":"https:\/\/www.events-bassen.de\/index.php?rest_route=\/wp\/v2\/posts\/532","targetHints":{"allow":["GET"]}}],"collection":[{"href":"https:\/\/www.events-bassen.de\/index.php?rest_route=\/wp\/v2\/posts"}],"about":[{"href":"https:\/\/www.events-bassen.de\/index.php?rest_route=\/wp\/v2\/types\/post"}],"author":[{"embeddable":true,"href":"https:\/\/www.events-bassen.de\/index.php?rest_route=\/wp\/v2\/users\/1"}],"replies":[{"embeddable":true,"href":"https:\/\/www.events-bassen.de\/index.php?rest_route=%2Fwp%2Fv2%2Fcomments&post=532"}],"version-history":[{"count":24,"href":"https:\/\/www.events-bassen.de\/index.php?rest_route=\/wp\/v2\/posts\/532\/revisions"}],"predecessor-version":[{"id":11645,"href":"https:\/\/www.events-bassen.de\/index.php?rest_route=\/wp\/v2\/posts\/532\/revisions\/11645"}],"wp:featuredmedia":[{"embeddable":true,"href":"https:\/\/www.events-bassen.de\/index.php?rest_route=\/wp\/v2\/media\/632"}],"wp:attachment":[{"href":"https:\/\/www.events-bassen.de\/index.php?rest_route=%2Fwp%2Fv2%2Fmedia&parent=532"}],"wp:term":[{"taxonomy":"category","embeddable":true,"href":"https:\/\/www.events-bassen.de\/index.php?rest_route=%2Fwp%2Fv2%2Fcategories&post=532"},{"taxonomy":"post_tag","embeddable":true,"href":"https:\/\/www.events-bassen.de\/index.php?rest_route=%2Fwp%2Fv2%2Ftags&post=532"}],"curies":[{"name":"wp","href":"https:\/\/api.w.org\/{rel}","templated":true}]}}