{"id":55,"date":"2010-09-06T19:55:13","date_gmt":"2010-09-06T19:55:13","guid":{"rendered":"http:\/\/www.events-bassen.de\/?p=55"},"modified":"2016-12-19T21:29:22","modified_gmt":"2016-12-19T21:29:22","slug":"erntefest-2010","status":"publish","type":"post","link":"https:\/\/www.events-bassen.de\/?p=55","title":{"rendered":"Erntefest 2010 &#8211; Der Umzug"},"content":{"rendered":"<p style=\"text-align: justify;\">Auch im Jahr 2010 wurde wieder ein perfektes Erntefest gefeiert. Beim 58. Erntefest in Bassen waren als Erntepaar Annika Krantz und Gerrit Cordes auserw\u00e4hlt worden. Vom 02.-05. September 2010 wurde ausgelassen gefeiert. Donnerstags findet immer der gutbesuchte Laternenumzug statt, der von der freiwilligen Feuerwehr Bassen abgesichert wird. Zur gleichen Zeit wird von den &#8222;Gro\u00dfen&#8220; in der Festscheune vom Blocks Huus der Erntekranz gebunden. <!--more-->Freitags ist Party in Bassen angesagt, dort lockt die Disco \u00fcber tausend Besucher an. Bis in die fr\u00fchen Morgenstunden sind in ganz Bassen gr\u00f6hlende Partyg\u00e4ste zu h\u00f6ren :D. Am Samstag geht es nochmal hoch her, denn dann fahren die Erntewagen durch das Bassener Dorf und legen den Verkehr auf der Bundesstra\u00dfe f\u00fcr einige Zeit lahm. Genervte Autofahrer, die nicht verstehen k\u00f6nnen das sowas Spa\u00df macht, werden von der Feuerwehr beruhigt und auf Warteposition gehalten. Nach dem Umzug wird noch der beste Erntewagen ermittelt und schon beginnt im Block Huus erneut die Party. Diesesmal hei\u00dft es Open-End Sause, solange bis keiner mehr geht und steht. F\u00fcr alle die sich am Sonntag Morgen beim Erntegottedienst nochmal bedanken wollen, hei\u00dft es: &#8222;Fr\u00fch raus&#8220; Einige schafften es auch dieses Jahr nicht, nur das Erntepaar mu\u00dfte noch einmal herhalten und das Erntegedicht aufsagen: &#8222;Heran, heran Frau und Mann, Gro\u00df und Klein ihr alle sollt zugegen sein&#8230;&#8220;. Tja, ich wei\u00df wovon ich rede, auch war schon mal Erntebr\u00e4utigam \ud83d\ude42 Der Bremer Borgwardclub stellte erneut seine wundervoll gepflegten Fahrzeuge zur Schau. Erbsensuppe, frischer Butterkuchen und eine Menge mehr Leckereien verw\u00f6hnten die Besucher am letzten Tag. Da wir Bassener aber vom Feiern nicht genug bekommen k\u00f6nnen, wird zu sp\u00e4terer Stunde noch der Erntekranz zum Erntebr\u00e4utigam gebracht und&#8230; dort wird weitergefeiert, Eierbacken inclusive !<br \/>\nWie immer ein geniales Wochenende. Danke Bassen !<\/p>\n<p style=\"text-align: justify;\"><small><code>[fb-like-button]<\/code><\/small><\/p>\nngg_shortcode_0_placeholder\n","protected":false},"excerpt":{"rendered":"<p>Auch im Jahr 2010 wurde wieder ein perfektes Erntefest gefeiert. Beim 58. Erntefest in Bassen waren als Erntepaar Annika Krantz und Gerrit Cordes auserw\u00e4hlt worden. Vom 02.-05. September 2010 wurde ausgelassen gefeiert. Donnerstags findet immer der gutbesuchte Laternenumzug statt, der von der freiwilligen Feuerwehr Bassen abgesichert wird. Zur gleichen Zeit wird von den &#8222;Gro\u00dfen&#8220; in [&hellip;]<\/p>\n","protected":false},"author":1,"featured_media":81,"comment_status":"open","ping_status":"open","sticky":false,"template":"","format":"standard","meta":{"ngg_post_thumbnail":0,"footnotes":""},"categories":[3],"tags":[10,5,195,9,8,7,6],"class_list":["post-55","post","type-post","status-publish","format-standard","has-post-thumbnail","hentry","category-erntefest","tag-10","tag-bassen","tag-erntefest","tag-erntepaar","tag-erntewagen","tag-festwagen","tag-umzug"],"_links":{"self":[{"href":"https:\/\/www.events-bassen.de\/index.php?rest_route=\/wp\/v2\/posts\/55","targetHints":{"allow":["GET"]}}],"collection":[{"href":"https:\/\/www.events-bassen.de\/index.php?rest_route=\/wp\/v2\/posts"}],"about":[{"href":"https:\/\/www.events-bassen.de\/index.php?rest_route=\/wp\/v2\/types\/post"}],"author":[{"embeddable":true,"href":"https:\/\/www.events-bassen.de\/index.php?rest_route=\/wp\/v2\/users\/1"}],"replies":[{"embeddable":true,"href":"https:\/\/www.events-bassen.de\/index.php?rest_route=%2Fwp%2Fv2%2Fcomments&post=55"}],"version-history":[{"count":18,"href":"https:\/\/www.events-bassen.de\/index.php?rest_route=\/wp\/v2\/posts\/55\/revisions"}],"predecessor-version":[{"id":58,"href":"https:\/\/www.events-bassen.de\/index.php?rest_route=\/wp\/v2\/posts\/55\/revisions\/58"}],"wp:featuredmedia":[{"embeddable":true,"href":"https:\/\/www.events-bassen.de\/index.php?rest_route=\/wp\/v2\/media\/81"}],"wp:attachment":[{"href":"https:\/\/www.events-bassen.de\/index.php?rest_route=%2Fwp%2Fv2%2Fmedia&parent=55"}],"wp:term":[{"taxonomy":"category","embeddable":true,"href":"https:\/\/www.events-bassen.de\/index.php?rest_route=%2Fwp%2Fv2%2Fcategories&post=55"},{"taxonomy":"post_tag","embeddable":true,"href":"https:\/\/www.events-bassen.de\/index.php?rest_route=%2Fwp%2Fv2%2Ftags&post=55"}],"curies":[{"name":"wp","href":"https:\/\/api.w.org\/{rel}","templated":true}]}}