{"id":5616,"date":"2013-05-21T18:56:30","date_gmt":"2013-05-21T18:56:30","guid":{"rendered":"http:\/\/www.events-bassen.de\/?p=5616"},"modified":"2016-12-20T20:53:41","modified_gmt":"2016-12-20T20:53:41","slug":"lanz-bulldog-treffen-backsberg-2013","status":"publish","type":"post","link":"https:\/\/www.events-bassen.de\/?p=5616","title":{"rendered":"Lanz-Bulldog-Treffen Backsberg 2013"},"content":{"rendered":"<p>Der Lanz-Bulldog-Club Oyten-Backsberg e.V. pr\u00e4sentierte dieses Jahr wieder ein Pfingsttreffen (alle zwei Jahre), auf dem Veranstaltungsgel\u00e4nde der Familie Thran, am Backsberg 1. Dort trafen sich an diesem Wochenende hunderte Austeller, Treckerfreunde und Familien, um sich gemeinsam an den Oldtimern, <!--more-->Traktoren, Motorr\u00e4dern, Autos und Nutzfahrzeugen zu erfreuen. Nicht nur Rundfahrten \u00fcber das Gel\u00e4nde und der Teile- und Flohmarkt lockten die G\u00e4ste an, sondern auch ein ausgefeiltes Rahmenprogramm. Kinder kamen wie immer nicht zu kurz, ein Kinderspielplatz, Kinderschminken und Trampolin lie\u00dfen die Kinderherzen h\u00f6her schlagen. Die historischen Vorf\u00fchrungen kamen dabei auch nicht zu kurz. Es wurde das Dreschen von Getreide gezeigt, Torfbearbeitung und das Tiefpfl\u00fcgen. Ebenfalls konnten viele riemenbetriebene Ger\u00e4te, wie z.B. ein Holzhackspalter, Kreiss\u00e4ge und Drechselmaschiene in Aktion bewundert werden. Das gro\u00dfe Highlight war aber der Acker, der immer wieder von verschiedensten Treckern befahren wurde.<br \/>\nHier k\u00f6nnt ihr euch ein paar Eindr\u00fccke verschaffen, was dort alles zu sehen ist. Viel Spa\u00df mit einer kleinen Auswahl an Bildern.<\/p>\n<p><a title=\"Lanz-Bulldog-Club\" href=\"http:\/\/www.lanz-bulldog-club.de\/\" target=\"_blank\">LANZ-BULLDOG-CLUB Oyten-Backsberg e.V.<\/a> und auch auf Facebook zu finden <a title=\"Lanz-Bulldog-Club Facebook\" href=\"http:\/\/www.facebook.com\/LanzBulldogClubOytenEv\" target=\"_blank\">Lanz Bulldog Club Oyten e.V.<\/a><\/p>\n<p><small><code>[fb-like-button]<\/code><\/small><\/p>\nngg_shortcode_0_placeholder\n","protected":false},"excerpt":{"rendered":"<p>Der Lanz-Bulldog-Club Oyten-Backsberg e.V. pr\u00e4sentierte dieses Jahr wieder ein Pfingsttreffen (alle zwei Jahre), auf dem Veranstaltungsgel\u00e4nde der Familie Thran, am Backsberg 1. Dort trafen sich an diesem Wochenende hunderte Austeller, Treckerfreunde und Familien, um sich gemeinsam an den Oldtimern,<\/p>\n","protected":false},"author":1,"featured_media":0,"comment_status":"open","ping_status":"open","sticky":false,"template":"","format":"standard","meta":{"ngg_post_thumbnail":0,"footnotes":""},"categories":[1,132],"tags":[16,133,203,134,136,135],"class_list":["post-5616","post","type-post","status-publish","format-standard","hentry","category-allgemein","category-lanz-bulldog-treffen","tag-backsberg","tag-lanz-bulldog","tag-lanz-bulldog-treffen","tag-oldtimertreffen","tag-tiefpflugen","tag-traktoren"],"_links":{"self":[{"href":"https:\/\/www.events-bassen.de\/index.php?rest_route=\/wp\/v2\/posts\/5616","targetHints":{"allow":["GET"]}}],"collection":[{"href":"https:\/\/www.events-bassen.de\/index.php?rest_route=\/wp\/v2\/posts"}],"about":[{"href":"https:\/\/www.events-bassen.de\/index.php?rest_route=\/wp\/v2\/types\/post"}],"author":[{"embeddable":true,"href":"https:\/\/www.events-bassen.de\/index.php?rest_route=\/wp\/v2\/users\/1"}],"replies":[{"embeddable":true,"href":"https:\/\/www.events-bassen.de\/index.php?rest_route=%2Fwp%2Fv2%2Fcomments&post=5616"}],"version-history":[{"count":15,"href":"https:\/\/www.events-bassen.de\/index.php?rest_route=\/wp\/v2\/posts\/5616\/revisions"}],"predecessor-version":[{"id":18227,"href":"https:\/\/www.events-bassen.de\/index.php?rest_route=\/wp\/v2\/posts\/5616\/revisions\/18227"}],"wp:attachment":[{"href":"https:\/\/www.events-bassen.de\/index.php?rest_route=%2Fwp%2Fv2%2Fmedia&parent=5616"}],"wp:term":[{"taxonomy":"category","embeddable":true,"href":"https:\/\/www.events-bassen.de\/index.php?rest_route=%2Fwp%2Fv2%2Fcategories&post=5616"},{"taxonomy":"post_tag","embeddable":true,"href":"https:\/\/www.events-bassen.de\/index.php?rest_route=%2Fwp%2Fv2%2Ftags&post=5616"}],"curies":[{"name":"wp","href":"https:\/\/api.w.org\/{rel}","templated":true}]}}