{"id":59,"date":"2009-09-07T19:58:08","date_gmt":"2009-09-07T19:58:08","guid":{"rendered":"http:\/\/www.events-bassen.de\/?p=59"},"modified":"2011-11-15T01:28:19","modified_gmt":"2011-11-15T01:28:19","slug":"erntefest-2009","status":"publish","type":"post","link":"https:\/\/www.events-bassen.de\/?p=59","title":{"rendered":"Erntefest 2009"},"content":{"rendered":"<p style=\"text-align: justify;\">Ich glaube in diesem Jahr gab es eines der gr\u00f6\u00dften Ernteumz\u00fcge die es je in Bassen gegeben hat. Es wurden \u00fcber 60 Erntewagen gez\u00e4hlt. Unter anderem fuhr eine Burg durch unser Dorf, die HSP (Horst Schl\u00e4mmer Partei) konnte gew\u00e4hlt werden und es gab leicht bekleidete Damen zu sehen. Der Mississippidampfer darf nat\u00fcrlich nicht vergessen werden, ebenso wenig wie die Steinzeitmenschen \ud83d\ude09 <!--more-->Vom 03.-06. September 2009 wurde unser Dorf mal wieder in den Ausnahmezustand versetzt. Mit Candida Schm\u00f6kel und Christoph L\u00fcnzmann, die das 57. Erntepaar darstellten, wurde das Fest abgerundet. Am Donnerstag begann der gewohnte Laternenumzug mit dem zeitgleichen Binden der Erntekrone. Auch die Freitagabend Disco-Night war ein Br\u00fcller, wie immer Feiern wir bis in die Morgend\u00e4mmerung. Die Partyg\u00e4nger, die am Samstag wieder einen Erntewagen besetzen wollten hatten es teilweise schwer schon wieder grade zu stehen. Es waren meine ich genau 63 Erntewagen die an diesem Tag durch Bassen gezogen waren, unglaublich ! Kunterbunt und Laut ! Leider ereigneten sich in diesem Jahr 2 Unf\u00e4lle bei denen 2 Personen teilweise schwer verletzt wurden, da ein Seitenaufbau eines Wagens nachgab. Nach der Pr\u00e4mierung der besten Erntewagen stand f\u00fcr uns die Live Band SQUEEZE auf der B\u00fchne und verwandelte die Festscheune vom Blocks Huus in einen Hexenkessel. Perfekt kann man da nur sagen. Auch am Sonntag morgen lockte der allj\u00e4hrliche Gottesdienst viele in die Scheune vom Blocks Huus. Anschlie\u00dfend wurde der Fr\u00fchschoppen mit Musik er\u00f6ffnet und zur Mittagszeit konnte sich jeder mit Erbsensuppe den leeren Magen f\u00fcllen. Die Kinder hatten auch am Sonntag wieder viel Zeit sich im Karussell zu vergn\u00fcgen, oder den Eltern zu erkl\u00e4ren wie toll doch Zuckerwatte und Eis schmecken.<br \/>\nIn diesem Sinne, vielen Dank Bassen !<\/p>\n<p style=\"text-align: justify;\"><small><code>[fb-like-button]<\/code><\/small><\/p>\n<p style=\"text-align: justify;\">Bilder kann ich zu diesem Jahr leider nicht bieten, es werden aber Bilder folgen, die mir von C. Barning zur Verf\u00fcgung gestellt werden.<\/p>\n","protected":false},"excerpt":{"rendered":"<p>Ich glaube in diesem Jahr gab es eines der gr\u00f6\u00dften Ernteumz\u00fcge die es je in Bassen gegeben hat. Es wurden \u00fcber 60 Erntewagen gez\u00e4hlt. Unter anderem fuhr eine Burg durch unser Dorf, die HSP (Horst Schl\u00e4mmer Partei) konnte gew\u00e4hlt werden und es gab leicht bekleidete Damen zu sehen. Der Mississippidampfer darf nat\u00fcrlich nicht vergessen werden, [&hellip;]<\/p>\n","protected":false},"author":1,"featured_media":353,"comment_status":"open","ping_status":"open","sticky":false,"template":"","format":"standard","meta":{"ngg_post_thumbnail":0,"footnotes":""},"categories":[3],"tags":[11,5,195,9,8,7,6],"class_list":["post-59","post","type-post","status-publish","format-standard","has-post-thumbnail","hentry","category-erntefest","tag-11","tag-bassen","tag-erntefest","tag-erntepaar","tag-erntewagen","tag-festwagen","tag-umzug"],"_links":{"self":[{"href":"https:\/\/www.events-bassen.de\/index.php?rest_route=\/wp\/v2\/posts\/59","targetHints":{"allow":["GET"]}}],"collection":[{"href":"https:\/\/www.events-bassen.de\/index.php?rest_route=\/wp\/v2\/posts"}],"about":[{"href":"https:\/\/www.events-bassen.de\/index.php?rest_route=\/wp\/v2\/types\/post"}],"author":[{"embeddable":true,"href":"https:\/\/www.events-bassen.de\/index.php?rest_route=\/wp\/v2\/users\/1"}],"replies":[{"embeddable":true,"href":"https:\/\/www.events-bassen.de\/index.php?rest_route=%2Fwp%2Fv2%2Fcomments&post=59"}],"version-history":[{"count":16,"href":"https:\/\/www.events-bassen.de\/index.php?rest_route=\/wp\/v2\/posts\/59\/revisions"}],"predecessor-version":[{"id":1175,"href":"https:\/\/www.events-bassen.de\/index.php?rest_route=\/wp\/v2\/posts\/59\/revisions\/1175"}],"wp:featuredmedia":[{"embeddable":true,"href":"https:\/\/www.events-bassen.de\/index.php?rest_route=\/wp\/v2\/media\/353"}],"wp:attachment":[{"href":"https:\/\/www.events-bassen.de\/index.php?rest_route=%2Fwp%2Fv2%2Fmedia&parent=59"}],"wp:term":[{"taxonomy":"category","embeddable":true,"href":"https:\/\/www.events-bassen.de\/index.php?rest_route=%2Fwp%2Fv2%2Fcategories&post=59"},{"taxonomy":"post_tag","embeddable":true,"href":"https:\/\/www.events-bassen.de\/index.php?rest_route=%2Fwp%2Fv2%2Ftags&post=59"}],"curies":[{"name":"wp","href":"https:\/\/api.w.org\/{rel}","templated":true}]}}