{"id":5992,"date":"2013-07-28T14:41:26","date_gmt":"2013-07-28T14:41:26","guid":{"rendered":"http:\/\/www.events-bassen.de\/?p=5992"},"modified":"2016-12-20T21:17:55","modified_gmt":"2016-12-20T21:17:55","slug":"gtp-hektar-night-vol-iii-zeltdisco-die-partynacht","status":"publish","type":"post","link":"https:\/\/www.events-bassen.de\/?p=5992","title":{"rendered":"GTP &#8211; Hektar-Night Vol. III Zeltdisco Die Partynacht"},"content":{"rendered":"<p>Eine fette, fette Party in Bassen\/Heinsberg. Das Team von GTP lie\u00df es mal wieder richtig krachen, nicht nur die Beats und Lichteffekte, sondern auch das Drumherum. Bei sommerlichen Temperaturen \u00f6ffneten sich ab 21 Uhr die T\u00fcren des abgesperrten Bereichs um den Pool und das Zelt. Das gut vorbereitete Team <!--more-->konnte mal wieder alle G\u00e4ste mit k\u00fchlen Getr\u00e4nken versorgen. Auch f\u00fcr das leibliche Wohl war gesorgt.<br \/>\nWie ihr sicherlich schon im Bericht zu den Vorbereitungen gesehen habt, gab es dieses Jahr einen &#8222;kleinen Pool&#8220;, der zu sp\u00e4terer Stunde auch genutzt wurde (siehe Fotos). Als kleine Einlage bot es sich an Harm Meyer nachtr\u00e4glich zu seinem 30. Geburtstag den Besen schwingen zu lassen. Zwei nette M\u00e4dels konnten Harm aber durch einen Kuss auf die Wange schnell erl\u00f6sen. Durch diese Aktion war dann die Tanzfl\u00e4che gut gef\u00fcllt und DJ Tobi &amp; DJ R3VAN nutzen das mit Erfolg. Gegen 2 Uhr war dann meiner Meinung nach die Stimmung auf ihrem absoluten H\u00f6hepunkt angelangt, die Tanzfl\u00e4che ein Meer aus tanzw\u00fctigen Partyg\u00e4sten, einfach geil! Da ich alter Mann ja nicht mehr so lange kann&#8230;\u00fcberlie\u00df ich dann ab 3:15 Uhr den restlichen Leuten die Party ohne weitere Beweisfotos.<br \/>\nWie immer vielen Dank an das Team von GTP und die netten Leute die mit mir hier gefeiert haben. DANKE.<\/p>\n<p><span style=\"color: #ff6600;\">Info: Falls hier Fotos eingestellt wurden, die nicht \u00f6ffentlich zu sehen sein sollen, bitte kurze Info an mich. Werde die Fotos dann umgehend entfernen.<\/span><\/p>\n<p><small><code>[fb-like-button]<br \/>\n<\/code><\/small><\/p>\nngg_shortcode_0_placeholder\n","protected":false},"excerpt":{"rendered":"<p>Eine fette, fette Party in Bassen\/Heinsberg. Das Team von GTP lie\u00df es mal wieder richtig krachen, nicht nur die Beats und Lichteffekte, sondern auch das Drumherum. Bei sommerlichen Temperaturen \u00f6ffneten sich ab 21 Uhr die T\u00fcren des abgesperrten Bereichs um den Pool und das Zelt. Das gut vorbereitete Team<\/p>\n","protected":false},"author":1,"featured_media":6211,"comment_status":"open","ping_status":"open","sticky":false,"template":"","format":"standard","meta":{"ngg_post_thumbnail":0,"footnotes":""},"categories":[1,124],"tags":[5,201,141,142,125,138],"class_list":["post-5992","post","type-post","status-publish","format-standard","has-post-thumbnail","hentry","category-allgemein","category-gtp","tag-bassen","tag-gtp","tag-heinsberg","tag-hektar-night","tag-party","tag-tobias-grashoff"],"_links":{"self":[{"href":"https:\/\/www.events-bassen.de\/index.php?rest_route=\/wp\/v2\/posts\/5992","targetHints":{"allow":["GET"]}}],"collection":[{"href":"https:\/\/www.events-bassen.de\/index.php?rest_route=\/wp\/v2\/posts"}],"about":[{"href":"https:\/\/www.events-bassen.de\/index.php?rest_route=\/wp\/v2\/types\/post"}],"author":[{"embeddable":true,"href":"https:\/\/www.events-bassen.de\/index.php?rest_route=\/wp\/v2\/users\/1"}],"replies":[{"embeddable":true,"href":"https:\/\/www.events-bassen.de\/index.php?rest_route=%2Fwp%2Fv2%2Fcomments&post=5992"}],"version-history":[{"count":38,"href":"https:\/\/www.events-bassen.de\/index.php?rest_route=\/wp\/v2\/posts\/5992\/revisions"}],"predecessor-version":[{"id":19119,"href":"https:\/\/www.events-bassen.de\/index.php?rest_route=\/wp\/v2\/posts\/5992\/revisions\/19119"}],"wp:featuredmedia":[{"embeddable":true,"href":"https:\/\/www.events-bassen.de\/index.php?rest_route=\/wp\/v2\/media\/6211"}],"wp:attachment":[{"href":"https:\/\/www.events-bassen.de\/index.php?rest_route=%2Fwp%2Fv2%2Fmedia&parent=5992"}],"wp:term":[{"taxonomy":"category","embeddable":true,"href":"https:\/\/www.events-bassen.de\/index.php?rest_route=%2Fwp%2Fv2%2Fcategories&post=5992"},{"taxonomy":"post_tag","embeddable":true,"href":"https:\/\/www.events-bassen.de\/index.php?rest_route=%2Fwp%2Fv2%2Ftags&post=5992"}],"curies":[{"name":"wp","href":"https:\/\/api.w.org\/{rel}","templated":true}]}}