{"id":6217,"date":"2013-09-06T16:35:42","date_gmt":"2013-09-06T16:35:42","guid":{"rendered":"http:\/\/www.events-bassen.de\/?p=6217"},"modified":"2016-12-20T21:25:38","modified_gmt":"2016-12-20T21:25:38","slug":"erntefest-2013-startet","status":"publish","type":"post","link":"https:\/\/www.events-bassen.de\/?p=6217","title":{"rendered":"1. Tag &#8211; Erntefest 2013 startet&#8230;"},"content":{"rendered":"<p style=\"text-align: justify;\">Am Donnerstag, den 5.09.2013 war es nun endlich wieder so weit, die 5. Jahreszeit beginnt! Das hei\u00dft vier Tage feiern und das k\u00f6nnen wir Bassener sehr gut. Etwas ruhiger startet aber der Donnerstag. Um ca. 18:30 Uhr trafen sich viele Eltern mit ihren Kindern auf dem Festplatz von Blocks Huus. Die Kinder konnten dann erst einmal mit dem weltbekannten Top Kinder Entertainer Werner Winkel mit lustigem Liedersingen, <!--more-->Musizieren und Tanzen die Sau rauslassen um anschlie\u00dfend am Laternenumzug teilzunehmen. Doch bevor der Umzug startete wurden die Erntefahnen von unserem Erntepaar Catharina-Felia L\u00fcnzmann und Thorsten Heemsoth gehisst. W\u00e4hrend nun die Eltern und Kinder mit ihren Laternen und Fackeln durch das Dorf zogen, wurde im Blocks Huus schon flei\u00dfig damit begonnen an der Erntekrone zu arbeiten. Den Fassbieranstich, der dieses Jahr anscheinend nicht ganz so gut geklappt hat konnte ich leider nicht festhalten, da ich meine Tochter nach Hause bringen mu\u00dfte, sp\u00e4ter konnte ich aber Catharina und Thorsten f\u00fcr ein gestelltes Foto \u00fcberreden.<br \/>\nVor und nach Fertigstellung der Erntekrone wurden schon einige Flaschen Korn3 zum Verzehr freigegeben und heiterten die Stimmung noch zus\u00e4tzlich auf. Das allj\u00e4hrliche Eierbacken startete um etwa 24 Uhr und gab f\u00fcr den einen oder anderen noch weitere Kraft um bis zum Ende durchzuhalten. Hier aber meine Bilder. Wie immer viel Spa\u00df damit.<\/p>\n<p><span style=\"color: #ff6600;\">Info: Falls hier Fotos eingestellt wurden, die nicht \u00f6ffentlich zu sehen sein sollen, bitte kurze Info an mich. Werde die Fotos dann umgehend entfernen.<\/span><\/p>\n<p><small><code>[fb-like-button]<br \/>\n<\/code><\/small><\/p>\nngg_shortcode_0_placeholder\n","protected":false},"excerpt":{"rendered":"<p>Am Donnerstag, den 5.09.2013 war es nun endlich wieder so weit, die 5. Jahreszeit beginnt! Das hei\u00dft vier Tage feiern und das k\u00f6nnen wir Bassener sehr gut. Etwas ruhiger startet aber der Donnerstag. Um ca. 18:30 Uhr trafen sich viele Eltern mit ihren Kindern auf dem Festplatz von Blocks Huus. Die Kinder konnten dann erst [&hellip;]<\/p>\n","protected":false},"author":1,"featured_media":0,"comment_status":"open","ping_status":"open","sticky":false,"template":"","format":"standard","meta":{"ngg_post_thumbnail":0,"footnotes":""},"categories":[1,3],"tags":[143,144,101,92,145],"class_list":["post-6217","post","type-post","status-publish","format-standard","hentry","category-allgemein","category-erntefest","tag-143","tag-catharina-felia-luenzmann","tag-erntefest-bassen","tag-erntekrone","tag-thorsten-heemsoth"],"_links":{"self":[{"href":"https:\/\/www.events-bassen.de\/index.php?rest_route=\/wp\/v2\/posts\/6217","targetHints":{"allow":["GET"]}}],"collection":[{"href":"https:\/\/www.events-bassen.de\/index.php?rest_route=\/wp\/v2\/posts"}],"about":[{"href":"https:\/\/www.events-bassen.de\/index.php?rest_route=\/wp\/v2\/types\/post"}],"author":[{"embeddable":true,"href":"https:\/\/www.events-bassen.de\/index.php?rest_route=\/wp\/v2\/users\/1"}],"replies":[{"embeddable":true,"href":"https:\/\/www.events-bassen.de\/index.php?rest_route=%2Fwp%2Fv2%2Fcomments&post=6217"}],"version-history":[{"count":35,"href":"https:\/\/www.events-bassen.de\/index.php?rest_route=\/wp\/v2\/posts\/6217\/revisions"}],"predecessor-version":[{"id":19452,"href":"https:\/\/www.events-bassen.de\/index.php?rest_route=\/wp\/v2\/posts\/6217\/revisions\/19452"}],"wp:attachment":[{"href":"https:\/\/www.events-bassen.de\/index.php?rest_route=%2Fwp%2Fv2%2Fmedia&parent=6217"}],"wp:term":[{"taxonomy":"category","embeddable":true,"href":"https:\/\/www.events-bassen.de\/index.php?rest_route=%2Fwp%2Fv2%2Fcategories&post=6217"},{"taxonomy":"post_tag","embeddable":true,"href":"https:\/\/www.events-bassen.de\/index.php?rest_route=%2Fwp%2Fv2%2Ftags&post=6217"}],"curies":[{"name":"wp","href":"https:\/\/api.w.org\/{rel}","templated":true}]}}