{"id":634,"date":"2011-11-06T21:26:46","date_gmt":"2011-11-06T21:26:46","guid":{"rendered":"http:\/\/www.events-bassen.de\/?p=634"},"modified":"2016-12-20T17:18:44","modified_gmt":"2016-12-20T17:18:44","slug":"die-patzer-in-achim","status":"publish","type":"post","link":"https:\/\/www.events-bassen.de\/?p=634","title":{"rendered":"Die Patzer &#038; Inga 2011 &#8211; Katakomben"},"content":{"rendered":"<p style=\"text-align: justify;\">Ab 20 Uhr \u00f6ffneten die heiligen Gew\u00f6lbe der Katakomben in Achim. Der Eintritt belief sich auf nur 3 Euro, da die Band &#8222;Zusammen Allein&#8220; leider aus Krankheitsgr\u00fcnden ausgefallen war.&nbsp; Musikinstrumente und kilometerlange Kabelstr\u00e4nge beherrschten vor Beginn des Konzertabends das B\u00fchnenbild. Inga er\u00f6ffnete den Konzertabend mit perfekt einge\u00fcbten Melodien ihres Keyboards und einer fantastischen Gesangsstimme.<!--more--> Sie gl\u00e4nzte nicht nur Solo, sondern auch im Duett mit ihrem Bruder Gerrit.&nbsp; Unter tosendem Beifall wurde eine Zugabe gefordert, die auch prompt erf\u00fcllt wurde. Nach Inga&#8217;s professioneller Performance folgte noch ein nicht geplanter Soloauftritt von Gerrit, der uns mit Titeln, wie z.B. Wonderwall den Abend vers\u00fc\u00dfte, auch hier mu\u00dfte Gerrit noch Zugaben singen. Leider gingen diese beiden Auftritte zu schnell vorbei.<br \/>\nNach Umbauarbeiten auf der B\u00fchne, konnte die Stage endlich f\u00fcr die Patzer freigegeben werden&#8230;<br \/>\nNach kurzen technischen Problemen konnte es endlich losgehen. Das Einstiegslied von AC\/DC lie\u00df die Katakomben erzittern, das sogar im Verlauf des Konzertes Gl\u00e4ser aus dem Thekenregal fielen. Ein buntgemischtes Klangerlebnis mit rockigen Titeln, sauberen Gitarrensoli und ohrenfreundlichem Gesang. Der Auftritt der Patzer war mal wieder ein voller Erfolg und das Publikum forderte auch hier noch mehrere Zugaben. Am Ende des Konzertes sah man viele gl\u00fcckliche Gesichter Richtung Heimt fahren.<br \/>\nIch kann nur alle Patzer-Fans bedauern, die nicht an diesem Event teilnehmen konnten &#8211; Ihr habt echt was verpa\u00dft !<\/p>\n<p style=\"text-align: justify;\">Zu den Bildern kann ich euch sagen, das die Qualit\u00e4t nicht meinen Erwartungen entsprechen, leider war es in den Katakomben und auf der B\u00fchne teilweise so dunkel das einige Bilder v\u00f6llig unbrauchbar sind. Durch Verkleinerung und Nachsch\u00e4rfen der Bilder konnte ich noch einiges retten. Jetzt wird jeder sagen: &#8222;h\u00e4ttest ja mit Blitz fotografieren k\u00f6nnen&#8220;, aber ich fotografiere ungerne mit Blitz, da es die Lichtstimmung bei einem Konzert zerst\u00f6rt.<\/p>\n<p>[fb-like-button]<\/p>\nngg_shortcode_0_placeholder\n","protected":false},"excerpt":{"rendered":"<p>Ab 20 Uhr \u00f6ffneten die heiligen Gew\u00f6lbe der Katakomben in Achim. Der Eintritt belief sich auf nur 3 Euro, da die Band &#8222;Zusammen Allein&#8220; leider aus Krankheitsgr\u00fcnden ausgefallen war.&nbsp; Musikinstrumente und kilometerlange Kabelstr\u00e4nge beherrschten vor Beginn des Konzertabends das B\u00fchnenbild. Inga er\u00f6ffnete den Konzertabend mit perfekt einge\u00fcbten Melodien ihres Keyboards und einer fantastischen Gesangsstimme.<\/p>\n","protected":false},"author":1,"featured_media":649,"comment_status":"open","ping_status":"open","sticky":false,"template":"","format":"standard","meta":{"ngg_post_thumbnail":0,"footnotes":""},"categories":[13],"tags":[4,196,19,18,17,20],"class_list":["post-634","post","type-post","status-publish","format-standard","has-post-thumbnail","hentry","category-die-patzer","tag-4","tag-die-patzer","tag-gerrit-cordes","tag-inga-cordes","tag-katakomben","tag-konzert"],"_links":{"self":[{"href":"https:\/\/www.events-bassen.de\/index.php?rest_route=\/wp\/v2\/posts\/634","targetHints":{"allow":["GET"]}}],"collection":[{"href":"https:\/\/www.events-bassen.de\/index.php?rest_route=\/wp\/v2\/posts"}],"about":[{"href":"https:\/\/www.events-bassen.de\/index.php?rest_route=\/wp\/v2\/types\/post"}],"author":[{"embeddable":true,"href":"https:\/\/www.events-bassen.de\/index.php?rest_route=\/wp\/v2\/users\/1"}],"replies":[{"embeddable":true,"href":"https:\/\/www.events-bassen.de\/index.php?rest_route=%2Fwp%2Fv2%2Fcomments&post=634"}],"version-history":[{"count":38,"href":"https:\/\/www.events-bassen.de\/index.php?rest_route=\/wp\/v2\/posts\/634\/revisions"}],"predecessor-version":[{"id":12877,"href":"https:\/\/www.events-bassen.de\/index.php?rest_route=\/wp\/v2\/posts\/634\/revisions\/12877"}],"wp:featuredmedia":[{"embeddable":true,"href":"https:\/\/www.events-bassen.de\/index.php?rest_route=\/wp\/v2\/media\/649"}],"wp:attachment":[{"href":"https:\/\/www.events-bassen.de\/index.php?rest_route=%2Fwp%2Fv2%2Fmedia&parent=634"}],"wp:term":[{"taxonomy":"category","embeddable":true,"href":"https:\/\/www.events-bassen.de\/index.php?rest_route=%2Fwp%2Fv2%2Fcategories&post=634"},{"taxonomy":"post_tag","embeddable":true,"href":"https:\/\/www.events-bassen.de\/index.php?rest_route=%2Fwp%2Fv2%2Ftags&post=634"}],"curies":[{"name":"wp","href":"https:\/\/api.w.org\/{rel}","templated":true}]}}