{"id":6562,"date":"2013-09-08T17:27:23","date_gmt":"2013-09-08T17:27:23","guid":{"rendered":"http:\/\/www.events-bassen.de\/?p=6562"},"modified":"2016-12-20T21:36:04","modified_gmt":"2016-12-20T21:36:04","slug":"2-tag-ernte-disco-2013","status":"publish","type":"post","link":"https:\/\/www.events-bassen.de\/?p=6562","title":{"rendered":"2. Tag &#8211; Ernte Disco 2013"},"content":{"rendered":"<p style=\"text-align: justify;\">Am Freitag fand wie immer die legend\u00e4re Erntefest Disco statt. Wie jedes Jahr unterst\u00fctze die Freiwillige Feuerwehr Bassen den&nbsp; Festwirt am Eingang. Dieses Jahr gab es drei verschiedene Eintrittsb\u00e4nder, um die einzelnen Altergruppen entsprechend zu kennzeichnen, damit es das Thekenpersonal beim Ausschank<!--more--> einfacher hatte. Ebenfalls unterst\u00fctzte uns ein f\u00fcnfk\u00f6pfiges Sicherheitsteam. Was soll ich jetzt noch gro\u00dfes Schreiben, au\u00dfer das jeder der nicht dort war wieder ein Mal ein tolle Party verpa\u00dft hat. Danke Bassen, danke an den Festwirt und sein Team und an alle die f\u00fcr die super Stimmung gesorgt haben ! Und jetzt schnell die Fotos durchschauen &#8230;<\/p>\n<p><span style=\"color: #ff6600;\">Info: Falls hier Fotos eingestellt wurden, die nicht \u00f6ffentlich zu sehen sein sollen, bitte kurze Info an mich. Werde die Fotos dann umgehend entfernen.<\/span><\/p>\n<p><small><code>[fb-like-button]<br \/>\n<\/code><\/small><\/p>\nngg_shortcode_0_placeholder\n","protected":false},"excerpt":{"rendered":"<p>Am Freitag fand wie immer die legend\u00e4re Erntefest Disco statt. Wie jedes Jahr unterst\u00fctze die Freiwillige Feuerwehr Bassen den&nbsp; Festwirt am Eingang. Dieses Jahr gab es drei verschiedene Eintrittsb\u00e4nder, um die einzelnen Altergruppen entsprechend zu kennzeichnen, damit es das Thekenpersonal beim Ausschank<\/p>\n","protected":false},"author":1,"featured_media":0,"comment_status":"open","ping_status":"open","sticky":false,"template":"","format":"standard","meta":{"ngg_post_thumbnail":0,"footnotes":""},"categories":[1,3],"tags":[143,144,149,101,145],"class_list":["post-6562","post","type-post","status-publish","format-standard","hentry","category-allgemein","category-erntefest","tag-143","tag-catharina-felia-luenzmann","tag-ernte-disco","tag-erntefest-bassen","tag-thorsten-heemsoth"],"_links":{"self":[{"href":"https:\/\/www.events-bassen.de\/index.php?rest_route=\/wp\/v2\/posts\/6562","targetHints":{"allow":["GET"]}}],"collection":[{"href":"https:\/\/www.events-bassen.de\/index.php?rest_route=\/wp\/v2\/posts"}],"about":[{"href":"https:\/\/www.events-bassen.de\/index.php?rest_route=\/wp\/v2\/types\/post"}],"author":[{"embeddable":true,"href":"https:\/\/www.events-bassen.de\/index.php?rest_route=\/wp\/v2\/users\/1"}],"replies":[{"embeddable":true,"href":"https:\/\/www.events-bassen.de\/index.php?rest_route=%2Fwp%2Fv2%2Fcomments&post=6562"}],"version-history":[{"count":24,"href":"https:\/\/www.events-bassen.de\/index.php?rest_route=\/wp\/v2\/posts\/6562\/revisions"}],"predecessor-version":[{"id":19757,"href":"https:\/\/www.events-bassen.de\/index.php?rest_route=\/wp\/v2\/posts\/6562\/revisions\/19757"}],"wp:attachment":[{"href":"https:\/\/www.events-bassen.de\/index.php?rest_route=%2Fwp%2Fv2%2Fmedia&parent=6562"}],"wp:term":[{"taxonomy":"category","embeddable":true,"href":"https:\/\/www.events-bassen.de\/index.php?rest_route=%2Fwp%2Fv2%2Fcategories&post=6562"},{"taxonomy":"post_tag","embeddable":true,"href":"https:\/\/www.events-bassen.de\/index.php?rest_route=%2Fwp%2Fv2%2Ftags&post=6562"}],"curies":[{"name":"wp","href":"https:\/\/api.w.org\/{rel}","templated":true}]}}