{"id":7108,"date":"2013-09-08T19:32:55","date_gmt":"2013-09-08T19:32:55","guid":{"rendered":"http:\/\/www.events-bassen.de\/?p=7108"},"modified":"2016-12-20T21:49:18","modified_gmt":"2016-12-20T21:49:18","slug":"open-end-party-2013","status":"publish","type":"post","link":"https:\/\/www.events-bassen.de\/?p=7108","title":{"rendered":"3. Tag &#8211; Open end Party 2013"},"content":{"rendered":"<p style=\"text-align: justify;\">Ab 1:15 Uhr konnte ich dann auch endlich zur Open end Party dazu sto\u00dfen, da ich vorher noch auf einem Geburtstag eingeladen war, der leider Pflicht war (Schwiegermutter&#8217;s 70.) Wie dem auch sei, ich lie\u00df es mir nicht nehmen wieder Bilder f\u00fcr euch zu machen, damit auch alles dokumentiert wird. DJ Tobi von GTP hielt <!--more-->abwechselnd mit der Live Band M.A.C die Partyg\u00e4ste in Atem. Gute abwechslungsreiche Musik und ein hoher Alkoholpegel sorgte f\u00fcr eine ausgelassene Stimmung. Habe heute mal nachgefragt und wir haben \u00fcberschlagen, das in etwa 350 Flaschen Korn3 geleert wurden. Nicht schlecht w\u00fcrde ich behaupten&#8230; K\u00f6nnte sein das das ein oder andere Bild etwas verwackelt ist, denn ich mu\u00dfte leider auch ein paar Mischungen trinken.<\/p>\n<p><span style=\"color: #ff6600;\">Info: Falls hier Fotos eingestellt wurden, die nicht \u00f6ffentlich zu sehen sein sollen, bitte kurze Info an mich. Werde die Fotos dann umgehend entfernen.<\/span><\/p>\n<p><small><code>[fb-like-button]<br \/>\n<\/code><\/small><\/p>\nngg_shortcode_0_placeholder\n","protected":false},"excerpt":{"rendered":"<p>Ab 1:15 Uhr konnte ich dann auch endlich zur Open end Party dazu sto\u00dfen, da ich vorher noch auf einem Geburtstag eingeladen war, der leider Pflicht war (Schwiegermutter&#8217;s 70.) Wie dem auch sei, ich lie\u00df es mir nicht nehmen wieder Bilder f\u00fcr euch zu machen, damit auch alles dokumentiert wird. DJ Tobi von GTP hielt<\/p>\n","protected":false},"author":1,"featured_media":0,"comment_status":"open","ping_status":"open","sticky":false,"template":"","format":"standard","meta":{"ngg_post_thumbnail":0,"footnotes":""},"categories":[1,3],"tags":[143,144,98,101,201,150,148,145],"class_list":["post-7108","post","type-post","status-publish","format-standard","hentry","category-allgemein","category-erntefest","tag-143","tag-catharina-felia-luenzmann","tag-ernte-party","tag-erntefest-bassen","tag-gtp","tag-m-a-c","tag-open-end-party","tag-thorsten-heemsoth"],"_links":{"self":[{"href":"https:\/\/www.events-bassen.de\/index.php?rest_route=\/wp\/v2\/posts\/7108","targetHints":{"allow":["GET"]}}],"collection":[{"href":"https:\/\/www.events-bassen.de\/index.php?rest_route=\/wp\/v2\/posts"}],"about":[{"href":"https:\/\/www.events-bassen.de\/index.php?rest_route=\/wp\/v2\/types\/post"}],"author":[{"embeddable":true,"href":"https:\/\/www.events-bassen.de\/index.php?rest_route=\/wp\/v2\/users\/1"}],"replies":[{"embeddable":true,"href":"https:\/\/www.events-bassen.de\/index.php?rest_route=%2Fwp%2Fv2%2Fcomments&post=7108"}],"version-history":[{"count":19,"href":"https:\/\/www.events-bassen.de\/index.php?rest_route=\/wp\/v2\/posts\/7108\/revisions"}],"predecessor-version":[{"id":20685,"href":"https:\/\/www.events-bassen.de\/index.php?rest_route=\/wp\/v2\/posts\/7108\/revisions\/20685"}],"wp:attachment":[{"href":"https:\/\/www.events-bassen.de\/index.php?rest_route=%2Fwp%2Fv2%2Fmedia&parent=7108"}],"wp:term":[{"taxonomy":"category","embeddable":true,"href":"https:\/\/www.events-bassen.de\/index.php?rest_route=%2Fwp%2Fv2%2Fcategories&post=7108"},{"taxonomy":"post_tag","embeddable":true,"href":"https:\/\/www.events-bassen.de\/index.php?rest_route=%2Fwp%2Fv2%2Ftags&post=7108"}],"curies":[{"name":"wp","href":"https:\/\/api.w.org\/{rel}","templated":true}]}}