{"id":7296,"date":"2013-09-15T19:19:34","date_gmt":"2013-09-15T19:19:34","guid":{"rendered":"http:\/\/www.events-bassen.de\/?p=7296"},"modified":"2017-11-23T21:13:15","modified_gmt":"2017-11-23T21:13:15","slug":"feuerwehrhaus-bassen","status":"publish","type":"post","link":"https:\/\/www.events-bassen.de\/?p=7296","title":{"rendered":"Feuerwehrhaus Bassen"},"content":{"rendered":"<p style=\"text-align: justify;\"><strong>Februar 2012<\/strong><br \/>\nNachdem der Gemeinderat im Jahr 2012 den Haushalt abgesegnet hatte, wurden auch die Gelder f\u00fcr das neue Feuerwehrhaus in Bassen eingestellt. Nun mu\u00dfte f\u00fcr einen Neubau aber ebenfalls der Bebauungsplan ge\u00e4ndert werden. Das hei\u00dft das der Ausschuss f\u00fcr Umwelt und Gemeindeentwicklung <!--more-->tagen muss um so etwas zu beschlie\u00dfen. Es wurde also abgestimmt, ob das Feuerwehrhaus nun auf dem Acker neben der B\u00e4ckerei Sammann gebaut werden darf oder nicht. Es gab nur eine Gegenstimme, somit steht der Bauplatz fest. Der genaue Platz ist auf der kleinen Karte zu sehen.<\/p>\n<div id=\"maxgallery-21283\" class=\"mg-image-tiles borderless\">\t<div class=\"mg-thumbs mg-fivecol\">\t\t<ul><li>\t<a class='lightbox-21283' href='https:\/\/www.events-bassen.de\/wp-content\/uploads\/Lageplan-Feuerwehrhaus.jpg'  title='' aria-haspopup='dialog' data-lightbox-gallery='gallery-21283' >\t\t<div class=\"\"><img loading=\"lazy\" decoding=\"async\" class=\"\" src=\"https:\/\/www.events-bassen.de\/wp-content\/uploads\/Lageplan-Feuerwehrhaus-200x200.jpg\" width=\"200\" height=\"200\" alt=\"\" title=\"Lageplan-Feuerwehrhaus\" \/>\t\t<\/div>\t<\/a><\/li>\t\t<\/ul>\t\t<div class=\"clear\"><\/div>\t<\/div>\t<span style=\"display: none;\" class=\"hidden-image-tiles-gallery-id\">21283<\/span>\t<span style=\"display: none;\" class=\"hidden-lightbox-skin\">none<\/span>\t<span style=\"display: none;\" class=\"hidden-lightbox-effect\">none<\/span>\t<span style=\"display: none;\" class=\"hidden-lightbox-kb-nav\">true<\/span>\t<span style=\"display: none;\" class=\"hidden-lightbox-img-click-close\">true<\/span>\t<span style=\"display: none;\" class=\"hidden-lightbox-ol-click-close\">true<\/span>\t<span style=\"display: none;\" class=\"hidden-lightbox-close-tip-text\">Close<\/span>\t<span style=\"display: none;\" class=\"hidden-lightbox-next-tip-text\">Next<\/span>\t<span style=\"display: none;\" class=\"hidden-lightbox-prev-tip-text\">Previous<\/span>\t<span style=\"display: none;\" class=\"hidden-lightbox-error-tip-text\">The requested content cannot be loaded. Please try again later.<\/span><\/div>\n<p style=\"text-align: justify;\"><strong>Mai 2012<\/strong><br \/>\nAm Donnerstag, den 3. Mai 2012 wurde dann offiziell der neue Standort vorgestellt. Der neue Standort ist der Acker gegen\u00fcber vom Wacholderweg der mit einer Fl\u00e4che von ca. 10.000 m\u00b2 gen\u00fcgend Fl\u00e4che f\u00fcr das neue Feuerwehrhaus, Parkpl\u00e4tze und \u00dcbungsfl\u00e4che bieten wird. Manfred Cordes erkl\u00e4rte, das die Investitionssumme von ca. 1,3 Mio. Euro in ein modernes Feuerwehrgeb\u00e4ude investiert wird. Das neue Geb\u00e4ude wird Umkleiden, Schulungs- und Aufenthaltsr\u00e4ume sowie Nebenr\u00e4ume und auch vier Fahrzeughallen beinhalten.Der Umzug in das neue Feuerwehrhaus ist f\u00fcr den Sommer 2013 geplant. Da aber die M\u00fchlen der Politik in ganz Deutschland sehr langsam mahlen, wette ich schon fast darauf, das dieser Termin nicht realistisch ist (Sorry Gemeinde ).<\/p>\n<p style=\"text-align: justify;\"><strong>M\u00e4rz 2013<\/strong><br \/>\nNachdem nun die Architekten Monate lang gezeichnet, berechnet und kalkuliert haben, konnte nun endlich dem Feuerwehrausschuss ein Bauplan vorgelegt werden. Der entstandene Grundriss &nbsp;wurde vom Architekten Bischoff in Zusammenarbeit mit der Verwaltung und einer Arbeitsgruppe der Feuerwehr Bassen entwickelt. Die vier Fahrzeughallen werden U-f\u00f6rmig von den Umkleider\u00e4umen, den technischen R\u00e4umen und den Aufenthaltsr\u00e4umen umschlossen. Die Tore der Fahrzeuge sind direkt zu L168 ausgerichtet. Bei der Ausarbeitung wurde darauf geachtet, m\u00f6glichst wenig Raum f\u00fcr Flure oder anderen leeren Raum zu verschenken. &nbsp;&nbsp;Daher sieht es der Plan vor, dass die sanit\u00e4ren Anlagen sowohl von den Umkleiden als auch von den Aufenthaltsr\u00e4umen zentral zug\u00e4nglich sind. Auf Wunsch der Gemeinde wurde auch ein barrierefreies WC eingeplant. Der Aufenthaltsraum wird durch eine Schiebewand unterteilt, um nicht mehr Raum als n\u00f6tig heizen zu m\u00fcssen. Bei der Au\u00dfenfassade standen ein Industriebau und ein Massivbau f\u00fcr den Ausschuss zu Wahl. Aufgrund der l\u00e4ngeren Lebensdauer von 60-80 Jahren und der Wirkung auf das Ortsbild stimmte der Feuerwehrausschuss Einstimmig f\u00fcr den Massivbau mit einem Kostenvolumen von 1,4 Millionen Euro zu. Baubeginn soll nach den Sommerferien 2013 sein.<\/p>\n<div id=\"maxgallery-21278\" class=\"mg-image-tiles borderless\">\t<div class=\"mg-thumbs mg-fivecol\">\t\t<ul><li>\t<a class='lightbox-21278' href='https:\/\/www.events-bassen.de\/wp-content\/uploads\/Lageplan1.jpg'  title='' aria-haspopup='dialog' data-lightbox-gallery='gallery-21278' >\t\t<div class=\"\"><img loading=\"lazy\" decoding=\"async\" class=\"\" src=\"https:\/\/www.events-bassen.de\/wp-content\/uploads\/Lageplan1-200x200.jpg\" width=\"200\" height=\"200\" alt=\"\" title=\"Lageplan1\" \/>\t\t<\/div>\t<\/a><\/li><li>\t<a class='lightbox-21278' href='https:\/\/www.events-bassen.de\/wp-content\/uploads\/Aussenansicht.jpg'  title='' aria-haspopup='dialog' data-lightbox-gallery='gallery-21278' >\t\t<div class=\"\"><img loading=\"lazy\" decoding=\"async\" class=\"\" src=\"https:\/\/www.events-bassen.de\/wp-content\/uploads\/Aussenansicht-200x200.jpg\" width=\"200\" height=\"200\" alt=\"\" title=\"Aussenansicht\" \/>\t\t<\/div>\t<\/a><\/li><li>\t<a class='lightbox-21278' href='https:\/\/www.events-bassen.de\/wp-content\/uploads\/Grundriss.jpg'  title='' aria-haspopup='dialog' data-lightbox-gallery='gallery-21278' >\t\t<div class=\"\"><img loading=\"lazy\" decoding=\"async\" class=\"\" src=\"https:\/\/www.events-bassen.de\/wp-content\/uploads\/Grundriss-200x200.jpg\" width=\"200\" height=\"200\" alt=\"\" title=\"Grundriss\" \/>\t\t<\/div>\t<\/a><\/li>\t\t<\/ul>\t\t<div class=\"clear\"><\/div>\t<\/div>\t<span style=\"display: none;\" class=\"hidden-image-tiles-gallery-id\">21278<\/span>\t<span style=\"display: none;\" class=\"hidden-lightbox-skin\">none<\/span>\t<span style=\"display: none;\" class=\"hidden-lightbox-effect\">none<\/span>\t<span style=\"display: none;\" class=\"hidden-lightbox-kb-nav\">true<\/span>\t<span style=\"display: none;\" class=\"hidden-lightbox-img-click-close\">true<\/span>\t<span style=\"display: none;\" class=\"hidden-lightbox-ol-click-close\">true<\/span>\t<span style=\"display: none;\" class=\"hidden-lightbox-close-tip-text\">Close<\/span>\t<span style=\"display: none;\" class=\"hidden-lightbox-next-tip-text\">Next<\/span>\t<span style=\"display: none;\" class=\"hidden-lightbox-prev-tip-text\">Previous<\/span>\t<span style=\"display: none;\" class=\"hidden-lightbox-error-tip-text\">The requested content cannot be loaded. Please try again later.<\/span><\/div>\n<p style=\"text-align: justify;\"><strong>September 2013<\/strong><br \/>\nWas ist das ? Pl\u00f6tzlich steht da ein Schild&#8230;Neubau Feuerwehr Bassen&#8230;Juhu es scheint weiter zu gehen mit unserem Feuerwehrhaus ! Die Ausschreibungen laufen auf vollen Touren und wenn man den allgemeinen Informationen trauen kann soll angeblich im Oktober der erste Spatenstich erfolgen. Habe schon mal ein paar Fotos f\u00fcr euch gemacht und ein kleines Panoramabild des Bauplatzes f\u00fcr euch erstellt.<\/p>\n<div id=\"maxgallery-21275\" class=\"mg-image-tiles borderless\">\t<div class=\"mg-thumbs mg-fivecol\">\t\t<ul><li>\t<a class='lightbox-21275' href='https:\/\/www.events-bassen.de\/wp-content\/uploads\/Panorama_Bauplatz.jpg'  title='' aria-haspopup='dialog' data-lightbox-gallery='gallery-21275' >\t\t<div class=\"\"><img loading=\"lazy\" decoding=\"async\" class=\"\" src=\"https:\/\/www.events-bassen.de\/wp-content\/uploads\/Panorama_Bauplatz-200x200.jpg\" width=\"200\" height=\"200\" alt=\"\" title=\"Panorama_Bauplatz\" \/>\t\t<\/div>\t<\/a><\/li><li>\t<a class='lightbox-21275' href='https:\/\/www.events-bassen.de\/wp-content\/uploads\/MG_4583.jpg'  title='' aria-haspopup='dialog' data-lightbox-gallery='gallery-21275' >\t\t<div class=\"\"><img loading=\"lazy\" decoding=\"async\" class=\"\" src=\"https:\/\/www.events-bassen.de\/wp-content\/uploads\/MG_4583-200x200.jpg\" width=\"200\" height=\"200\" alt=\"\" title=\"MG_4583\" \/>\t\t<\/div>\t<\/a><\/li>\t\t<\/ul>\t\t<div class=\"clear\"><\/div>\t<\/div>\t<span style=\"display: none;\" class=\"hidden-image-tiles-gallery-id\">21275<\/span>\t<span style=\"display: none;\" class=\"hidden-lightbox-skin\">none<\/span>\t<span style=\"display: none;\" class=\"hidden-lightbox-effect\">none<\/span>\t<span style=\"display: none;\" class=\"hidden-lightbox-kb-nav\">true<\/span>\t<span style=\"display: none;\" class=\"hidden-lightbox-img-click-close\">true<\/span>\t<span style=\"display: none;\" class=\"hidden-lightbox-ol-click-close\">true<\/span>\t<span style=\"display: none;\" class=\"hidden-lightbox-close-tip-text\">Close<\/span>\t<span style=\"display: none;\" class=\"hidden-lightbox-next-tip-text\">Next<\/span>\t<span style=\"display: none;\" class=\"hidden-lightbox-prev-tip-text\">Previous<\/span>\t<span style=\"display: none;\" class=\"hidden-lightbox-error-tip-text\">The requested content cannot be loaded. Please try again later.<\/span><\/div>\n<p><strong>28. Oktober 2013<\/strong><br \/>\nJuhu, gestern Morgen fuhr auf unserer Bauplatzwiese ein fetter Radlader spazieren. Hier mal eben auf die schnelle ein kleiner \u00dcberblick, was schon passiert ist !<\/p>\n<div id=\"maxgallery-21270\" class=\"mg-image-tiles borderless\">\t<div class=\"mg-thumbs mg-fivecol\">\t\t<ul><li>\t<a class='lightbox-21270' href='https:\/\/www.events-bassen.de\/wp-content\/uploads\/20131029_085710.jpg'  title='' aria-haspopup='dialog' data-lightbox-gallery='gallery-21270' >\t\t<div class=\"\"><img loading=\"lazy\" decoding=\"async\" class=\"\" src=\"https:\/\/www.events-bassen.de\/wp-content\/uploads\/20131029_085710-200x200.jpg\" width=\"200\" height=\"200\" alt=\"\" title=\"20131029_085710\" \/>\t\t<\/div>\t<\/a><\/li><li>\t<a class='lightbox-21270' href='https:\/\/www.events-bassen.de\/wp-content\/uploads\/20131029_085726.jpg'  title='' aria-haspopup='dialog' data-lightbox-gallery='gallery-21270' >\t\t<div class=\"\"><img loading=\"lazy\" decoding=\"async\" class=\"\" src=\"https:\/\/www.events-bassen.de\/wp-content\/uploads\/20131029_085726-200x200.jpg\" width=\"200\" height=\"200\" alt=\"\" title=\"20131029_085726\" \/>\t\t<\/div>\t<\/a><\/li><li>\t<a class='lightbox-21270' href='https:\/\/www.events-bassen.de\/wp-content\/uploads\/20131029_085806.jpg'  title='' aria-haspopup='dialog' data-lightbox-gallery='gallery-21270' >\t\t<div class=\"\"><img loading=\"lazy\" decoding=\"async\" class=\"\" src=\"https:\/\/www.events-bassen.de\/wp-content\/uploads\/20131029_085806-200x200.jpg\" width=\"200\" height=\"200\" alt=\"\" title=\"20131029_085806\" \/>\t\t<\/div>\t<\/a><\/li><li>\t<a class='lightbox-21270' href='https:\/\/www.events-bassen.de\/wp-content\/uploads\/20131029_085838.jpg'  title='' aria-haspopup='dialog' data-lightbox-gallery='gallery-21270' >\t\t<div class=\"\"><img loading=\"lazy\" decoding=\"async\" class=\"\" src=\"https:\/\/www.events-bassen.de\/wp-content\/uploads\/20131029_085838-200x200.jpg\" width=\"200\" height=\"200\" alt=\"\" title=\"20131029_085838\" \/>\t\t<\/div>\t<\/a><\/li>\t\t<\/ul>\t\t<div class=\"clear\"><\/div>\t<\/div>\t<span style=\"display: none;\" class=\"hidden-image-tiles-gallery-id\">21270<\/span>\t<span style=\"display: none;\" class=\"hidden-lightbox-skin\">none<\/span>\t<span style=\"display: none;\" class=\"hidden-lightbox-effect\">none<\/span>\t<span style=\"display: none;\" class=\"hidden-lightbox-kb-nav\">true<\/span>\t<span style=\"display: none;\" class=\"hidden-lightbox-img-click-close\">true<\/span>\t<span style=\"display: none;\" class=\"hidden-lightbox-ol-click-close\">true<\/span>\t<span style=\"display: none;\" class=\"hidden-lightbox-close-tip-text\">Close<\/span>\t<span style=\"display: none;\" class=\"hidden-lightbox-next-tip-text\">Next<\/span>\t<span style=\"display: none;\" class=\"hidden-lightbox-prev-tip-text\">Previous<\/span>\t<span style=\"display: none;\" class=\"hidden-lightbox-error-tip-text\">The requested content cannot be loaded. Please try again later.<\/span><\/div>\n<p><strong>31. Oktober 2013<\/strong><br \/>\nWenn der Bagger und Walzenfahrer so weiter macht, k\u00f6nnen wir n\u00e4chste Woche beim Pflastern zuschauen. Auf jeden Fall geht es nun t\u00e4glich weiter und es fahren st\u00e4ndig LKW mit F\u00fcllsand zu unserer Baustelle. Ebenfalls wurde ein Teil der Senke mit dem abgetragenen Mutterboden aufgef\u00fcllt. Ich&nbsp; bin gespannt&#8230;<\/p>\n<div id=\"maxgallery-21266\" class=\"mg-image-tiles borderless\">\t<div class=\"mg-thumbs mg-fivecol\">\t\t<ul><li>\t<a class='lightbox-21266' href='https:\/\/www.events-bassen.de\/wp-content\/uploads\/20131031_101927.jpg'  title='' aria-haspopup='dialog' data-lightbox-gallery='gallery-21266' >\t\t<div class=\"\"><img loading=\"lazy\" decoding=\"async\" class=\"\" src=\"https:\/\/www.events-bassen.de\/wp-content\/uploads\/20131031_101927-200x200.jpg\" width=\"200\" height=\"200\" alt=\"\" title=\"20131031_101927\" \/>\t\t<\/div>\t<\/a><\/li><li>\t<a class='lightbox-21266' href='https:\/\/www.events-bassen.de\/wp-content\/uploads\/20131031_101901.jpg'  title='' aria-haspopup='dialog' data-lightbox-gallery='gallery-21266' >\t\t<div class=\"\"><img loading=\"lazy\" decoding=\"async\" class=\"\" src=\"https:\/\/www.events-bassen.de\/wp-content\/uploads\/20131031_101901-200x200.jpg\" width=\"200\" height=\"200\" alt=\"\" title=\"20131031_101901\" \/>\t\t<\/div>\t<\/a><\/li><li>\t<a class='lightbox-21266' href='https:\/\/www.events-bassen.de\/wp-content\/uploads\/20131031_101911.jpg'  title='' aria-haspopup='dialog' data-lightbox-gallery='gallery-21266' >\t\t<div class=\"\"><img loading=\"lazy\" decoding=\"async\" class=\"\" src=\"https:\/\/www.events-bassen.de\/wp-content\/uploads\/20131031_101911-200x200.jpg\" width=\"200\" height=\"200\" alt=\"\" title=\"20131031_101911\" \/>\t\t<\/div>\t<\/a><\/li>\t\t<\/ul>\t\t<div class=\"clear\"><\/div>\t<\/div>\t<span style=\"display: none;\" class=\"hidden-image-tiles-gallery-id\">21266<\/span>\t<span style=\"display: none;\" class=\"hidden-lightbox-skin\">none<\/span>\t<span style=\"display: none;\" class=\"hidden-lightbox-effect\">none<\/span>\t<span style=\"display: none;\" class=\"hidden-lightbox-kb-nav\">true<\/span>\t<span style=\"display: none;\" class=\"hidden-lightbox-img-click-close\">true<\/span>\t<span style=\"display: none;\" class=\"hidden-lightbox-ol-click-close\">true<\/span>\t<span style=\"display: none;\" class=\"hidden-lightbox-close-tip-text\">Close<\/span>\t<span style=\"display: none;\" class=\"hidden-lightbox-next-tip-text\">Next<\/span>\t<span style=\"display: none;\" class=\"hidden-lightbox-prev-tip-text\">Previous<\/span>\t<span style=\"display: none;\" class=\"hidden-lightbox-error-tip-text\">The requested content cannot be loaded. Please try again later.<\/span><\/div>\n<p>(Quellenangabe: Teile der Fotos, Teiltexte und Informationen: www.feuerwehr-bassen.de)<\/p>\n","protected":false},"excerpt":{"rendered":"<p>Februar 2012 Nachdem der Gemeinderat im Jahr 2012 den Haushalt abgesegnet hatte, wurden auch die Gelder f\u00fcr das neue Feuerwehrhaus in Bassen eingestellt. Nun mu\u00dfte f\u00fcr einen Neubau aber ebenfalls der Bebauungsplan ge\u00e4ndert werden. Das hei\u00dft das der Ausschuss f\u00fcr Umwelt und Gemeindeentwicklung<\/p>\n","protected":false},"author":1,"featured_media":7356,"comment_status":"open","ping_status":"open","sticky":false,"template":"","format":"standard","meta":{"ngg_post_thumbnail":0,"footnotes":""},"categories":[1,84],"tags":[143,5,162,160,163,22,159,164,161],"class_list":["post-7296","post","type-post","status-publish","format-standard","has-post-thumbnail","hentry","category-allgemein","category-feuerwehr-bassen","tag-143","tag-bassen","tag-baubeginn","tag-bauplatz","tag-erdarbeiten","tag-feuerwehr","tag-neues-feuerwehrhaus-bassen","tag-radlader","tag-spatenstich"],"_links":{"self":[{"href":"https:\/\/www.events-bassen.de\/index.php?rest_route=\/wp\/v2\/posts\/7296","targetHints":{"allow":["GET"]}}],"collection":[{"href":"https:\/\/www.events-bassen.de\/index.php?rest_route=\/wp\/v2\/posts"}],"about":[{"href":"https:\/\/www.events-bassen.de\/index.php?rest_route=\/wp\/v2\/types\/post"}],"author":[{"embeddable":true,"href":"https:\/\/www.events-bassen.de\/index.php?rest_route=\/wp\/v2\/users\/1"}],"replies":[{"embeddable":true,"href":"https:\/\/www.events-bassen.de\/index.php?rest_route=%2Fwp%2Fv2%2Fcomments&post=7296"}],"version-history":[{"count":30,"href":"https:\/\/www.events-bassen.de\/index.php?rest_route=\/wp\/v2\/posts\/7296\/revisions"}],"predecessor-version":[{"id":23294,"href":"https:\/\/www.events-bassen.de\/index.php?rest_route=\/wp\/v2\/posts\/7296\/revisions\/23294"}],"wp:featuredmedia":[{"embeddable":true,"href":"https:\/\/www.events-bassen.de\/index.php?rest_route=\/wp\/v2\/media\/7356"}],"wp:attachment":[{"href":"https:\/\/www.events-bassen.de\/index.php?rest_route=%2Fwp%2Fv2%2Fmedia&parent=7296"}],"wp:term":[{"taxonomy":"category","embeddable":true,"href":"https:\/\/www.events-bassen.de\/index.php?rest_route=%2Fwp%2Fv2%2Fcategories&post=7296"},{"taxonomy":"post_tag","embeddable":true,"href":"https:\/\/www.events-bassen.de\/index.php?rest_route=%2Fwp%2Fv2%2Ftags&post=7296"}],"curies":[{"name":"wp","href":"https:\/\/api.w.org\/{rel}","templated":true}]}}