{"id":7298,"date":"2013-10-02T18:12:48","date_gmt":"2013-10-02T18:12:48","guid":{"rendered":"http:\/\/www.events-bassen.de\/?p=7298"},"modified":"2013-11-09T11:33:39","modified_gmt":"2013-11-09T11:33:39","slug":"11-bassener-nachtmarsch","status":"publish","type":"post","link":"https:\/\/www.events-bassen.de\/?p=7298","title":{"rendered":"11. Bassener Nachtmarsch Erinnerung"},"content":{"rendered":"<p style=\"text-align: justify;\">Denkt an den Bassener Nachtmarsch !<br \/>\nAm\u00a0 08.11.13 um 18.30 Uhr geht es los. Aber\u00a0 Achtung dieses Jahr werden die Gruppen NICHT vom Blocks Huus aus starten. Der Hof Mattfeld in &#8222;Klein Hollen&#8220; wird dieses Jahr als Startplatz dienen, damit ergeben sich f\u00fcr alle Teilnehmer komplett neue Wegstrecken und es wird garantiert nicht langweilig werden. Tolle <!--more-->ausgekl\u00fcgelte Spiele werden euch und die Gruppe auch dieses Jahr wieder einmal bis zum Letzten fordern.<br \/>\nWie ich aus besten Quellen erfahren konnte haben sich ein paar M\u00e4nner aus Bassen kurzfristig zusammen getan um mit ihrem musiklischen K\u00f6nnen Rockmusik vom feinsten zu pr\u00e4sentieren.<br \/>\nWer das sein wird bleibt noch v\u00f6llig unklar, aber es wurden in Bassen immer wieder lautstarke Gitarrenrhythmen und Schlagzeugger\u00e4usche gemeldet &#8211; Man darf also gespannt sein.<\/p>\n","protected":false},"excerpt":{"rendered":"<p>Denkt an den Bassener Nachtmarsch ! Am\u00a0 08.11.13 um 18.30 Uhr geht es los. Aber\u00a0 Achtung dieses Jahr werden die Gruppen NICHT vom Blocks Huus aus starten. Der Hof Mattfeld in &#8222;Klein Hollen&#8220; wird dieses Jahr als Startplatz dienen, damit ergeben sich f\u00fcr alle Teilnehmer komplett neue Wegstrecken und es wird garantiert nicht langweilig werden. [&hellip;]<\/p>\n","protected":false},"author":1,"featured_media":0,"comment_status":"open","ping_status":"open","sticky":false,"template":"","format":"standard","meta":{"ngg_post_thumbnail":0,"footnotes":""},"categories":[1,21],"tags":[143,112,22,157,158],"class_list":["post-7298","post","type-post","status-publish","format-standard","hentry","category-allgemein","category-nachtmarsch","tag-143","tag-bassener-nachtmarsch","tag-feuerwehr","tag-hof-mattfeld","tag-klein-hollen"],"_links":{"self":[{"href":"https:\/\/www.events-bassen.de\/index.php?rest_route=\/wp\/v2\/posts\/7298","targetHints":{"allow":["GET"]}}],"collection":[{"href":"https:\/\/www.events-bassen.de\/index.php?rest_route=\/wp\/v2\/posts"}],"about":[{"href":"https:\/\/www.events-bassen.de\/index.php?rest_route=\/wp\/v2\/types\/post"}],"author":[{"embeddable":true,"href":"https:\/\/www.events-bassen.de\/index.php?rest_route=\/wp\/v2\/users\/1"}],"replies":[{"embeddable":true,"href":"https:\/\/www.events-bassen.de\/index.php?rest_route=%2Fwp%2Fv2%2Fcomments&post=7298"}],"version-history":[{"count":6,"href":"https:\/\/www.events-bassen.de\/index.php?rest_route=\/wp\/v2\/posts\/7298\/revisions"}],"predecessor-version":[{"id":7384,"href":"https:\/\/www.events-bassen.de\/index.php?rest_route=\/wp\/v2\/posts\/7298\/revisions\/7384"}],"wp:attachment":[{"href":"https:\/\/www.events-bassen.de\/index.php?rest_route=%2Fwp%2Fv2%2Fmedia&parent=7298"}],"wp:term":[{"taxonomy":"category","embeddable":true,"href":"https:\/\/www.events-bassen.de\/index.php?rest_route=%2Fwp%2Fv2%2Fcategories&post=7298"},{"taxonomy":"post_tag","embeddable":true,"href":"https:\/\/www.events-bassen.de\/index.php?rest_route=%2Fwp%2Fv2%2Ftags&post=7298"}],"curies":[{"name":"wp","href":"https:\/\/api.w.org\/{rel}","templated":true}]}}