{"id":7484,"date":"2015-07-17T20:09:49","date_gmt":"2015-07-17T20:09:49","guid":{"rendered":"http:\/\/www.events-bassen.de\/?p=7484"},"modified":"2015-07-17T20:10:11","modified_gmt":"2015-07-17T20:10:11","slug":"events-bassen-is-back","status":"publish","type":"post","link":"https:\/\/www.events-bassen.de\/?p=7484","title":{"rendered":"Events-Bassen is back"},"content":{"rendered":"<p style=\"text-align: justify;\">Seit dem 26. Juni 2015 bin ich wieder in Deutschland. 18 Monate musstet ihr leider auf Fotos und hoffentlich sch\u00f6ne Berichte von mir warten, doch jetzt wird alles wieder gut. S\u00fcdafrika hat mir und meiner Familie gut getan. Wir haben neben dem Alltag, den es auch in S\u00fcdafrika gibt, eine Menge Reisen unternommen und viele verr\u00fcckte Sachen angestellt. Bungee jumping aus 216m H\u00f6he, Fallschirmsprung aus 3 km H\u00f6he, Paragliding in Kapstadt, Ziplining, Schwimmen mit Seehunden, Tauchen mit dem weissen Hai, Offroad Segwaytour und vieles mehr. Total genial was man dort so alles machen kann.<!--more--> Gereist sind wir entlang der Westk\u00fcste in Richtung Kapstadt und die Ostk\u00fcste \u00fcber Durban bis Mkuze. Wir waren im h\u00f6chsten Pub von S\u00fcdafrika, der sich am Ende des Sani Passes in Lesotho befindet. Ich war dann noch mit meinem Kollegen in Botswana, dort haben wir in der Kalahari gezeltet, haben das Okavango Delta \u00fcberflogen und auf dem Chobe River Elefanten beim Trinken zugesehen. Die Victoria F\u00e4lle haben ich vom Hubschrauber aus gesehen und sp\u00e4ter dann im Kr\u00fcger National Park B\u00fcffelherden und L\u00f6wen beobachtet. 7800 km in 23 Tagen &#8211; DAS werde ich nie vergessen!<\/p>\n<p>I am back in Germany!<\/p>\n<p><small><code>[fb-like-button]<\/code><\/small><\/p>\n<p><!-- default-view.php -->\n<div\n\tclass=\"ngg-galleryoverview default-view\n\t ngg-ajax-pagination-none\t\"\n\tid=\"ngg-gallery-e6e34b260e3d1644b05f29da3f7ae748-1\">\n\n\t\t<!-- Thumbnails -->\n\t\t\t\t<div id=\"ngg-image-0\" class=\"ngg-gallery-thumbnail-box\n\t\t\t\t\t\t\t\t\t\t\t\"\n\t\t\t>\n\t\t\t\t\t\t<div class=\"ngg-gallery-thumbnail\">\n\t\t\t<a href=\"https:\/\/www.events-bassen.de\/wp-content\/gallery\/suedafrika\/Bungee-Br%C3%BCcke-216m.jpg\"\n\t\t\t\ttitle=\"\"\n\t\t\t\tdata-src=\"https:\/\/www.events-bassen.de\/wp-content\/gallery\/suedafrika\/Bungee-Br%C3%BCcke-216m.jpg\"\n\t\t\t\tdata-thumbnail=\"https:\/\/www.events-bassen.de\/wp-content\/gallery\/suedafrika\/thumbs\/thumbs_Bungee-Br%C3%BCcke-216m.jpg\"\n\t\t\t\tdata-image-id=\"576\"\n\t\t\t\tdata-title=\"Bungee Br\u00fccke 216m\"\n\t\t\t\tdata-description=\"\"\n\t\t\t\tdata-image-slug=\"bungee-br%c3%bccke-216m-1\"\n\t\t\t\tclass=\"ngg-simplelightbox\" rel=\"e6e34b260e3d1644b05f29da3f7ae748\">\n\t\t\t\t<img\n\t\t\t\t\ttitle=\"Bungee Br\u00fccke 216m\"\n\t\t\t\t\talt=\"Bungee Br\u00fccke 216m\"\n\t\t\t\t\tsrc=\"https:\/\/www.events-bassen.de\/wp-content\/gallery\/suedafrika\/thumbs\/thumbs_Bungee-Br%C3%BCcke-216m.jpg\"\n\t\t\t\t\twidth=\"120\"\n\t\t\t\t\theight=\"80\"\n\t\t\t\t\tstyle=\"max-width:100%;\"\n\t\t\t\t\/>\n\t\t\t<\/a>\n\t\t<\/div>\n\t\t\t\t\t\t\t<\/div>\n\t\t\t\n\t\t\t\t<div id=\"ngg-image-1\" class=\"ngg-gallery-thumbnail-box\n\t\t\t\t\t\t\t\t\t\t\t\"\n\t\t\t>\n\t\t\t\t\t\t<div class=\"ngg-gallery-thumbnail\">\n\t\t\t<a href=\"https:\/\/www.events-bassen.de\/wp-content\/gallery\/suedafrika\/Bungee-Sprung-Sascha.jpg\"\n\t\t\t\ttitle=\"\"\n\t\t\t\tdata-src=\"https:\/\/www.events-bassen.de\/wp-content\/gallery\/suedafrika\/Bungee-Sprung-Sascha.jpg\"\n\t\t\t\tdata-thumbnail=\"https:\/\/www.events-bassen.de\/wp-content\/gallery\/suedafrika\/thumbs\/thumbs_Bungee-Sprung-Sascha.jpg\"\n\t\t\t\tdata-image-id=\"578\"\n\t\t\t\tdata-title=\"Bungee Sprung Sascha\"\n\t\t\t\tdata-description=\"\"\n\t\t\t\tdata-image-slug=\"bungee-sprung-sascha\"\n\t\t\t\tclass=\"ngg-simplelightbox\" rel=\"e6e34b260e3d1644b05f29da3f7ae748\">\n\t\t\t\t<img\n\t\t\t\t\ttitle=\"Bungee Sprung Sascha\"\n\t\t\t\t\talt=\"Bungee Sprung Sascha\"\n\t\t\t\t\tsrc=\"https:\/\/www.events-bassen.de\/wp-content\/gallery\/suedafrika\/thumbs\/thumbs_Bungee-Sprung-Sascha.jpg\"\n\t\t\t\t\twidth=\"120\"\n\t\t\t\t\theight=\"80\"\n\t\t\t\t\tstyle=\"max-width:100%;\"\n\t\t\t\t\/>\n\t\t\t<\/a>\n\t\t<\/div>\n\t\t\t\t\t\t\t<\/div>\n\t\t\t\n\t\t\t\t<div id=\"ngg-image-2\" class=\"ngg-gallery-thumbnail-box\n\t\t\t\t\t\t\t\t\t\t\t\"\n\t\t\t>\n\t\t\t\t\t\t<div class=\"ngg-gallery-thumbnail\">\n\t\t\t<a href=\"https:\/\/www.events-bassen.de\/wp-content\/gallery\/suedafrika\/Bungee-ser-Sprung.jpg\"\n\t\t\t\ttitle=\"\"\n\t\t\t\tdata-src=\"https:\/\/www.events-bassen.de\/wp-content\/gallery\/suedafrika\/Bungee-ser-Sprung.jpg\"\n\t\t\t\tdata-thumbnail=\"https:\/\/www.events-bassen.de\/wp-content\/gallery\/suedafrika\/thumbs\/thumbs_Bungee-ser-Sprung.jpg\"\n\t\t\t\tdata-image-id=\"577\"\n\t\t\t\tdata-title=\"Bungee der Sprung\"\n\t\t\t\tdata-description=\"\"\n\t\t\t\tdata-image-slug=\"bungee-ser-sprung\"\n\t\t\t\tclass=\"ngg-simplelightbox\" rel=\"e6e34b260e3d1644b05f29da3f7ae748\">\n\t\t\t\t<img\n\t\t\t\t\ttitle=\"Bungee der Sprung\"\n\t\t\t\t\talt=\"Bungee der Sprung\"\n\t\t\t\t\tsrc=\"https:\/\/www.events-bassen.de\/wp-content\/gallery\/suedafrika\/thumbs\/thumbs_Bungee-ser-Sprung.jpg\"\n\t\t\t\t\twidth=\"120\"\n\t\t\t\t\theight=\"80\"\n\t\t\t\t\tstyle=\"max-width:100%;\"\n\t\t\t\t\/>\n\t\t\t<\/a>\n\t\t<\/div>\n\t\t\t\t\t\t\t<\/div>\n\t\t\t\n\t\t\t\t<div id=\"ngg-image-3\" class=\"ngg-gallery-thumbnail-box\n\t\t\t\t\t\t\t\t\t\t\t\"\n\t\t\t>\n\t\t\t\t\t\t<div class=\"ngg-gallery-thumbnail\">\n\t\t\t<a href=\"https:\/\/www.events-bassen.de\/wp-content\/gallery\/suedafrika\/Paragliding-1.jpg\"\n\t\t\t\ttitle=\"\"\n\t\t\t\tdata-src=\"https:\/\/www.events-bassen.de\/wp-content\/gallery\/suedafrika\/Paragliding-1.jpg\"\n\t\t\t\tdata-thumbnail=\"https:\/\/www.events-bassen.de\/wp-content\/gallery\/suedafrika\/thumbs\/thumbs_Paragliding-1.jpg\"\n\t\t\t\tdata-image-id=\"584\"\n\t\t\t\tdata-title=\"Paragliding in Kapstadt\"\n\t\t\t\tdata-description=\"\"\n\t\t\t\tdata-image-slug=\"paragliding-1\"\n\t\t\t\tclass=\"ngg-simplelightbox\" rel=\"e6e34b260e3d1644b05f29da3f7ae748\">\n\t\t\t\t<img\n\t\t\t\t\ttitle=\"Paragliding in Kapstadt\"\n\t\t\t\t\talt=\"Paragliding in Kapstadt\"\n\t\t\t\t\tsrc=\"https:\/\/www.events-bassen.de\/wp-content\/gallery\/suedafrika\/thumbs\/thumbs_Paragliding-1.jpg\"\n\t\t\t\t\twidth=\"120\"\n\t\t\t\t\theight=\"80\"\n\t\t\t\t\tstyle=\"max-width:100%;\"\n\t\t\t\t\/>\n\t\t\t<\/a>\n\t\t<\/div>\n\t\t\t\t\t\t\t<\/div>\n\t\t\t\n\t\t\t\t<div id=\"ngg-image-4\" class=\"ngg-gallery-thumbnail-box\n\t\t\t\t\t\t\t\t\t\t\t\"\n\t\t\t>\n\t\t\t\t\t\t<div class=\"ngg-gallery-thumbnail\">\n\t\t\t<a href=\"https:\/\/www.events-bassen.de\/wp-content\/gallery\/suedafrika\/Paragliding-2.jpg\"\n\t\t\t\ttitle=\"\"\n\t\t\t\tdata-src=\"https:\/\/www.events-bassen.de\/wp-content\/gallery\/suedafrika\/Paragliding-2.jpg\"\n\t\t\t\tdata-thumbnail=\"https:\/\/www.events-bassen.de\/wp-content\/gallery\/suedafrika\/thumbs\/thumbs_Paragliding-2.jpg\"\n\t\t\t\tdata-image-id=\"585\"\n\t\t\t\tdata-title=\"Paragliding in Kapstadt\"\n\t\t\t\tdata-description=\"\"\n\t\t\t\tdata-image-slug=\"paragliding-2\"\n\t\t\t\tclass=\"ngg-simplelightbox\" rel=\"e6e34b260e3d1644b05f29da3f7ae748\">\n\t\t\t\t<img\n\t\t\t\t\ttitle=\"Paragliding in Kapstadt\"\n\t\t\t\t\talt=\"Paragliding in Kapstadt\"\n\t\t\t\t\tsrc=\"https:\/\/www.events-bassen.de\/wp-content\/gallery\/suedafrika\/thumbs\/thumbs_Paragliding-2.jpg\"\n\t\t\t\t\twidth=\"120\"\n\t\t\t\t\theight=\"80\"\n\t\t\t\t\tstyle=\"max-width:100%;\"\n\t\t\t\t\/>\n\t\t\t<\/a>\n\t\t<\/div>\n\t\t\t\t\t\t\t<\/div>\n\t\t\t\n\t\t\t\t<div id=\"ngg-image-5\" class=\"ngg-gallery-thumbnail-box\n\t\t\t\t\t\t\t\t\t\t\t\"\n\t\t\t>\n\t\t\t\t\t\t<div class=\"ngg-gallery-thumbnail\">\n\t\t\t<a href=\"https:\/\/www.events-bassen.de\/wp-content\/gallery\/suedafrika\/Seehundschwimmen-3.jpg\"\n\t\t\t\ttitle=\"\"\n\t\t\t\tdata-src=\"https:\/\/www.events-bassen.de\/wp-content\/gallery\/suedafrika\/Seehundschwimmen-3.jpg\"\n\t\t\t\tdata-thumbnail=\"https:\/\/www.events-bassen.de\/wp-content\/gallery\/suedafrika\/thumbs\/thumbs_Seehundschwimmen-3.jpg\"\n\t\t\t\tdata-image-id=\"587\"\n\t\t\t\tdata-title=\"Seehundschwimmen\"\n\t\t\t\tdata-description=\"\"\n\t\t\t\tdata-image-slug=\"seehundschwimmen-3\"\n\t\t\t\tclass=\"ngg-simplelightbox\" rel=\"e6e34b260e3d1644b05f29da3f7ae748\">\n\t\t\t\t<img\n\t\t\t\t\ttitle=\"Seehundschwimmen\"\n\t\t\t\t\talt=\"Seehundschwimmen\"\n\t\t\t\t\tsrc=\"https:\/\/www.events-bassen.de\/wp-content\/gallery\/suedafrika\/thumbs\/thumbs_Seehundschwimmen-3.jpg\"\n\t\t\t\t\twidth=\"120\"\n\t\t\t\t\theight=\"80\"\n\t\t\t\t\tstyle=\"max-width:100%;\"\n\t\t\t\t\/>\n\t\t\t<\/a>\n\t\t<\/div>\n\t\t\t\t\t\t\t<\/div>\n\t\t\t\n\t\t\t\t<div id=\"ngg-image-6\" class=\"ngg-gallery-thumbnail-box\n\t\t\t\t\t\t\t\t\t\t\t\"\n\t\t\t>\n\t\t\t\t\t\t<div class=\"ngg-gallery-thumbnail\">\n\t\t\t<a href=\"https:\/\/www.events-bassen.de\/wp-content\/gallery\/suedafrika\/Seehundschwimmen-2.jpg\"\n\t\t\t\ttitle=\"\"\n\t\t\t\tdata-src=\"https:\/\/www.events-bassen.de\/wp-content\/gallery\/suedafrika\/Seehundschwimmen-2.jpg\"\n\t\t\t\tdata-thumbnail=\"https:\/\/www.events-bassen.de\/wp-content\/gallery\/suedafrika\/thumbs\/thumbs_Seehundschwimmen-2.jpg\"\n\t\t\t\tdata-image-id=\"586\"\n\t\t\t\tdata-title=\"Seehundschwimmen\"\n\t\t\t\tdata-description=\"\"\n\t\t\t\tdata-image-slug=\"seehundschwimmen-2\"\n\t\t\t\tclass=\"ngg-simplelightbox\" rel=\"e6e34b260e3d1644b05f29da3f7ae748\">\n\t\t\t\t<img\n\t\t\t\t\ttitle=\"Seehundschwimmen\"\n\t\t\t\t\talt=\"Seehundschwimmen\"\n\t\t\t\t\tsrc=\"https:\/\/www.events-bassen.de\/wp-content\/gallery\/suedafrika\/thumbs\/thumbs_Seehundschwimmen-2.jpg\"\n\t\t\t\t\twidth=\"120\"\n\t\t\t\t\theight=\"80\"\n\t\t\t\t\tstyle=\"max-width:100%;\"\n\t\t\t\t\/>\n\t\t\t<\/a>\n\t\t<\/div>\n\t\t\t\t\t\t\t<\/div>\n\t\t\t\n\t\t\t\t<div id=\"ngg-image-7\" class=\"ngg-gallery-thumbnail-box\n\t\t\t\t\t\t\t\t\t\t\t\"\n\t\t\t>\n\t\t\t\t\t\t<div class=\"ngg-gallery-thumbnail\">\n\t\t\t<a href=\"https:\/\/www.events-bassen.de\/wp-content\/gallery\/suedafrika\/Zelten-Kalahari.jpg\"\n\t\t\t\ttitle=\"\"\n\t\t\t\tdata-src=\"https:\/\/www.events-bassen.de\/wp-content\/gallery\/suedafrika\/Zelten-Kalahari.jpg\"\n\t\t\t\tdata-thumbnail=\"https:\/\/www.events-bassen.de\/wp-content\/gallery\/suedafrika\/thumbs\/thumbs_Zelten-Kalahari.jpg\"\n\t\t\t\tdata-image-id=\"591\"\n\t\t\t\tdata-title=\"Zelten Kalahari\"\n\t\t\t\tdata-description=\"\"\n\t\t\t\tdata-image-slug=\"zelten-kalahari\"\n\t\t\t\tclass=\"ngg-simplelightbox\" rel=\"e6e34b260e3d1644b05f29da3f7ae748\">\n\t\t\t\t<img\n\t\t\t\t\ttitle=\"Zelten Kalahari\"\n\t\t\t\t\talt=\"Zelten Kalahari\"\n\t\t\t\t\tsrc=\"https:\/\/www.events-bassen.de\/wp-content\/gallery\/suedafrika\/thumbs\/thumbs_Zelten-Kalahari.jpg\"\n\t\t\t\t\twidth=\"120\"\n\t\t\t\t\theight=\"80\"\n\t\t\t\t\tstyle=\"max-width:100%;\"\n\t\t\t\t\/>\n\t\t\t<\/a>\n\t\t<\/div>\n\t\t\t\t\t\t\t<\/div>\n\t\t\t\n\t\t\t\t<div id=\"ngg-image-8\" class=\"ngg-gallery-thumbnail-box\n\t\t\t\t\t\t\t\t\t\t\t\"\n\t\t\t>\n\t\t\t\t\t\t<div class=\"ngg-gallery-thumbnail\">\n\t\t\t<a href=\"https:\/\/www.events-bassen.de\/wp-content\/gallery\/suedafrika\/H%C3%B6chster-Pub.jpg\"\n\t\t\t\ttitle=\"\"\n\t\t\t\tdata-src=\"https:\/\/www.events-bassen.de\/wp-content\/gallery\/suedafrika\/H%C3%B6chster-Pub.jpg\"\n\t\t\t\tdata-thumbnail=\"https:\/\/www.events-bassen.de\/wp-content\/gallery\/suedafrika\/thumbs\/thumbs_H%C3%B6chster-Pub.jpg\"\n\t\t\t\tdata-image-id=\"582\"\n\t\t\t\tdata-title=\"H\u00f6chster Pub in S\u00fcdafrika\"\n\t\t\t\tdata-description=\"\"\n\t\t\t\tdata-image-slug=\"h%c3%b6chster-pub-1\"\n\t\t\t\tclass=\"ngg-simplelightbox\" rel=\"e6e34b260e3d1644b05f29da3f7ae748\">\n\t\t\t\t<img\n\t\t\t\t\ttitle=\"H\u00f6chster Pub in S\u00fcdafrika\"\n\t\t\t\t\talt=\"H\u00f6chster Pub in S\u00fcdafrika\"\n\t\t\t\t\tsrc=\"https:\/\/www.events-bassen.de\/wp-content\/gallery\/suedafrika\/thumbs\/thumbs_H%C3%B6chster-Pub.jpg\"\n\t\t\t\t\twidth=\"120\"\n\t\t\t\t\theight=\"80\"\n\t\t\t\t\tstyle=\"max-width:100%;\"\n\t\t\t\t\/>\n\t\t\t<\/a>\n\t\t<\/div>\n\t\t\t\t\t\t\t<\/div>\n\t\t\t\n\t\t\t\t<div id=\"ngg-image-9\" class=\"ngg-gallery-thumbnail-box\n\t\t\t\t\t\t\t\t\t\t\t\"\n\t\t\t>\n\t\t\t\t\t\t<div class=\"ngg-gallery-thumbnail\">\n\t\t\t<a href=\"https:\/\/www.events-bassen.de\/wp-content\/gallery\/suedafrika\/Unser-Jeep-in-Lesotho.jpg\"\n\t\t\t\ttitle=\"\"\n\t\t\t\tdata-src=\"https:\/\/www.events-bassen.de\/wp-content\/gallery\/suedafrika\/Unser-Jeep-in-Lesotho.jpg\"\n\t\t\t\tdata-thumbnail=\"https:\/\/www.events-bassen.de\/wp-content\/gallery\/suedafrika\/thumbs\/thumbs_Unser-Jeep-in-Lesotho.jpg\"\n\t\t\t\tdata-image-id=\"589\"\n\t\t\t\tdata-title=\"Unser Jeep in Lesotho\"\n\t\t\t\tdata-description=\"\"\n\t\t\t\tdata-image-slug=\"unser-jeep-in-lesotho\"\n\t\t\t\tclass=\"ngg-simplelightbox\" rel=\"e6e34b260e3d1644b05f29da3f7ae748\">\n\t\t\t\t<img\n\t\t\t\t\ttitle=\"Unser Jeep in Lesotho\"\n\t\t\t\t\talt=\"Unser Jeep in Lesotho\"\n\t\t\t\t\tsrc=\"https:\/\/www.events-bassen.de\/wp-content\/gallery\/suedafrika\/thumbs\/thumbs_Unser-Jeep-in-Lesotho.jpg\"\n\t\t\t\t\twidth=\"120\"\n\t\t\t\t\theight=\"80\"\n\t\t\t\t\tstyle=\"max-width:100%;\"\n\t\t\t\t\/>\n\t\t\t<\/a>\n\t\t<\/div>\n\t\t\t\t\t\t\t<\/div>\n\t\t\t\n\t\t\t\t<div id=\"ngg-image-10\" class=\"ngg-gallery-thumbnail-box\n\t\t\t\t\t\t\t\t\t\t\t\"\n\t\t\t>\n\t\t\t\t\t\t<div class=\"ngg-gallery-thumbnail\">\n\t\t\t<a href=\"https:\/\/www.events-bassen.de\/wp-content\/gallery\/suedafrika\/Der-Sani-Pass.jpg\"\n\t\t\t\ttitle=\"\"\n\t\t\t\tdata-src=\"https:\/\/www.events-bassen.de\/wp-content\/gallery\/suedafrika\/Der-Sani-Pass.jpg\"\n\t\t\t\tdata-thumbnail=\"https:\/\/www.events-bassen.de\/wp-content\/gallery\/suedafrika\/thumbs\/thumbs_Der-Sani-Pass.jpg\"\n\t\t\t\tdata-image-id=\"580\"\n\t\t\t\tdata-title=\"Sani Pass nach Lesotho\"\n\t\t\t\tdata-description=\"\"\n\t\t\t\tdata-image-slug=\"der-sani-pass\"\n\t\t\t\tclass=\"ngg-simplelightbox\" rel=\"e6e34b260e3d1644b05f29da3f7ae748\">\n\t\t\t\t<img\n\t\t\t\t\ttitle=\"Sani Pass nach Lesotho\"\n\t\t\t\t\talt=\"Sani Pass nach Lesotho\"\n\t\t\t\t\tsrc=\"https:\/\/www.events-bassen.de\/wp-content\/gallery\/suedafrika\/thumbs\/thumbs_Der-Sani-Pass.jpg\"\n\t\t\t\t\twidth=\"120\"\n\t\t\t\t\theight=\"80\"\n\t\t\t\t\tstyle=\"max-width:100%;\"\n\t\t\t\t\/>\n\t\t\t<\/a>\n\t\t<\/div>\n\t\t\t\t\t\t\t<\/div>\n\t\t\t\n\t\t\t\t<div id=\"ngg-image-11\" class=\"ngg-gallery-thumbnail-box\n\t\t\t\t\t\t\t\t\t\t\t\"\n\t\t\t>\n\t\t\t\t\t\t<div class=\"ngg-gallery-thumbnail\">\n\t\t\t<a href=\"https:\/\/www.events-bassen.de\/wp-content\/gallery\/suedafrika\/Victoria-F%C3%A4lle.jpg\"\n\t\t\t\ttitle=\"\"\n\t\t\t\tdata-src=\"https:\/\/www.events-bassen.de\/wp-content\/gallery\/suedafrika\/Victoria-F%C3%A4lle.jpg\"\n\t\t\t\tdata-thumbnail=\"https:\/\/www.events-bassen.de\/wp-content\/gallery\/suedafrika\/thumbs\/thumbs_Victoria-F%C3%A4lle.jpg\"\n\t\t\t\tdata-image-id=\"590\"\n\t\t\t\tdata-title=\"Victoria F\u00e4lle\"\n\t\t\t\tdata-description=\"\"\n\t\t\t\tdata-image-slug=\"victoria-f%c3%a4lle-1\"\n\t\t\t\tclass=\"ngg-simplelightbox\" rel=\"e6e34b260e3d1644b05f29da3f7ae748\">\n\t\t\t\t<img\n\t\t\t\t\ttitle=\"Victoria F\u00e4lle\"\n\t\t\t\t\talt=\"Victoria F\u00e4lle\"\n\t\t\t\t\tsrc=\"https:\/\/www.events-bassen.de\/wp-content\/gallery\/suedafrika\/thumbs\/thumbs_Victoria-F%C3%A4lle.jpg\"\n\t\t\t\t\twidth=\"120\"\n\t\t\t\t\theight=\"80\"\n\t\t\t\t\tstyle=\"max-width:100%;\"\n\t\t\t\t\/>\n\t\t\t<\/a>\n\t\t<\/div>\n\t\t\t\t\t\t\t<\/div>\n\t\t\t\n\t\t\t\t<div id=\"ngg-image-12\" class=\"ngg-gallery-thumbnail-box\n\t\t\t\t\t\t\t\t\t\t\t\"\n\t\t\t>\n\t\t\t\t\t\t<div class=\"ngg-gallery-thumbnail\">\n\t\t\t<a href=\"https:\/\/www.events-bassen.de\/wp-content\/gallery\/suedafrika\/B%C3%BCffelherde.jpg\"\n\t\t\t\ttitle=\"\"\n\t\t\t\tdata-src=\"https:\/\/www.events-bassen.de\/wp-content\/gallery\/suedafrika\/B%C3%BCffelherde.jpg\"\n\t\t\t\tdata-thumbnail=\"https:\/\/www.events-bassen.de\/wp-content\/gallery\/suedafrika\/thumbs\/thumbs_B%C3%BCffelherde.jpg\"\n\t\t\t\tdata-image-id=\"575\"\n\t\t\t\tdata-title=\"B\u00fcffelherde\"\n\t\t\t\tdata-description=\"\"\n\t\t\t\tdata-image-slug=\"b%c3%bcffelherde\"\n\t\t\t\tclass=\"ngg-simplelightbox\" rel=\"e6e34b260e3d1644b05f29da3f7ae748\">\n\t\t\t\t<img\n\t\t\t\t\ttitle=\"B\u00fcffelherde\"\n\t\t\t\t\talt=\"B\u00fcffelherde\"\n\t\t\t\t\tsrc=\"https:\/\/www.events-bassen.de\/wp-content\/gallery\/suedafrika\/thumbs\/thumbs_B%C3%BCffelherde.jpg\"\n\t\t\t\t\twidth=\"120\"\n\t\t\t\t\theight=\"80\"\n\t\t\t\t\tstyle=\"max-width:100%;\"\n\t\t\t\t\/>\n\t\t\t<\/a>\n\t\t<\/div>\n\t\t\t\t\t\t\t<\/div>\n\t\t\t\n\t\t\t\t<div id=\"ngg-image-13\" class=\"ngg-gallery-thumbnail-box\n\t\t\t\t\t\t\t\t\t\t\t\"\n\t\t\t>\n\t\t\t\t\t\t<div class=\"ngg-gallery-thumbnail\">\n\t\t\t<a href=\"https:\/\/www.events-bassen.de\/wp-content\/gallery\/suedafrika\/Gepard.jpg\"\n\t\t\t\ttitle=\"\"\n\t\t\t\tdata-src=\"https:\/\/www.events-bassen.de\/wp-content\/gallery\/suedafrika\/Gepard.jpg\"\n\t\t\t\tdata-thumbnail=\"https:\/\/www.events-bassen.de\/wp-content\/gallery\/suedafrika\/thumbs\/thumbs_Gepard.jpg\"\n\t\t\t\tdata-image-id=\"581\"\n\t\t\t\tdata-title=\"Gepard\"\n\t\t\t\tdata-description=\"\"\n\t\t\t\tdata-image-slug=\"gepard\"\n\t\t\t\tclass=\"ngg-simplelightbox\" rel=\"e6e34b260e3d1644b05f29da3f7ae748\">\n\t\t\t\t<img\n\t\t\t\t\ttitle=\"Gepard\"\n\t\t\t\t\talt=\"Gepard\"\n\t\t\t\t\tsrc=\"https:\/\/www.events-bassen.de\/wp-content\/gallery\/suedafrika\/thumbs\/thumbs_Gepard.jpg\"\n\t\t\t\t\twidth=\"120\"\n\t\t\t\t\theight=\"80\"\n\t\t\t\t\tstyle=\"max-width:100%;\"\n\t\t\t\t\/>\n\t\t\t<\/a>\n\t\t<\/div>\n\t\t\t\t\t\t\t<\/div>\n\t\t\t\n\t\t\t\t<div id=\"ngg-image-14\" class=\"ngg-gallery-thumbnail-box\n\t\t\t\t\t\t\t\t\t\t\t\"\n\t\t\t>\n\t\t\t\t\t\t<div class=\"ngg-gallery-thumbnail\">\n\t\t\t<a href=\"https:\/\/www.events-bassen.de\/wp-content\/gallery\/suedafrika\/Nashorn.jpg\"\n\t\t\t\ttitle=\"\"\n\t\t\t\tdata-src=\"https:\/\/www.events-bassen.de\/wp-content\/gallery\/suedafrika\/Nashorn.jpg\"\n\t\t\t\tdata-thumbnail=\"https:\/\/www.events-bassen.de\/wp-content\/gallery\/suedafrika\/thumbs\/thumbs_Nashorn.jpg\"\n\t\t\t\tdata-image-id=\"583\"\n\t\t\t\tdata-title=\"Nashorn\"\n\t\t\t\tdata-description=\"\"\n\t\t\t\tdata-image-slug=\"nashorn\"\n\t\t\t\tclass=\"ngg-simplelightbox\" rel=\"e6e34b260e3d1644b05f29da3f7ae748\">\n\t\t\t\t<img\n\t\t\t\t\ttitle=\"Nashorn\"\n\t\t\t\t\talt=\"Nashorn\"\n\t\t\t\t\tsrc=\"https:\/\/www.events-bassen.de\/wp-content\/gallery\/suedafrika\/thumbs\/thumbs_Nashorn.jpg\"\n\t\t\t\t\twidth=\"120\"\n\t\t\t\t\theight=\"80\"\n\t\t\t\t\tstyle=\"max-width:100%;\"\n\t\t\t\t\/>\n\t\t\t<\/a>\n\t\t<\/div>\n\t\t\t\t\t\t\t<\/div>\n\t\t\t\n\t\n\t<br style=\"clear: both\" \/>\n\n\t\n\t\t<!-- Pagination -->\n\t\t<div class='ngg-clear'><\/div>\t<\/div>\n<\/p>\n","protected":false},"excerpt":{"rendered":"<p>Seit dem 26. Juni 2015 bin ich wieder in Deutschland. 18 Monate musstet ihr leider auf Fotos und hoffentlich sch\u00f6ne Berichte von mir warten, doch jetzt wird alles wieder gut. S\u00fcdafrika hat mir und meiner Familie gut getan. Wir haben neben dem Alltag, den es auch in S\u00fcdafrika gibt, eine Menge Reisen unternommen und viele [&hellip;]<\/p>\n","protected":false},"author":1,"featured_media":0,"comment_status":"open","ping_status":"open","sticky":false,"template":"","format":"standard","meta":{"ngg_post_thumbnail":0,"footnotes":""},"categories":[1],"tags":[],"class_list":["post-7484","post","type-post","status-publish","format-standard","hentry","category-allgemein"],"_links":{"self":[{"href":"https:\/\/www.events-bassen.de\/index.php?rest_route=\/wp\/v2\/posts\/7484","targetHints":{"allow":["GET"]}}],"collection":[{"href":"https:\/\/www.events-bassen.de\/index.php?rest_route=\/wp\/v2\/posts"}],"about":[{"href":"https:\/\/www.events-bassen.de\/index.php?rest_route=\/wp\/v2\/types\/post"}],"author":[{"embeddable":true,"href":"https:\/\/www.events-bassen.de\/index.php?rest_route=\/wp\/v2\/users\/1"}],"replies":[{"embeddable":true,"href":"https:\/\/www.events-bassen.de\/index.php?rest_route=%2Fwp%2Fv2%2Fcomments&post=7484"}],"version-history":[{"count":4,"href":"https:\/\/www.events-bassen.de\/index.php?rest_route=\/wp\/v2\/posts\/7484\/revisions"}],"predecessor-version":[{"id":7525,"href":"https:\/\/www.events-bassen.de\/index.php?rest_route=\/wp\/v2\/posts\/7484\/revisions\/7525"}],"wp:attachment":[{"href":"https:\/\/www.events-bassen.de\/index.php?rest_route=%2Fwp%2Fv2%2Fmedia&parent=7484"}],"wp:term":[{"taxonomy":"category","embeddable":true,"href":"https:\/\/www.events-bassen.de\/index.php?rest_route=%2Fwp%2Fv2%2Fcategories&post=7484"},{"taxonomy":"post_tag","embeddable":true,"href":"https:\/\/www.events-bassen.de\/index.php?rest_route=%2Fwp%2Fv2%2Ftags&post=7484"}],"curies":[{"name":"wp","href":"https:\/\/api.w.org\/{rel}","templated":true}]}}