{"id":7697,"date":"2015-09-06T11:41:17","date_gmt":"2015-09-06T11:41:17","guid":{"rendered":"http:\/\/www.events-bassen.de\/?p=7697"},"modified":"2015-09-07T08:08:41","modified_gmt":"2015-09-07T08:08:41","slug":"erntefest-2015-laternenumzug-und-disco-for-kids","status":"publish","type":"post","link":"https:\/\/www.events-bassen.de\/?p=7697","title":{"rendered":"Erntefest 2015 &#8211; Laternenumzug und Disco for Kids"},"content":{"rendered":"<p style=\"text-align: justify;\">Dieses Jahr findet der Laternenumzug wieder an einem Freitag\u00a0 und zu sp\u00e4terer Stunde statt. Die letzten Jahre war es f\u00fcr die Kleinen recht anstrengend am Freitag Morgen aus den Federn zu kommen, da sie wieder zur Schule oder in den Kindergarten mussten. Nun k\u00f6nnen die Kinder den Samstag endlich mal <!--more-->ausschlafen. Ausserdem ist es nun schon dunkler, wenn die Laternen durch den Ort getragen werden. An drei Stationen wurde wieder gemeinsam mit Eltern und Kindern gesungen, die Lieder wurden von Toddy auf der Drehorgel begleitet.<br \/>\nAnschliessend fand die Disco for Kids statt. Dort konnte der diesj\u00e4hrige DJ Marcus Winter (<a href=\"http:\/\/www.rentmw.de\/\">http:\/\/www.rentmw.de\/<\/a>) sein Abendprogramm f\u00fcr die &#8222;Grossen&#8220; testen. Mit verschiedenen Spielen versuchte er die Meute m\u00fcde zu machen. Aber die Kleinen waren nicht m\u00fcde zu bekommen, so musste er noch die Reise nach Jerusalem und Limbo Dance bringen. Die letzten Kinder waren dann nach einer harten Ruderpartie mit Achim Reichel bedient und konnten dann endlich nach Hause gehen.<\/p>\n<p style=\"text-align: justify;\"><span style=\"color: #ff6600;\">Info: Falls hier Fotos eingestellt wurden, die nicht \u00f6ffentlich zu sehen sein sollen, bitte kurze Info an mich. Werde die Fotos dann umgehend entfernen.<\/span><\/p>\n<p><small><code>[fb-like-button]<\/code><\/small><\/p>\n<p><!-- default-view.php -->\n<div\n\tclass=\"ngg-galleryoverview default-view\n\t ngg-ajax-pagination-none\t\"\n\tid=\"ngg-gallery-f0cc93773958b743753dca6b41f8f42a-1\">\n\n\t\t<!-- Thumbnails -->\n\t\t\t\t<div id=\"ngg-image-0\" class=\"ngg-gallery-thumbnail-box\n\t\t\t\t\t\t\t\t\t\t\t\"\n\t\t\t>\n\t\t\t\t\t\t<div class=\"ngg-gallery-thumbnail\">\n\t\t\t<a href=\"https:\/\/www.events-bassen.de\/wp-content\/gallery\/2015-disco-for-kids\/MG_2653.jpg\"\n\t\t\t\ttitle=\"\"\n\t\t\t\tdata-src=\"https:\/\/www.events-bassen.de\/wp-content\/gallery\/2015-disco-for-kids\/MG_2653.jpg\"\n\t\t\t\tdata-thumbnail=\"https:\/\/www.events-bassen.de\/wp-content\/gallery\/2015-disco-for-kids\/thumbs\/thumbs_MG_2653.jpg\"\n\t\t\t\tdata-image-id=\"800\"\n\t\t\t\tdata-title=\"_MG_2653\"\n\t\t\t\tdata-description=\"\"\n\t\t\t\tdata-image-slug=\"_mg_2653\"\n\t\t\t\tclass=\"ngg-simplelightbox\" rel=\"f0cc93773958b743753dca6b41f8f42a\">\n\t\t\t\t<img\n\t\t\t\t\ttitle=\"_MG_2653\"\n\t\t\t\t\talt=\"_MG_2653\"\n\t\t\t\t\tsrc=\"https:\/\/www.events-bassen.de\/wp-content\/gallery\/2015-disco-for-kids\/thumbs\/thumbs_MG_2653.jpg\"\n\t\t\t\t\twidth=\"120\"\n\t\t\t\t\theight=\"80\"\n\t\t\t\t\tstyle=\"max-width:100%;\"\n\t\t\t\t\/>\n\t\t\t<\/a>\n\t\t<\/div>\n\t\t\t\t\t\t\t<\/div>\n\t\t\t\n\t\t\t\t<div id=\"ngg-image-1\" class=\"ngg-gallery-thumbnail-box\n\t\t\t\t\t\t\t\t\t\t\t\"\n\t\t\t>\n\t\t\t\t\t\t<div class=\"ngg-gallery-thumbnail\">\n\t\t\t<a href=\"https:\/\/www.events-bassen.de\/wp-content\/gallery\/2015-disco-for-kids\/MG_2654.jpg\"\n\t\t\t\ttitle=\"\"\n\t\t\t\tdata-src=\"https:\/\/www.events-bassen.de\/wp-content\/gallery\/2015-disco-for-kids\/MG_2654.jpg\"\n\t\t\t\tdata-thumbnail=\"https:\/\/www.events-bassen.de\/wp-content\/gallery\/2015-disco-for-kids\/thumbs\/thumbs_MG_2654.jpg\"\n\t\t\t\tdata-image-id=\"801\"\n\t\t\t\tdata-title=\"_MG_2654\"\n\t\t\t\tdata-description=\"\"\n\t\t\t\tdata-image-slug=\"_mg_2654\"\n\t\t\t\tclass=\"ngg-simplelightbox\" rel=\"f0cc93773958b743753dca6b41f8f42a\">\n\t\t\t\t<img\n\t\t\t\t\ttitle=\"_MG_2654\"\n\t\t\t\t\talt=\"_MG_2654\"\n\t\t\t\t\tsrc=\"https:\/\/www.events-bassen.de\/wp-content\/gallery\/2015-disco-for-kids\/thumbs\/thumbs_MG_2654.jpg\"\n\t\t\t\t\twidth=\"120\"\n\t\t\t\t\theight=\"80\"\n\t\t\t\t\tstyle=\"max-width:100%;\"\n\t\t\t\t\/>\n\t\t\t<\/a>\n\t\t<\/div>\n\t\t\t\t\t\t\t<\/div>\n\t\t\t\n\t\t\t\t<div id=\"ngg-image-2\" class=\"ngg-gallery-thumbnail-box\n\t\t\t\t\t\t\t\t\t\t\t\"\n\t\t\t>\n\t\t\t\t\t\t<div class=\"ngg-gallery-thumbnail\">\n\t\t\t<a href=\"https:\/\/www.events-bassen.de\/wp-content\/gallery\/2015-disco-for-kids\/MG_2655.jpg\"\n\t\t\t\ttitle=\"\"\n\t\t\t\tdata-src=\"https:\/\/www.events-bassen.de\/wp-content\/gallery\/2015-disco-for-kids\/MG_2655.jpg\"\n\t\t\t\tdata-thumbnail=\"https:\/\/www.events-bassen.de\/wp-content\/gallery\/2015-disco-for-kids\/thumbs\/thumbs_MG_2655.jpg\"\n\t\t\t\tdata-image-id=\"802\"\n\t\t\t\tdata-title=\"_MG_2655\"\n\t\t\t\tdata-description=\"\"\n\t\t\t\tdata-image-slug=\"_mg_2655\"\n\t\t\t\tclass=\"ngg-simplelightbox\" rel=\"f0cc93773958b743753dca6b41f8f42a\">\n\t\t\t\t<img\n\t\t\t\t\ttitle=\"_MG_2655\"\n\t\t\t\t\talt=\"_MG_2655\"\n\t\t\t\t\tsrc=\"https:\/\/www.events-bassen.de\/wp-content\/gallery\/2015-disco-for-kids\/thumbs\/thumbs_MG_2655.jpg\"\n\t\t\t\t\twidth=\"120\"\n\t\t\t\t\theight=\"80\"\n\t\t\t\t\tstyle=\"max-width:100%;\"\n\t\t\t\t\/>\n\t\t\t<\/a>\n\t\t<\/div>\n\t\t\t\t\t\t\t<\/div>\n\t\t\t\n\t\t\t\t<div id=\"ngg-image-3\" class=\"ngg-gallery-thumbnail-box\n\t\t\t\t\t\t\t\t\t\t\t\"\n\t\t\t>\n\t\t\t\t\t\t<div class=\"ngg-gallery-thumbnail\">\n\t\t\t<a href=\"https:\/\/www.events-bassen.de\/wp-content\/gallery\/2015-disco-for-kids\/MG_2656.jpg\"\n\t\t\t\ttitle=\"\"\n\t\t\t\tdata-src=\"https:\/\/www.events-bassen.de\/wp-content\/gallery\/2015-disco-for-kids\/MG_2656.jpg\"\n\t\t\t\tdata-thumbnail=\"https:\/\/www.events-bassen.de\/wp-content\/gallery\/2015-disco-for-kids\/thumbs\/thumbs_MG_2656.jpg\"\n\t\t\t\tdata-image-id=\"803\"\n\t\t\t\tdata-title=\"_MG_2656\"\n\t\t\t\tdata-description=\"\"\n\t\t\t\tdata-image-slug=\"_mg_2656\"\n\t\t\t\tclass=\"ngg-simplelightbox\" rel=\"f0cc93773958b743753dca6b41f8f42a\">\n\t\t\t\t<img\n\t\t\t\t\ttitle=\"_MG_2656\"\n\t\t\t\t\talt=\"_MG_2656\"\n\t\t\t\t\tsrc=\"https:\/\/www.events-bassen.de\/wp-content\/gallery\/2015-disco-for-kids\/thumbs\/thumbs_MG_2656.jpg\"\n\t\t\t\t\twidth=\"120\"\n\t\t\t\t\theight=\"80\"\n\t\t\t\t\tstyle=\"max-width:100%;\"\n\t\t\t\t\/>\n\t\t\t<\/a>\n\t\t<\/div>\n\t\t\t\t\t\t\t<\/div>\n\t\t\t\n\t\t\t\t<div id=\"ngg-image-4\" class=\"ngg-gallery-thumbnail-box\n\t\t\t\t\t\t\t\t\t\t\t\"\n\t\t\t>\n\t\t\t\t\t\t<div class=\"ngg-gallery-thumbnail\">\n\t\t\t<a href=\"https:\/\/www.events-bassen.de\/wp-content\/gallery\/2015-disco-for-kids\/MG_2657.jpg\"\n\t\t\t\ttitle=\"\"\n\t\t\t\tdata-src=\"https:\/\/www.events-bassen.de\/wp-content\/gallery\/2015-disco-for-kids\/MG_2657.jpg\"\n\t\t\t\tdata-thumbnail=\"https:\/\/www.events-bassen.de\/wp-content\/gallery\/2015-disco-for-kids\/thumbs\/thumbs_MG_2657.jpg\"\n\t\t\t\tdata-image-id=\"804\"\n\t\t\t\tdata-title=\"_MG_2657\"\n\t\t\t\tdata-description=\"\"\n\t\t\t\tdata-image-slug=\"_mg_2657\"\n\t\t\t\tclass=\"ngg-simplelightbox\" rel=\"f0cc93773958b743753dca6b41f8f42a\">\n\t\t\t\t<img\n\t\t\t\t\ttitle=\"_MG_2657\"\n\t\t\t\t\talt=\"_MG_2657\"\n\t\t\t\t\tsrc=\"https:\/\/www.events-bassen.de\/wp-content\/gallery\/2015-disco-for-kids\/thumbs\/thumbs_MG_2657.jpg\"\n\t\t\t\t\twidth=\"120\"\n\t\t\t\t\theight=\"80\"\n\t\t\t\t\tstyle=\"max-width:100%;\"\n\t\t\t\t\/>\n\t\t\t<\/a>\n\t\t<\/div>\n\t\t\t\t\t\t\t<\/div>\n\t\t\t\n\t\t\t\t<div id=\"ngg-image-5\" class=\"ngg-gallery-thumbnail-box\n\t\t\t\t\t\t\t\t\t\t\t\"\n\t\t\t>\n\t\t\t\t\t\t<div class=\"ngg-gallery-thumbnail\">\n\t\t\t<a href=\"https:\/\/www.events-bassen.de\/wp-content\/gallery\/2015-disco-for-kids\/MG_2658.jpg\"\n\t\t\t\ttitle=\"\"\n\t\t\t\tdata-src=\"https:\/\/www.events-bassen.de\/wp-content\/gallery\/2015-disco-for-kids\/MG_2658.jpg\"\n\t\t\t\tdata-thumbnail=\"https:\/\/www.events-bassen.de\/wp-content\/gallery\/2015-disco-for-kids\/thumbs\/thumbs_MG_2658.jpg\"\n\t\t\t\tdata-image-id=\"805\"\n\t\t\t\tdata-title=\"_MG_2658\"\n\t\t\t\tdata-description=\"\"\n\t\t\t\tdata-image-slug=\"_mg_2658\"\n\t\t\t\tclass=\"ngg-simplelightbox\" rel=\"f0cc93773958b743753dca6b41f8f42a\">\n\t\t\t\t<img\n\t\t\t\t\ttitle=\"_MG_2658\"\n\t\t\t\t\talt=\"_MG_2658\"\n\t\t\t\t\tsrc=\"https:\/\/www.events-bassen.de\/wp-content\/gallery\/2015-disco-for-kids\/thumbs\/thumbs_MG_2658.jpg\"\n\t\t\t\t\twidth=\"120\"\n\t\t\t\t\theight=\"80\"\n\t\t\t\t\tstyle=\"max-width:100%;\"\n\t\t\t\t\/>\n\t\t\t<\/a>\n\t\t<\/div>\n\t\t\t\t\t\t\t<\/div>\n\t\t\t\n\t\t\t\t<div id=\"ngg-image-6\" class=\"ngg-gallery-thumbnail-box\n\t\t\t\t\t\t\t\t\t\t\t\"\n\t\t\t>\n\t\t\t\t\t\t<div class=\"ngg-gallery-thumbnail\">\n\t\t\t<a href=\"https:\/\/www.events-bassen.de\/wp-content\/gallery\/2015-disco-for-kids\/MG_2659.jpg\"\n\t\t\t\ttitle=\"\"\n\t\t\t\tdata-src=\"https:\/\/www.events-bassen.de\/wp-content\/gallery\/2015-disco-for-kids\/MG_2659.jpg\"\n\t\t\t\tdata-thumbnail=\"https:\/\/www.events-bassen.de\/wp-content\/gallery\/2015-disco-for-kids\/thumbs\/thumbs_MG_2659.jpg\"\n\t\t\t\tdata-image-id=\"806\"\n\t\t\t\tdata-title=\"_MG_2659\"\n\t\t\t\tdata-description=\"\"\n\t\t\t\tdata-image-slug=\"_mg_2659\"\n\t\t\t\tclass=\"ngg-simplelightbox\" rel=\"f0cc93773958b743753dca6b41f8f42a\">\n\t\t\t\t<img\n\t\t\t\t\ttitle=\"_MG_2659\"\n\t\t\t\t\talt=\"_MG_2659\"\n\t\t\t\t\tsrc=\"https:\/\/www.events-bassen.de\/wp-content\/gallery\/2015-disco-for-kids\/thumbs\/thumbs_MG_2659.jpg\"\n\t\t\t\t\twidth=\"120\"\n\t\t\t\t\theight=\"80\"\n\t\t\t\t\tstyle=\"max-width:100%;\"\n\t\t\t\t\/>\n\t\t\t<\/a>\n\t\t<\/div>\n\t\t\t\t\t\t\t<\/div>\n\t\t\t\n\t\t\t\t<div id=\"ngg-image-7\" class=\"ngg-gallery-thumbnail-box\n\t\t\t\t\t\t\t\t\t\t\t\"\n\t\t\t>\n\t\t\t\t\t\t<div class=\"ngg-gallery-thumbnail\">\n\t\t\t<a href=\"https:\/\/www.events-bassen.de\/wp-content\/gallery\/2015-disco-for-kids\/MG_2660.jpg\"\n\t\t\t\ttitle=\"\"\n\t\t\t\tdata-src=\"https:\/\/www.events-bassen.de\/wp-content\/gallery\/2015-disco-for-kids\/MG_2660.jpg\"\n\t\t\t\tdata-thumbnail=\"https:\/\/www.events-bassen.de\/wp-content\/gallery\/2015-disco-for-kids\/thumbs\/thumbs_MG_2660.jpg\"\n\t\t\t\tdata-image-id=\"807\"\n\t\t\t\tdata-title=\"_MG_2660\"\n\t\t\t\tdata-description=\"\"\n\t\t\t\tdata-image-slug=\"_mg_2660\"\n\t\t\t\tclass=\"ngg-simplelightbox\" rel=\"f0cc93773958b743753dca6b41f8f42a\">\n\t\t\t\t<img\n\t\t\t\t\ttitle=\"_MG_2660\"\n\t\t\t\t\talt=\"_MG_2660\"\n\t\t\t\t\tsrc=\"https:\/\/www.events-bassen.de\/wp-content\/gallery\/2015-disco-for-kids\/thumbs\/thumbs_MG_2660.jpg\"\n\t\t\t\t\twidth=\"120\"\n\t\t\t\t\theight=\"80\"\n\t\t\t\t\tstyle=\"max-width:100%;\"\n\t\t\t\t\/>\n\t\t\t<\/a>\n\t\t<\/div>\n\t\t\t\t\t\t\t<\/div>\n\t\t\t\n\t\t\t\t<div id=\"ngg-image-8\" class=\"ngg-gallery-thumbnail-box\n\t\t\t\t\t\t\t\t\t\t\t\"\n\t\t\t>\n\t\t\t\t\t\t<div class=\"ngg-gallery-thumbnail\">\n\t\t\t<a href=\"https:\/\/www.events-bassen.de\/wp-content\/gallery\/2015-disco-for-kids\/MG_2661.jpg\"\n\t\t\t\ttitle=\"\"\n\t\t\t\tdata-src=\"https:\/\/www.events-bassen.de\/wp-content\/gallery\/2015-disco-for-kids\/MG_2661.jpg\"\n\t\t\t\tdata-thumbnail=\"https:\/\/www.events-bassen.de\/wp-content\/gallery\/2015-disco-for-kids\/thumbs\/thumbs_MG_2661.jpg\"\n\t\t\t\tdata-image-id=\"808\"\n\t\t\t\tdata-title=\"_MG_2661\"\n\t\t\t\tdata-description=\"\"\n\t\t\t\tdata-image-slug=\"_mg_2661\"\n\t\t\t\tclass=\"ngg-simplelightbox\" rel=\"f0cc93773958b743753dca6b41f8f42a\">\n\t\t\t\t<img\n\t\t\t\t\ttitle=\"_MG_2661\"\n\t\t\t\t\talt=\"_MG_2661\"\n\t\t\t\t\tsrc=\"https:\/\/www.events-bassen.de\/wp-content\/gallery\/2015-disco-for-kids\/thumbs\/thumbs_MG_2661.jpg\"\n\t\t\t\t\twidth=\"120\"\n\t\t\t\t\theight=\"80\"\n\t\t\t\t\tstyle=\"max-width:100%;\"\n\t\t\t\t\/>\n\t\t\t<\/a>\n\t\t<\/div>\n\t\t\t\t\t\t\t<\/div>\n\t\t\t\n\t\t\t\t<div id=\"ngg-image-9\" class=\"ngg-gallery-thumbnail-box\n\t\t\t\t\t\t\t\t\t\t\t\"\n\t\t\t>\n\t\t\t\t\t\t<div class=\"ngg-gallery-thumbnail\">\n\t\t\t<a href=\"https:\/\/www.events-bassen.de\/wp-content\/gallery\/2015-disco-for-kids\/MG_2662.jpg\"\n\t\t\t\ttitle=\"\"\n\t\t\t\tdata-src=\"https:\/\/www.events-bassen.de\/wp-content\/gallery\/2015-disco-for-kids\/MG_2662.jpg\"\n\t\t\t\tdata-thumbnail=\"https:\/\/www.events-bassen.de\/wp-content\/gallery\/2015-disco-for-kids\/thumbs\/thumbs_MG_2662.jpg\"\n\t\t\t\tdata-image-id=\"809\"\n\t\t\t\tdata-title=\"_MG_2662\"\n\t\t\t\tdata-description=\"\"\n\t\t\t\tdata-image-slug=\"_mg_2662\"\n\t\t\t\tclass=\"ngg-simplelightbox\" rel=\"f0cc93773958b743753dca6b41f8f42a\">\n\t\t\t\t<img\n\t\t\t\t\ttitle=\"_MG_2662\"\n\t\t\t\t\talt=\"_MG_2662\"\n\t\t\t\t\tsrc=\"https:\/\/www.events-bassen.de\/wp-content\/gallery\/2015-disco-for-kids\/thumbs\/thumbs_MG_2662.jpg\"\n\t\t\t\t\twidth=\"120\"\n\t\t\t\t\theight=\"80\"\n\t\t\t\t\tstyle=\"max-width:100%;\"\n\t\t\t\t\/>\n\t\t\t<\/a>\n\t\t<\/div>\n\t\t\t\t\t\t\t<\/div>\n\t\t\t\n\t\n\t<br style=\"clear: both\" \/>\n\n\t\n\t\t<!-- Pagination -->\n\t\t<div class='ngg-clear'><\/div>\t<\/div>\n<\/p>\n","protected":false},"excerpt":{"rendered":"<p>Dieses Jahr findet der Laternenumzug wieder an einem Freitag\u00a0 und zu sp\u00e4terer Stunde statt. Die letzten Jahre war es f\u00fcr die Kleinen recht anstrengend am Freitag Morgen aus den Federn zu kommen, da sie wieder zur Schule oder in den Kindergarten mussten. Nun k\u00f6nnen die Kinder den Samstag endlich mal<\/p>\n","protected":false},"author":1,"featured_media":0,"comment_status":"open","ping_status":"open","sticky":false,"template":"","format":"standard","meta":{"ngg_post_thumbnail":0,"footnotes":""},"categories":[1,3],"tags":[187,184],"class_list":["post-7697","post","type-post","status-publish","format-standard","hentry","category-allgemein","category-erntefest","tag-disco-for-kids","tag-erntefest-2015"],"_links":{"self":[{"href":"https:\/\/www.events-bassen.de\/index.php?rest_route=\/wp\/v2\/posts\/7697","targetHints":{"allow":["GET"]}}],"collection":[{"href":"https:\/\/www.events-bassen.de\/index.php?rest_route=\/wp\/v2\/posts"}],"about":[{"href":"https:\/\/www.events-bassen.de\/index.php?rest_route=\/wp\/v2\/types\/post"}],"author":[{"embeddable":true,"href":"https:\/\/www.events-bassen.de\/index.php?rest_route=\/wp\/v2\/users\/1"}],"replies":[{"embeddable":true,"href":"https:\/\/www.events-bassen.de\/index.php?rest_route=%2Fwp%2Fv2%2Fcomments&post=7697"}],"version-history":[{"count":14,"href":"https:\/\/www.events-bassen.de\/index.php?rest_route=\/wp\/v2\/posts\/7697\/revisions"}],"predecessor-version":[{"id":8055,"href":"https:\/\/www.events-bassen.de\/index.php?rest_route=\/wp\/v2\/posts\/7697\/revisions\/8055"}],"wp:attachment":[{"href":"https:\/\/www.events-bassen.de\/index.php?rest_route=%2Fwp%2Fv2%2Fmedia&parent=7697"}],"wp:term":[{"taxonomy":"category","embeddable":true,"href":"https:\/\/www.events-bassen.de\/index.php?rest_route=%2Fwp%2Fv2%2Fcategories&post=7697"},{"taxonomy":"post_tag","embeddable":true,"href":"https:\/\/www.events-bassen.de\/index.php?rest_route=%2Fwp%2Fv2%2Ftags&post=7697"}],"curies":[{"name":"wp","href":"https:\/\/api.w.org\/{rel}","templated":true}]}}