{"id":7699,"date":"2015-09-06T20:21:33","date_gmt":"2015-09-06T20:21:33","guid":{"rendered":"http:\/\/www.events-bassen.de\/?p=7699"},"modified":"2015-09-08T07:00:00","modified_gmt":"2015-09-08T07:00:00","slug":"erntefest-2015-ernteumzug","status":"publish","type":"post","link":"https:\/\/www.events-bassen.de\/?p=7699","title":{"rendered":"Erntefest 2015 &#8211; Ernteumzug"},"content":{"rendered":"<p style=\"text-align: justify;\">Die Aufstellung der 51 Erntewagen begann wie immer gegen 13 Uhr. St\u00fcck f\u00fcr St\u00fcck reihten sich die bunten und prunkvoll geschm\u00fcckten Wagen in die Schlange ein. Nach Herausforderung der Erntekrone durch den Erntebr\u00e4utigam setzte sich der Ernteumzug langsam in Gang. Mit etwas Versp\u00e4tung startete der Umzug in Richtung Heidort. <!--more-->Der Umzug wurde wie immer von der Freiwilligen Feuerwehr Bassen begleitet, um f\u00fcr alle Teilnehmer eine gute Sicherheit zu gew\u00e4hren. Die Polizei sorgte f\u00fcr die kurzzeitige Sperrung der L168.<\/p>\n<p style=\"text-align: justify;\">Folgende Route wurde dieses Jahr gefahren: (Feldstra\u00dfe &#8211; Bassener Dorfstra\u00dfe &#8211; Im Dorfe &#8211; Gro\u00dfe Stra\u00dfe &#8211; Heidort &#8211; Grenzweg &#8211; Heidekamp &#8211; Gro\u00dfe Stra\u00dfe &#8211; Dohmstra\u00dfe &#8211; Kornblumenweg &#8211; Tulpenweg &#8211; Mohnblumenweg &#8211; K\u00f6bens &#8211; Kronskamp &#8211; Heckenweg &#8211; Blocks Huus).<\/p>\n<p style=\"text-align: justify;\">W\u00e4hrend dessen konnte man im Blocks Huus bei Kaffee und Kuchen auf die R\u00fcckkehr des Erntezuges warten.<br \/>\nNach R\u00fcckkehr aller Umzugswagen fand die Pr\u00e4mierung statt, die dieses Jahr folgenderma\u00dfen aussah:<br \/>\n<span style=\"text-decoration: underline;\">Erntewagen:<\/span><br \/>\nPlatz 1 &#8211; Golfclub Bassen<br \/>\nPlatz 2 &#8211; Bassener Goldgr\u00e4ber<br \/>\nPlatz 3 &#8211; B\u00fcttenwarder<\/p>\n<p><span style=\"text-decoration: underline;\">Kinderwagen:<\/span><br \/>\nPlatz 1 &#8211; Tom &amp; Jerry<br \/>\nPlatz 2 &#8211; Bassener Kaninchen<br \/>\nPlatz 3 &#8211; Bassen isst bunt<\/p>\n<p style=\"text-align: justify;\">Dann ging die After Party los. Die Live Band M.A.C. startete gegen 20 Uhr mit ihrem ersten Set. In den Pausen legte der leicht angeschlagene DJ einen guten Mix auf die Lautsprecher. Bis fr\u00fch in den Sonntag Morgen tanzten und tranken die Bassener im Blocks Huus.<\/p>\n<p><span style=\"color: #ff6600;\">Info: Falls hier Fotos eingestellt wurden, die nicht \u00f6ffentlich zu sehen sein sollen, bitte kurze Info an mich. Werde die Fotos dann umgehend entfernen.<\/span><\/p>\n<p><small><code>[fb-like-button]<\/code><\/small><\/p>\n<p><!-- default-view.php -->\n<div\n\tclass=\"ngg-galleryoverview default-view\n\t ngg-ajax-pagination-none\t\"\n\tid=\"ngg-gallery-cfd2605a49b51d9378aac4fcb4456663-1\">\n\n\t\t<!-- Thumbnails -->\n\t\t\t\t<div id=\"ngg-image-0\" class=\"ngg-gallery-thumbnail-box\n\t\t\t\t\t\t\t\t\t\t\t\"\n\t\t\t>\n\t\t\t\t\t\t<div class=\"ngg-gallery-thumbnail\">\n\t\t\t<a href=\"https:\/\/www.events-bassen.de\/wp-content\/gallery\/2015-ernteumzug\/IMG_1146.jpg\"\n\t\t\t\ttitle=\"\"\n\t\t\t\tdata-src=\"https:\/\/www.events-bassen.de\/wp-content\/gallery\/2015-ernteumzug\/IMG_1146.jpg\"\n\t\t\t\tdata-thumbnail=\"https:\/\/www.events-bassen.de\/wp-content\/gallery\/2015-ernteumzug\/thumbs\/thumbs_IMG_1146.jpg\"\n\t\t\t\tdata-image-id=\"941\"\n\t\t\t\tdata-title=\"IMG_1146\"\n\t\t\t\tdata-description=\"\"\n\t\t\t\tdata-image-slug=\"img_1146\"\n\t\t\t\tclass=\"ngg-simplelightbox\" rel=\"cfd2605a49b51d9378aac4fcb4456663\">\n\t\t\t\t<img\n\t\t\t\t\ttitle=\"IMG_1146\"\n\t\t\t\t\talt=\"IMG_1146\"\n\t\t\t\t\tsrc=\"https:\/\/www.events-bassen.de\/wp-content\/gallery\/2015-ernteumzug\/thumbs\/thumbs_IMG_1146.jpg\"\n\t\t\t\t\twidth=\"120\"\n\t\t\t\t\theight=\"80\"\n\t\t\t\t\tstyle=\"max-width:100%;\"\n\t\t\t\t\/>\n\t\t\t<\/a>\n\t\t<\/div>\n\t\t\t\t\t\t\t<\/div>\n\t\t\t\n\t\t\t\t<div id=\"ngg-image-1\" class=\"ngg-gallery-thumbnail-box\n\t\t\t\t\t\t\t\t\t\t\t\"\n\t\t\t>\n\t\t\t\t\t\t<div class=\"ngg-gallery-thumbnail\">\n\t\t\t<a href=\"https:\/\/www.events-bassen.de\/wp-content\/gallery\/2015-ernteumzug\/IMG_1160.jpg\"\n\t\t\t\ttitle=\"\"\n\t\t\t\tdata-src=\"https:\/\/www.events-bassen.de\/wp-content\/gallery\/2015-ernteumzug\/IMG_1160.jpg\"\n\t\t\t\tdata-thumbnail=\"https:\/\/www.events-bassen.de\/wp-content\/gallery\/2015-ernteumzug\/thumbs\/thumbs_IMG_1160.jpg\"\n\t\t\t\tdata-image-id=\"943\"\n\t\t\t\tdata-title=\"IMG_1160\"\n\t\t\t\tdata-description=\"\"\n\t\t\t\tdata-image-slug=\"img_1160\"\n\t\t\t\tclass=\"ngg-simplelightbox\" rel=\"cfd2605a49b51d9378aac4fcb4456663\">\n\t\t\t\t<img\n\t\t\t\t\ttitle=\"IMG_1160\"\n\t\t\t\t\talt=\"IMG_1160\"\n\t\t\t\t\tsrc=\"https:\/\/www.events-bassen.de\/wp-content\/gallery\/2015-ernteumzug\/thumbs\/thumbs_IMG_1160.jpg\"\n\t\t\t\t\twidth=\"120\"\n\t\t\t\t\theight=\"80\"\n\t\t\t\t\tstyle=\"max-width:100%;\"\n\t\t\t\t\/>\n\t\t\t<\/a>\n\t\t<\/div>\n\t\t\t\t\t\t\t<\/div>\n\t\t\t\n\t\t\t\t<div id=\"ngg-image-2\" class=\"ngg-gallery-thumbnail-box\n\t\t\t\t\t\t\t\t\t\t\t\"\n\t\t\t>\n\t\t\t\t\t\t<div class=\"ngg-gallery-thumbnail\">\n\t\t\t<a href=\"https:\/\/www.events-bassen.de\/wp-content\/gallery\/2015-ernteumzug\/IMG_1174.jpg\"\n\t\t\t\ttitle=\"\"\n\t\t\t\tdata-src=\"https:\/\/www.events-bassen.de\/wp-content\/gallery\/2015-ernteumzug\/IMG_1174.jpg\"\n\t\t\t\tdata-thumbnail=\"https:\/\/www.events-bassen.de\/wp-content\/gallery\/2015-ernteumzug\/thumbs\/thumbs_IMG_1174.jpg\"\n\t\t\t\tdata-image-id=\"946\"\n\t\t\t\tdata-title=\"IMG_1174\"\n\t\t\t\tdata-description=\"\"\n\t\t\t\tdata-image-slug=\"img_1174\"\n\t\t\t\tclass=\"ngg-simplelightbox\" rel=\"cfd2605a49b51d9378aac4fcb4456663\">\n\t\t\t\t<img\n\t\t\t\t\ttitle=\"IMG_1174\"\n\t\t\t\t\talt=\"IMG_1174\"\n\t\t\t\t\tsrc=\"https:\/\/www.events-bassen.de\/wp-content\/gallery\/2015-ernteumzug\/thumbs\/thumbs_IMG_1174.jpg\"\n\t\t\t\t\twidth=\"120\"\n\t\t\t\t\theight=\"80\"\n\t\t\t\t\tstyle=\"max-width:100%;\"\n\t\t\t\t\/>\n\t\t\t<\/a>\n\t\t<\/div>\n\t\t\t\t\t\t\t<\/div>\n\t\t\t\n\t\t\t\t<div id=\"ngg-image-3\" class=\"ngg-gallery-thumbnail-box\n\t\t\t\t\t\t\t\t\t\t\t\"\n\t\t\t>\n\t\t\t\t\t\t<div class=\"ngg-gallery-thumbnail\">\n\t\t\t<a href=\"https:\/\/www.events-bassen.de\/wp-content\/gallery\/2015-ernteumzug\/IMG_1176.jpg\"\n\t\t\t\ttitle=\"\"\n\t\t\t\tdata-src=\"https:\/\/www.events-bassen.de\/wp-content\/gallery\/2015-ernteumzug\/IMG_1176.jpg\"\n\t\t\t\tdata-thumbnail=\"https:\/\/www.events-bassen.de\/wp-content\/gallery\/2015-ernteumzug\/thumbs\/thumbs_IMG_1176.jpg\"\n\t\t\t\tdata-image-id=\"947\"\n\t\t\t\tdata-title=\"IMG_1176\"\n\t\t\t\tdata-description=\"\"\n\t\t\t\tdata-image-slug=\"img_1176\"\n\t\t\t\tclass=\"ngg-simplelightbox\" rel=\"cfd2605a49b51d9378aac4fcb4456663\">\n\t\t\t\t<img\n\t\t\t\t\ttitle=\"IMG_1176\"\n\t\t\t\t\talt=\"IMG_1176\"\n\t\t\t\t\tsrc=\"https:\/\/www.events-bassen.de\/wp-content\/gallery\/2015-ernteumzug\/thumbs\/thumbs_IMG_1176.jpg\"\n\t\t\t\t\twidth=\"120\"\n\t\t\t\t\theight=\"80\"\n\t\t\t\t\tstyle=\"max-width:100%;\"\n\t\t\t\t\/>\n\t\t\t<\/a>\n\t\t<\/div>\n\t\t\t\t\t\t\t<\/div>\n\t\t\t\n\t\t\t\t<div id=\"ngg-image-4\" class=\"ngg-gallery-thumbnail-box\n\t\t\t\t\t\t\t\t\t\t\t\"\n\t\t\t>\n\t\t\t\t\t\t<div class=\"ngg-gallery-thumbnail\">\n\t\t\t<a href=\"https:\/\/www.events-bassen.de\/wp-content\/gallery\/2015-ernteumzug\/IMG_1180.jpg\"\n\t\t\t\ttitle=\"\"\n\t\t\t\tdata-src=\"https:\/\/www.events-bassen.de\/wp-content\/gallery\/2015-ernteumzug\/IMG_1180.jpg\"\n\t\t\t\tdata-thumbnail=\"https:\/\/www.events-bassen.de\/wp-content\/gallery\/2015-ernteumzug\/thumbs\/thumbs_IMG_1180.jpg\"\n\t\t\t\tdata-image-id=\"948\"\n\t\t\t\tdata-title=\"IMG_1180\"\n\t\t\t\tdata-description=\"\"\n\t\t\t\tdata-image-slug=\"img_1180\"\n\t\t\t\tclass=\"ngg-simplelightbox\" rel=\"cfd2605a49b51d9378aac4fcb4456663\">\n\t\t\t\t<img\n\t\t\t\t\ttitle=\"IMG_1180\"\n\t\t\t\t\talt=\"IMG_1180\"\n\t\t\t\t\tsrc=\"https:\/\/www.events-bassen.de\/wp-content\/gallery\/2015-ernteumzug\/thumbs\/thumbs_IMG_1180.jpg\"\n\t\t\t\t\twidth=\"120\"\n\t\t\t\t\theight=\"80\"\n\t\t\t\t\tstyle=\"max-width:100%;\"\n\t\t\t\t\/>\n\t\t\t<\/a>\n\t\t<\/div>\n\t\t\t\t\t\t\t<\/div>\n\t\t\t\n\t\t\t\t<div id=\"ngg-image-5\" class=\"ngg-gallery-thumbnail-box\n\t\t\t\t\t\t\t\t\t\t\t\"\n\t\t\t>\n\t\t\t\t\t\t<div class=\"ngg-gallery-thumbnail\">\n\t\t\t<a href=\"https:\/\/www.events-bassen.de\/wp-content\/gallery\/2015-ernteumzug\/IMG_1184.jpg\"\n\t\t\t\ttitle=\"\"\n\t\t\t\tdata-src=\"https:\/\/www.events-bassen.de\/wp-content\/gallery\/2015-ernteumzug\/IMG_1184.jpg\"\n\t\t\t\tdata-thumbnail=\"https:\/\/www.events-bassen.de\/wp-content\/gallery\/2015-ernteumzug\/thumbs\/thumbs_IMG_1184.jpg\"\n\t\t\t\tdata-image-id=\"951\"\n\t\t\t\tdata-title=\"IMG_1184\"\n\t\t\t\tdata-description=\"\"\n\t\t\t\tdata-image-slug=\"img_1184\"\n\t\t\t\tclass=\"ngg-simplelightbox\" rel=\"cfd2605a49b51d9378aac4fcb4456663\">\n\t\t\t\t<img\n\t\t\t\t\ttitle=\"IMG_1184\"\n\t\t\t\t\talt=\"IMG_1184\"\n\t\t\t\t\tsrc=\"https:\/\/www.events-bassen.de\/wp-content\/gallery\/2015-ernteumzug\/thumbs\/thumbs_IMG_1184.jpg\"\n\t\t\t\t\twidth=\"120\"\n\t\t\t\t\theight=\"80\"\n\t\t\t\t\tstyle=\"max-width:100%;\"\n\t\t\t\t\/>\n\t\t\t<\/a>\n\t\t<\/div>\n\t\t\t\t\t\t\t<\/div>\n\t\t\t\n\t\t\t\t<div id=\"ngg-image-6\" class=\"ngg-gallery-thumbnail-box\n\t\t\t\t\t\t\t\t\t\t\t\"\n\t\t\t>\n\t\t\t\t\t\t<div class=\"ngg-gallery-thumbnail\">\n\t\t\t<a href=\"https:\/\/www.events-bassen.de\/wp-content\/gallery\/2015-ernteumzug\/IMG_1188.jpg\"\n\t\t\t\ttitle=\"\"\n\t\t\t\tdata-src=\"https:\/\/www.events-bassen.de\/wp-content\/gallery\/2015-ernteumzug\/IMG_1188.jpg\"\n\t\t\t\tdata-thumbnail=\"https:\/\/www.events-bassen.de\/wp-content\/gallery\/2015-ernteumzug\/thumbs\/thumbs_IMG_1188.jpg\"\n\t\t\t\tdata-image-id=\"952\"\n\t\t\t\tdata-title=\"IMG_1188\"\n\t\t\t\tdata-description=\"\"\n\t\t\t\tdata-image-slug=\"img_1188\"\n\t\t\t\tclass=\"ngg-simplelightbox\" rel=\"cfd2605a49b51d9378aac4fcb4456663\">\n\t\t\t\t<img\n\t\t\t\t\ttitle=\"IMG_1188\"\n\t\t\t\t\talt=\"IMG_1188\"\n\t\t\t\t\tsrc=\"https:\/\/www.events-bassen.de\/wp-content\/gallery\/2015-ernteumzug\/thumbs\/thumbs_IMG_1188.jpg\"\n\t\t\t\t\twidth=\"120\"\n\t\t\t\t\theight=\"80\"\n\t\t\t\t\tstyle=\"max-width:100%;\"\n\t\t\t\t\/>\n\t\t\t<\/a>\n\t\t<\/div>\n\t\t\t\t\t\t\t<\/div>\n\t\t\t\n\t\t\t\t<div id=\"ngg-image-7\" class=\"ngg-gallery-thumbnail-box\n\t\t\t\t\t\t\t\t\t\t\t\"\n\t\t\t>\n\t\t\t\t\t\t<div class=\"ngg-gallery-thumbnail\">\n\t\t\t<a href=\"https:\/\/www.events-bassen.de\/wp-content\/gallery\/2015-ernteumzug\/MG_2937.jpg\"\n\t\t\t\ttitle=\"\"\n\t\t\t\tdata-src=\"https:\/\/www.events-bassen.de\/wp-content\/gallery\/2015-ernteumzug\/MG_2937.jpg\"\n\t\t\t\tdata-thumbnail=\"https:\/\/www.events-bassen.de\/wp-content\/gallery\/2015-ernteumzug\/thumbs\/thumbs_MG_2937.jpg\"\n\t\t\t\tdata-image-id=\"958\"\n\t\t\t\tdata-title=\"_MG_2937\"\n\t\t\t\tdata-description=\"\"\n\t\t\t\tdata-image-slug=\"_mg_2937\"\n\t\t\t\tclass=\"ngg-simplelightbox\" rel=\"cfd2605a49b51d9378aac4fcb4456663\">\n\t\t\t\t<img\n\t\t\t\t\ttitle=\"_MG_2937\"\n\t\t\t\t\talt=\"_MG_2937\"\n\t\t\t\t\tsrc=\"https:\/\/www.events-bassen.de\/wp-content\/gallery\/2015-ernteumzug\/thumbs\/thumbs_MG_2937.jpg\"\n\t\t\t\t\twidth=\"120\"\n\t\t\t\t\theight=\"80\"\n\t\t\t\t\tstyle=\"max-width:100%;\"\n\t\t\t\t\/>\n\t\t\t<\/a>\n\t\t<\/div>\n\t\t\t\t\t\t\t<\/div>\n\t\t\t\n\t\t\t\t<div id=\"ngg-image-8\" class=\"ngg-gallery-thumbnail-box\n\t\t\t\t\t\t\t\t\t\t\t\"\n\t\t\t>\n\t\t\t\t\t\t<div class=\"ngg-gallery-thumbnail\">\n\t\t\t<a href=\"https:\/\/www.events-bassen.de\/wp-content\/gallery\/2015-ernteumzug\/MG_2945.jpg\"\n\t\t\t\ttitle=\"\"\n\t\t\t\tdata-src=\"https:\/\/www.events-bassen.de\/wp-content\/gallery\/2015-ernteumzug\/MG_2945.jpg\"\n\t\t\t\tdata-thumbnail=\"https:\/\/www.events-bassen.de\/wp-content\/gallery\/2015-ernteumzug\/thumbs\/thumbs_MG_2945.jpg\"\n\t\t\t\tdata-image-id=\"962\"\n\t\t\t\tdata-title=\"_MG_2945\"\n\t\t\t\tdata-description=\"\"\n\t\t\t\tdata-image-slug=\"_mg_2945\"\n\t\t\t\tclass=\"ngg-simplelightbox\" rel=\"cfd2605a49b51d9378aac4fcb4456663\">\n\t\t\t\t<img\n\t\t\t\t\ttitle=\"_MG_2945\"\n\t\t\t\t\talt=\"_MG_2945\"\n\t\t\t\t\tsrc=\"https:\/\/www.events-bassen.de\/wp-content\/gallery\/2015-ernteumzug\/thumbs\/thumbs_MG_2945.jpg\"\n\t\t\t\t\twidth=\"120\"\n\t\t\t\t\theight=\"80\"\n\t\t\t\t\tstyle=\"max-width:100%;\"\n\t\t\t\t\/>\n\t\t\t<\/a>\n\t\t<\/div>\n\t\t\t\t\t\t\t<\/div>\n\t\t\t\n\t\t\t\t<div id=\"ngg-image-9\" class=\"ngg-gallery-thumbnail-box\n\t\t\t\t\t\t\t\t\t\t\t\"\n\t\t\t>\n\t\t\t\t\t\t<div class=\"ngg-gallery-thumbnail\">\n\t\t\t<a href=\"https:\/\/www.events-bassen.de\/wp-content\/gallery\/2015-ernteumzug\/IMG_1213.jpg\"\n\t\t\t\ttitle=\"\"\n\t\t\t\tdata-src=\"https:\/\/www.events-bassen.de\/wp-content\/gallery\/2015-ernteumzug\/IMG_1213.jpg\"\n\t\t\t\tdata-thumbnail=\"https:\/\/www.events-bassen.de\/wp-content\/gallery\/2015-ernteumzug\/thumbs\/thumbs_IMG_1213.jpg\"\n\t\t\t\tdata-image-id=\"963\"\n\t\t\t\tdata-title=\"IMG_1213\"\n\t\t\t\tdata-description=\"\"\n\t\t\t\tdata-image-slug=\"img_1213\"\n\t\t\t\tclass=\"ngg-simplelightbox\" rel=\"cfd2605a49b51d9378aac4fcb4456663\">\n\t\t\t\t<img\n\t\t\t\t\ttitle=\"IMG_1213\"\n\t\t\t\t\talt=\"IMG_1213\"\n\t\t\t\t\tsrc=\"https:\/\/www.events-bassen.de\/wp-content\/gallery\/2015-ernteumzug\/thumbs\/thumbs_IMG_1213.jpg\"\n\t\t\t\t\twidth=\"120\"\n\t\t\t\t\theight=\"80\"\n\t\t\t\t\tstyle=\"max-width:100%;\"\n\t\t\t\t\/>\n\t\t\t<\/a>\n\t\t<\/div>\n\t\t\t\t\t\t\t<\/div>\n\t\t\t\n\t\t\t\t<div id=\"ngg-image-10\" class=\"ngg-gallery-thumbnail-box\n\t\t\t\t\t\t\t\t\t\t\t\"\n\t\t\t>\n\t\t\t\t\t\t<div class=\"ngg-gallery-thumbnail\">\n\t\t\t<a href=\"https:\/\/www.events-bassen.de\/wp-content\/gallery\/2015-ernteumzug\/MG_2948.jpg\"\n\t\t\t\ttitle=\"\"\n\t\t\t\tdata-src=\"https:\/\/www.events-bassen.de\/wp-content\/gallery\/2015-ernteumzug\/MG_2948.jpg\"\n\t\t\t\tdata-thumbnail=\"https:\/\/www.events-bassen.de\/wp-content\/gallery\/2015-ernteumzug\/thumbs\/thumbs_MG_2948.jpg\"\n\t\t\t\tdata-image-id=\"965\"\n\t\t\t\tdata-title=\"_MG_2948\"\n\t\t\t\tdata-description=\"\"\n\t\t\t\tdata-image-slug=\"_mg_2948\"\n\t\t\t\tclass=\"ngg-simplelightbox\" rel=\"cfd2605a49b51d9378aac4fcb4456663\">\n\t\t\t\t<img\n\t\t\t\t\ttitle=\"_MG_2948\"\n\t\t\t\t\talt=\"_MG_2948\"\n\t\t\t\t\tsrc=\"https:\/\/www.events-bassen.de\/wp-content\/gallery\/2015-ernteumzug\/thumbs\/thumbs_MG_2948.jpg\"\n\t\t\t\t\twidth=\"120\"\n\t\t\t\t\theight=\"80\"\n\t\t\t\t\tstyle=\"max-width:100%;\"\n\t\t\t\t\/>\n\t\t\t<\/a>\n\t\t<\/div>\n\t\t\t\t\t\t\t<\/div>\n\t\t\t\n\t\t\t\t<div id=\"ngg-image-11\" class=\"ngg-gallery-thumbnail-box\n\t\t\t\t\t\t\t\t\t\t\t\"\n\t\t\t>\n\t\t\t\t\t\t<div class=\"ngg-gallery-thumbnail\">\n\t\t\t<a href=\"https:\/\/www.events-bassen.de\/wp-content\/gallery\/2015-ernteumzug\/IMG_1219.jpg\"\n\t\t\t\ttitle=\"\"\n\t\t\t\tdata-src=\"https:\/\/www.events-bassen.de\/wp-content\/gallery\/2015-ernteumzug\/IMG_1219.jpg\"\n\t\t\t\tdata-thumbnail=\"https:\/\/www.events-bassen.de\/wp-content\/gallery\/2015-ernteumzug\/thumbs\/thumbs_IMG_1219.jpg\"\n\t\t\t\tdata-image-id=\"967\"\n\t\t\t\tdata-title=\"IMG_1219\"\n\t\t\t\tdata-description=\"\"\n\t\t\t\tdata-image-slug=\"img_1219\"\n\t\t\t\tclass=\"ngg-simplelightbox\" rel=\"cfd2605a49b51d9378aac4fcb4456663\">\n\t\t\t\t<img\n\t\t\t\t\ttitle=\"IMG_1219\"\n\t\t\t\t\talt=\"IMG_1219\"\n\t\t\t\t\tsrc=\"https:\/\/www.events-bassen.de\/wp-content\/gallery\/2015-ernteumzug\/thumbs\/thumbs_IMG_1219.jpg\"\n\t\t\t\t\twidth=\"120\"\n\t\t\t\t\theight=\"80\"\n\t\t\t\t\tstyle=\"max-width:100%;\"\n\t\t\t\t\/>\n\t\t\t<\/a>\n\t\t<\/div>\n\t\t\t\t\t\t\t<\/div>\n\t\t\t\n\t\t\t\t<div id=\"ngg-image-12\" class=\"ngg-gallery-thumbnail-box\n\t\t\t\t\t\t\t\t\t\t\t\"\n\t\t\t>\n\t\t\t\t\t\t<div class=\"ngg-gallery-thumbnail\">\n\t\t\t<a href=\"https:\/\/www.events-bassen.de\/wp-content\/gallery\/2015-ernteumzug\/IMG_1220.jpg\"\n\t\t\t\ttitle=\"\"\n\t\t\t\tdata-src=\"https:\/\/www.events-bassen.de\/wp-content\/gallery\/2015-ernteumzug\/IMG_1220.jpg\"\n\t\t\t\tdata-thumbnail=\"https:\/\/www.events-bassen.de\/wp-content\/gallery\/2015-ernteumzug\/thumbs\/thumbs_IMG_1220.jpg\"\n\t\t\t\tdata-image-id=\"968\"\n\t\t\t\tdata-title=\"IMG_1220\"\n\t\t\t\tdata-description=\"\"\n\t\t\t\tdata-image-slug=\"img_1220\"\n\t\t\t\tclass=\"ngg-simplelightbox\" rel=\"cfd2605a49b51d9378aac4fcb4456663\">\n\t\t\t\t<img\n\t\t\t\t\ttitle=\"IMG_1220\"\n\t\t\t\t\talt=\"IMG_1220\"\n\t\t\t\t\tsrc=\"https:\/\/www.events-bassen.de\/wp-content\/gallery\/2015-ernteumzug\/thumbs\/thumbs_IMG_1220.jpg\"\n\t\t\t\t\twidth=\"120\"\n\t\t\t\t\theight=\"80\"\n\t\t\t\t\tstyle=\"max-width:100%;\"\n\t\t\t\t\/>\n\t\t\t<\/a>\n\t\t<\/div>\n\t\t\t\t\t\t\t<\/div>\n\t\t\t\n\t\t\t\t<div id=\"ngg-image-13\" class=\"ngg-gallery-thumbnail-box\n\t\t\t\t\t\t\t\t\t\t\t\"\n\t\t\t>\n\t\t\t\t\t\t<div class=\"ngg-gallery-thumbnail\">\n\t\t\t<a href=\"https:\/\/www.events-bassen.de\/wp-content\/gallery\/2015-ernteumzug\/IMG_1226.jpg\"\n\t\t\t\ttitle=\"\"\n\t\t\t\tdata-src=\"https:\/\/www.events-bassen.de\/wp-content\/gallery\/2015-ernteumzug\/IMG_1226.jpg\"\n\t\t\t\tdata-thumbnail=\"https:\/\/www.events-bassen.de\/wp-content\/gallery\/2015-ernteumzug\/thumbs\/thumbs_IMG_1226.jpg\"\n\t\t\t\tdata-image-id=\"971\"\n\t\t\t\tdata-title=\"IMG_1226\"\n\t\t\t\tdata-description=\"\"\n\t\t\t\tdata-image-slug=\"img_1226\"\n\t\t\t\tclass=\"ngg-simplelightbox\" rel=\"cfd2605a49b51d9378aac4fcb4456663\">\n\t\t\t\t<img\n\t\t\t\t\ttitle=\"IMG_1226\"\n\t\t\t\t\talt=\"IMG_1226\"\n\t\t\t\t\tsrc=\"https:\/\/www.events-bassen.de\/wp-content\/gallery\/2015-ernteumzug\/thumbs\/thumbs_IMG_1226.jpg\"\n\t\t\t\t\twidth=\"120\"\n\t\t\t\t\theight=\"80\"\n\t\t\t\t\tstyle=\"max-width:100%;\"\n\t\t\t\t\/>\n\t\t\t<\/a>\n\t\t<\/div>\n\t\t\t\t\t\t\t<\/div>\n\t\t\t\n\t\t\t\t<div id=\"ngg-image-14\" class=\"ngg-gallery-thumbnail-box\n\t\t\t\t\t\t\t\t\t\t\t\"\n\t\t\t>\n\t\t\t\t\t\t<div class=\"ngg-gallery-thumbnail\">\n\t\t\t<a href=\"https:\/\/www.events-bassen.de\/wp-content\/gallery\/2015-ernteumzug\/MG_2956.jpg\"\n\t\t\t\ttitle=\"\"\n\t\t\t\tdata-src=\"https:\/\/www.events-bassen.de\/wp-content\/gallery\/2015-ernteumzug\/MG_2956.jpg\"\n\t\t\t\tdata-thumbnail=\"https:\/\/www.events-bassen.de\/wp-content\/gallery\/2015-ernteumzug\/thumbs\/thumbs_MG_2956.jpg\"\n\t\t\t\tdata-image-id=\"973\"\n\t\t\t\tdata-title=\"_MG_2956\"\n\t\t\t\tdata-description=\"\"\n\t\t\t\tdata-image-slug=\"_mg_2956\"\n\t\t\t\tclass=\"ngg-simplelightbox\" rel=\"cfd2605a49b51d9378aac4fcb4456663\">\n\t\t\t\t<img\n\t\t\t\t\ttitle=\"_MG_2956\"\n\t\t\t\t\talt=\"_MG_2956\"\n\t\t\t\t\tsrc=\"https:\/\/www.events-bassen.de\/wp-content\/gallery\/2015-ernteumzug\/thumbs\/thumbs_MG_2956.jpg\"\n\t\t\t\t\twidth=\"120\"\n\t\t\t\t\theight=\"80\"\n\t\t\t\t\tstyle=\"max-width:100%;\"\n\t\t\t\t\/>\n\t\t\t<\/a>\n\t\t<\/div>\n\t\t\t\t\t\t\t<\/div>\n\t\t\t\n\t\t\t\t<div id=\"ngg-image-15\" class=\"ngg-gallery-thumbnail-box\n\t\t\t\t\t\t\t\t\t\t\t\"\n\t\t\t>\n\t\t\t\t\t\t<div class=\"ngg-gallery-thumbnail\">\n\t\t\t<a href=\"https:\/\/www.events-bassen.de\/wp-content\/gallery\/2015-ernteumzug\/IMG_1234.jpg\"\n\t\t\t\ttitle=\"\"\n\t\t\t\tdata-src=\"https:\/\/www.events-bassen.de\/wp-content\/gallery\/2015-ernteumzug\/IMG_1234.jpg\"\n\t\t\t\tdata-thumbnail=\"https:\/\/www.events-bassen.de\/wp-content\/gallery\/2015-ernteumzug\/thumbs\/thumbs_IMG_1234.jpg\"\n\t\t\t\tdata-image-id=\"978\"\n\t\t\t\tdata-title=\"IMG_1234\"\n\t\t\t\tdata-description=\"\"\n\t\t\t\tdata-image-slug=\"img_1234\"\n\t\t\t\tclass=\"ngg-simplelightbox\" rel=\"cfd2605a49b51d9378aac4fcb4456663\">\n\t\t\t\t<img\n\t\t\t\t\ttitle=\"IMG_1234\"\n\t\t\t\t\talt=\"IMG_1234\"\n\t\t\t\t\tsrc=\"https:\/\/www.events-bassen.de\/wp-content\/gallery\/2015-ernteumzug\/thumbs\/thumbs_IMG_1234.jpg\"\n\t\t\t\t\twidth=\"120\"\n\t\t\t\t\theight=\"80\"\n\t\t\t\t\tstyle=\"max-width:100%;\"\n\t\t\t\t\/>\n\t\t\t<\/a>\n\t\t<\/div>\n\t\t\t\t\t\t\t<\/div>\n\t\t\t\n\t\t\t\t<div id=\"ngg-image-16\" class=\"ngg-gallery-thumbnail-box\n\t\t\t\t\t\t\t\t\t\t\t\"\n\t\t\t>\n\t\t\t\t\t\t<div class=\"ngg-gallery-thumbnail\">\n\t\t\t<a href=\"https:\/\/www.events-bassen.de\/wp-content\/gallery\/2015-ernteumzug\/IMG_1242.jpg\"\n\t\t\t\ttitle=\"\"\n\t\t\t\tdata-src=\"https:\/\/www.events-bassen.de\/wp-content\/gallery\/2015-ernteumzug\/IMG_1242.jpg\"\n\t\t\t\tdata-thumbnail=\"https:\/\/www.events-bassen.de\/wp-content\/gallery\/2015-ernteumzug\/thumbs\/thumbs_IMG_1242.jpg\"\n\t\t\t\tdata-image-id=\"985\"\n\t\t\t\tdata-title=\"IMG_1242\"\n\t\t\t\tdata-description=\"\"\n\t\t\t\tdata-image-slug=\"img_1242\"\n\t\t\t\tclass=\"ngg-simplelightbox\" rel=\"cfd2605a49b51d9378aac4fcb4456663\">\n\t\t\t\t<img\n\t\t\t\t\ttitle=\"IMG_1242\"\n\t\t\t\t\talt=\"IMG_1242\"\n\t\t\t\t\tsrc=\"https:\/\/www.events-bassen.de\/wp-content\/gallery\/2015-ernteumzug\/thumbs\/thumbs_IMG_1242.jpg\"\n\t\t\t\t\twidth=\"120\"\n\t\t\t\t\theight=\"80\"\n\t\t\t\t\tstyle=\"max-width:100%;\"\n\t\t\t\t\/>\n\t\t\t<\/a>\n\t\t<\/div>\n\t\t\t\t\t\t\t<\/div>\n\t\t\t\n\t\t\t\t<div id=\"ngg-image-17\" class=\"ngg-gallery-thumbnail-box\n\t\t\t\t\t\t\t\t\t\t\t\"\n\t\t\t>\n\t\t\t\t\t\t<div class=\"ngg-gallery-thumbnail\">\n\t\t\t<a href=\"https:\/\/www.events-bassen.de\/wp-content\/gallery\/2015-ernteumzug\/IMG_1245.jpg\"\n\t\t\t\ttitle=\"\"\n\t\t\t\tdata-src=\"https:\/\/www.events-bassen.de\/wp-content\/gallery\/2015-ernteumzug\/IMG_1245.jpg\"\n\t\t\t\tdata-thumbnail=\"https:\/\/www.events-bassen.de\/wp-content\/gallery\/2015-ernteumzug\/thumbs\/thumbs_IMG_1245.jpg\"\n\t\t\t\tdata-image-id=\"987\"\n\t\t\t\tdata-title=\"IMG_1245\"\n\t\t\t\tdata-description=\"\"\n\t\t\t\tdata-image-slug=\"img_1245\"\n\t\t\t\tclass=\"ngg-simplelightbox\" rel=\"cfd2605a49b51d9378aac4fcb4456663\">\n\t\t\t\t<img\n\t\t\t\t\ttitle=\"IMG_1245\"\n\t\t\t\t\talt=\"IMG_1245\"\n\t\t\t\t\tsrc=\"https:\/\/www.events-bassen.de\/wp-content\/gallery\/2015-ernteumzug\/thumbs\/thumbs_IMG_1245.jpg\"\n\t\t\t\t\twidth=\"120\"\n\t\t\t\t\theight=\"80\"\n\t\t\t\t\tstyle=\"max-width:100%;\"\n\t\t\t\t\/>\n\t\t\t<\/a>\n\t\t<\/div>\n\t\t\t\t\t\t\t<\/div>\n\t\t\t\n\t\t\t\t<div id=\"ngg-image-18\" class=\"ngg-gallery-thumbnail-box\n\t\t\t\t\t\t\t\t\t\t\t\"\n\t\t\t>\n\t\t\t\t\t\t<div class=\"ngg-gallery-thumbnail\">\n\t\t\t<a href=\"https:\/\/www.events-bassen.de\/wp-content\/gallery\/2015-ernteumzug\/IMG_1246.jpg\"\n\t\t\t\ttitle=\"\"\n\t\t\t\tdata-src=\"https:\/\/www.events-bassen.de\/wp-content\/gallery\/2015-ernteumzug\/IMG_1246.jpg\"\n\t\t\t\tdata-thumbnail=\"https:\/\/www.events-bassen.de\/wp-content\/gallery\/2015-ernteumzug\/thumbs\/thumbs_IMG_1246.jpg\"\n\t\t\t\tdata-image-id=\"988\"\n\t\t\t\tdata-title=\"IMG_1246\"\n\t\t\t\tdata-description=\"\"\n\t\t\t\tdata-image-slug=\"img_1246\"\n\t\t\t\tclass=\"ngg-simplelightbox\" rel=\"cfd2605a49b51d9378aac4fcb4456663\">\n\t\t\t\t<img\n\t\t\t\t\ttitle=\"IMG_1246\"\n\t\t\t\t\talt=\"IMG_1246\"\n\t\t\t\t\tsrc=\"https:\/\/www.events-bassen.de\/wp-content\/gallery\/2015-ernteumzug\/thumbs\/thumbs_IMG_1246.jpg\"\n\t\t\t\t\twidth=\"120\"\n\t\t\t\t\theight=\"80\"\n\t\t\t\t\tstyle=\"max-width:100%;\"\n\t\t\t\t\/>\n\t\t\t<\/a>\n\t\t<\/div>\n\t\t\t\t\t\t\t<\/div>\n\t\t\t\n\t\t\t\t<div id=\"ngg-image-19\" class=\"ngg-gallery-thumbnail-box\n\t\t\t\t\t\t\t\t\t\t\t\"\n\t\t\t>\n\t\t\t\t\t\t<div class=\"ngg-gallery-thumbnail\">\n\t\t\t<a href=\"https:\/\/www.events-bassen.de\/wp-content\/gallery\/2015-ernteumzug\/IMG_1249.jpg\"\n\t\t\t\ttitle=\"\"\n\t\t\t\tdata-src=\"https:\/\/www.events-bassen.de\/wp-content\/gallery\/2015-ernteumzug\/IMG_1249.jpg\"\n\t\t\t\tdata-thumbnail=\"https:\/\/www.events-bassen.de\/wp-content\/gallery\/2015-ernteumzug\/thumbs\/thumbs_IMG_1249.jpg\"\n\t\t\t\tdata-image-id=\"990\"\n\t\t\t\tdata-title=\"IMG_1249\"\n\t\t\t\tdata-description=\"\"\n\t\t\t\tdata-image-slug=\"img_1249\"\n\t\t\t\tclass=\"ngg-simplelightbox\" rel=\"cfd2605a49b51d9378aac4fcb4456663\">\n\t\t\t\t<img\n\t\t\t\t\ttitle=\"IMG_1249\"\n\t\t\t\t\talt=\"IMG_1249\"\n\t\t\t\t\tsrc=\"https:\/\/www.events-bassen.de\/wp-content\/gallery\/2015-ernteumzug\/thumbs\/thumbs_IMG_1249.jpg\"\n\t\t\t\t\twidth=\"120\"\n\t\t\t\t\theight=\"80\"\n\t\t\t\t\tstyle=\"max-width:100%;\"\n\t\t\t\t\/>\n\t\t\t<\/a>\n\t\t<\/div>\n\t\t\t\t\t\t\t<\/div>\n\t\t\t\n\t\t\t\t<div id=\"ngg-image-20\" class=\"ngg-gallery-thumbnail-box\n\t\t\t\t\t\t\t\t\t\t\t\"\n\t\t\t>\n\t\t\t\t\t\t<div class=\"ngg-gallery-thumbnail\">\n\t\t\t<a href=\"https:\/\/www.events-bassen.de\/wp-content\/gallery\/2015-ernteumzug\/MG_2978.jpg\"\n\t\t\t\ttitle=\"\"\n\t\t\t\tdata-src=\"https:\/\/www.events-bassen.de\/wp-content\/gallery\/2015-ernteumzug\/MG_2978.jpg\"\n\t\t\t\tdata-thumbnail=\"https:\/\/www.events-bassen.de\/wp-content\/gallery\/2015-ernteumzug\/thumbs\/thumbs_MG_2978.jpg\"\n\t\t\t\tdata-image-id=\"991\"\n\t\t\t\tdata-title=\"_MG_2978\"\n\t\t\t\tdata-description=\"\"\n\t\t\t\tdata-image-slug=\"_mg_2978\"\n\t\t\t\tclass=\"ngg-simplelightbox\" rel=\"cfd2605a49b51d9378aac4fcb4456663\">\n\t\t\t\t<img\n\t\t\t\t\ttitle=\"_MG_2978\"\n\t\t\t\t\talt=\"_MG_2978\"\n\t\t\t\t\tsrc=\"https:\/\/www.events-bassen.de\/wp-content\/gallery\/2015-ernteumzug\/thumbs\/thumbs_MG_2978.jpg\"\n\t\t\t\t\twidth=\"120\"\n\t\t\t\t\theight=\"80\"\n\t\t\t\t\tstyle=\"max-width:100%;\"\n\t\t\t\t\/>\n\t\t\t<\/a>\n\t\t<\/div>\n\t\t\t\t\t\t\t<\/div>\n\t\t\t\n\t\t\t\t<div id=\"ngg-image-21\" class=\"ngg-gallery-thumbnail-box\n\t\t\t\t\t\t\t\t\t\t\t\"\n\t\t\t>\n\t\t\t\t\t\t<div class=\"ngg-gallery-thumbnail\">\n\t\t\t<a href=\"https:\/\/www.events-bassen.de\/wp-content\/gallery\/2015-ernteumzug\/MG_2982.jpg\"\n\t\t\t\ttitle=\"\"\n\t\t\t\tdata-src=\"https:\/\/www.events-bassen.de\/wp-content\/gallery\/2015-ernteumzug\/MG_2982.jpg\"\n\t\t\t\tdata-thumbnail=\"https:\/\/www.events-bassen.de\/wp-content\/gallery\/2015-ernteumzug\/thumbs\/thumbs_MG_2982.jpg\"\n\t\t\t\tdata-image-id=\"994\"\n\t\t\t\tdata-title=\"_MG_2982\"\n\t\t\t\tdata-description=\"\"\n\t\t\t\tdata-image-slug=\"_mg_2982\"\n\t\t\t\tclass=\"ngg-simplelightbox\" rel=\"cfd2605a49b51d9378aac4fcb4456663\">\n\t\t\t\t<img\n\t\t\t\t\ttitle=\"_MG_2982\"\n\t\t\t\t\talt=\"_MG_2982\"\n\t\t\t\t\tsrc=\"https:\/\/www.events-bassen.de\/wp-content\/gallery\/2015-ernteumzug\/thumbs\/thumbs_MG_2982.jpg\"\n\t\t\t\t\twidth=\"120\"\n\t\t\t\t\theight=\"80\"\n\t\t\t\t\tstyle=\"max-width:100%;\"\n\t\t\t\t\/>\n\t\t\t<\/a>\n\t\t<\/div>\n\t\t\t\t\t\t\t<\/div>\n\t\t\t\n\t\t\t\t<div id=\"ngg-image-22\" class=\"ngg-gallery-thumbnail-box\n\t\t\t\t\t\t\t\t\t\t\t\"\n\t\t\t>\n\t\t\t\t\t\t<div class=\"ngg-gallery-thumbnail\">\n\t\t\t<a href=\"https:\/\/www.events-bassen.de\/wp-content\/gallery\/2015-ernteumzug\/IMG_1255.jpg\"\n\t\t\t\ttitle=\"\"\n\t\t\t\tdata-src=\"https:\/\/www.events-bassen.de\/wp-content\/gallery\/2015-ernteumzug\/IMG_1255.jpg\"\n\t\t\t\tdata-thumbnail=\"https:\/\/www.events-bassen.de\/wp-content\/gallery\/2015-ernteumzug\/thumbs\/thumbs_IMG_1255.jpg\"\n\t\t\t\tdata-image-id=\"996\"\n\t\t\t\tdata-title=\"IMG_1255\"\n\t\t\t\tdata-description=\"\"\n\t\t\t\tdata-image-slug=\"img_1255\"\n\t\t\t\tclass=\"ngg-simplelightbox\" rel=\"cfd2605a49b51d9378aac4fcb4456663\">\n\t\t\t\t<img\n\t\t\t\t\ttitle=\"IMG_1255\"\n\t\t\t\t\talt=\"IMG_1255\"\n\t\t\t\t\tsrc=\"https:\/\/www.events-bassen.de\/wp-content\/gallery\/2015-ernteumzug\/thumbs\/thumbs_IMG_1255.jpg\"\n\t\t\t\t\twidth=\"120\"\n\t\t\t\t\theight=\"80\"\n\t\t\t\t\tstyle=\"max-width:100%;\"\n\t\t\t\t\/>\n\t\t\t<\/a>\n\t\t<\/div>\n\t\t\t\t\t\t\t<\/div>\n\t\t\t\n\t\t\t\t<div id=\"ngg-image-23\" class=\"ngg-gallery-thumbnail-box\n\t\t\t\t\t\t\t\t\t\t\t\"\n\t\t\t>\n\t\t\t\t\t\t<div class=\"ngg-gallery-thumbnail\">\n\t\t\t<a href=\"https:\/\/www.events-bassen.de\/wp-content\/gallery\/2015-ernteumzug\/MG_2985.jpg\"\n\t\t\t\ttitle=\"\"\n\t\t\t\tdata-src=\"https:\/\/www.events-bassen.de\/wp-content\/gallery\/2015-ernteumzug\/MG_2985.jpg\"\n\t\t\t\tdata-thumbnail=\"https:\/\/www.events-bassen.de\/wp-content\/gallery\/2015-ernteumzug\/thumbs\/thumbs_MG_2985.jpg\"\n\t\t\t\tdata-image-id=\"997\"\n\t\t\t\tdata-title=\"_MG_2985\"\n\t\t\t\tdata-description=\"\"\n\t\t\t\tdata-image-slug=\"_mg_2985\"\n\t\t\t\tclass=\"ngg-simplelightbox\" rel=\"cfd2605a49b51d9378aac4fcb4456663\">\n\t\t\t\t<img\n\t\t\t\t\ttitle=\"_MG_2985\"\n\t\t\t\t\talt=\"_MG_2985\"\n\t\t\t\t\tsrc=\"https:\/\/www.events-bassen.de\/wp-content\/gallery\/2015-ernteumzug\/thumbs\/thumbs_MG_2985.jpg\"\n\t\t\t\t\twidth=\"120\"\n\t\t\t\t\theight=\"80\"\n\t\t\t\t\tstyle=\"max-width:100%;\"\n\t\t\t\t\/>\n\t\t\t<\/a>\n\t\t<\/div>\n\t\t\t\t\t\t\t<\/div>\n\t\t\t\n\t\t\t\t<div id=\"ngg-image-24\" class=\"ngg-gallery-thumbnail-box\n\t\t\t\t\t\t\t\t\t\t\t\"\n\t\t\t>\n\t\t\t\t\t\t<div class=\"ngg-gallery-thumbnail\">\n\t\t\t<a href=\"https:\/\/www.events-bassen.de\/wp-content\/gallery\/2015-ernteumzug\/IMG_1257.jpg\"\n\t\t\t\ttitle=\"\"\n\t\t\t\tdata-src=\"https:\/\/www.events-bassen.de\/wp-content\/gallery\/2015-ernteumzug\/IMG_1257.jpg\"\n\t\t\t\tdata-thumbnail=\"https:\/\/www.events-bassen.de\/wp-content\/gallery\/2015-ernteumzug\/thumbs\/thumbs_IMG_1257.jpg\"\n\t\t\t\tdata-image-id=\"998\"\n\t\t\t\tdata-title=\"IMG_1257\"\n\t\t\t\tdata-description=\"\"\n\t\t\t\tdata-image-slug=\"img_1257\"\n\t\t\t\tclass=\"ngg-simplelightbox\" rel=\"cfd2605a49b51d9378aac4fcb4456663\">\n\t\t\t\t<img\n\t\t\t\t\ttitle=\"IMG_1257\"\n\t\t\t\t\talt=\"IMG_1257\"\n\t\t\t\t\tsrc=\"https:\/\/www.events-bassen.de\/wp-content\/gallery\/2015-ernteumzug\/thumbs\/thumbs_IMG_1257.jpg\"\n\t\t\t\t\twidth=\"120\"\n\t\t\t\t\theight=\"80\"\n\t\t\t\t\tstyle=\"max-width:100%;\"\n\t\t\t\t\/>\n\t\t\t<\/a>\n\t\t<\/div>\n\t\t\t\t\t\t\t<\/div>\n\t\t\t\n\t\t\t\t<div id=\"ngg-image-25\" class=\"ngg-gallery-thumbnail-box\n\t\t\t\t\t\t\t\t\t\t\t\"\n\t\t\t>\n\t\t\t\t\t\t<div class=\"ngg-gallery-thumbnail\">\n\t\t\t<a href=\"https:\/\/www.events-bassen.de\/wp-content\/gallery\/2015-ernteumzug\/MG_2994.jpg\"\n\t\t\t\ttitle=\"\"\n\t\t\t\tdata-src=\"https:\/\/www.events-bassen.de\/wp-content\/gallery\/2015-ernteumzug\/MG_2994.jpg\"\n\t\t\t\tdata-thumbnail=\"https:\/\/www.events-bassen.de\/wp-content\/gallery\/2015-ernteumzug\/thumbs\/thumbs_MG_2994.jpg\"\n\t\t\t\tdata-image-id=\"1002\"\n\t\t\t\tdata-title=\"_MG_2994\"\n\t\t\t\tdata-description=\"\"\n\t\t\t\tdata-image-slug=\"_mg_2994\"\n\t\t\t\tclass=\"ngg-simplelightbox\" rel=\"cfd2605a49b51d9378aac4fcb4456663\">\n\t\t\t\t<img\n\t\t\t\t\ttitle=\"_MG_2994\"\n\t\t\t\t\talt=\"_MG_2994\"\n\t\t\t\t\tsrc=\"https:\/\/www.events-bassen.de\/wp-content\/gallery\/2015-ernteumzug\/thumbs\/thumbs_MG_2994.jpg\"\n\t\t\t\t\twidth=\"120\"\n\t\t\t\t\theight=\"80\"\n\t\t\t\t\tstyle=\"max-width:100%;\"\n\t\t\t\t\/>\n\t\t\t<\/a>\n\t\t<\/div>\n\t\t\t\t\t\t\t<\/div>\n\t\t\t\n\t\t\t\t<div id=\"ngg-image-26\" class=\"ngg-gallery-thumbnail-box\n\t\t\t\t\t\t\t\t\t\t\t\"\n\t\t\t>\n\t\t\t\t\t\t<div class=\"ngg-gallery-thumbnail\">\n\t\t\t<a href=\"https:\/\/www.events-bassen.de\/wp-content\/gallery\/2015-ernteumzug\/IMG_1264.jpg\"\n\t\t\t\ttitle=\"\"\n\t\t\t\tdata-src=\"https:\/\/www.events-bassen.de\/wp-content\/gallery\/2015-ernteumzug\/IMG_1264.jpg\"\n\t\t\t\tdata-thumbnail=\"https:\/\/www.events-bassen.de\/wp-content\/gallery\/2015-ernteumzug\/thumbs\/thumbs_IMG_1264.jpg\"\n\t\t\t\tdata-image-id=\"1004\"\n\t\t\t\tdata-title=\"IMG_1264\"\n\t\t\t\tdata-description=\"\"\n\t\t\t\tdata-image-slug=\"img_1264\"\n\t\t\t\tclass=\"ngg-simplelightbox\" rel=\"cfd2605a49b51d9378aac4fcb4456663\">\n\t\t\t\t<img\n\t\t\t\t\ttitle=\"IMG_1264\"\n\t\t\t\t\talt=\"IMG_1264\"\n\t\t\t\t\tsrc=\"https:\/\/www.events-bassen.de\/wp-content\/gallery\/2015-ernteumzug\/thumbs\/thumbs_IMG_1264.jpg\"\n\t\t\t\t\twidth=\"120\"\n\t\t\t\t\theight=\"80\"\n\t\t\t\t\tstyle=\"max-width:100%;\"\n\t\t\t\t\/>\n\t\t\t<\/a>\n\t\t<\/div>\n\t\t\t\t\t\t\t<\/div>\n\t\t\t\n\t\t\t\t<div id=\"ngg-image-27\" class=\"ngg-gallery-thumbnail-box\n\t\t\t\t\t\t\t\t\t\t\t\"\n\t\t\t>\n\t\t\t\t\t\t<div class=\"ngg-gallery-thumbnail\">\n\t\t\t<a href=\"https:\/\/www.events-bassen.de\/wp-content\/gallery\/2015-ernteumzug\/IMG_1266.jpg\"\n\t\t\t\ttitle=\"\"\n\t\t\t\tdata-src=\"https:\/\/www.events-bassen.de\/wp-content\/gallery\/2015-ernteumzug\/IMG_1266.jpg\"\n\t\t\t\tdata-thumbnail=\"https:\/\/www.events-bassen.de\/wp-content\/gallery\/2015-ernteumzug\/thumbs\/thumbs_IMG_1266.jpg\"\n\t\t\t\tdata-image-id=\"1005\"\n\t\t\t\tdata-title=\"IMG_1266\"\n\t\t\t\tdata-description=\"\"\n\t\t\t\tdata-image-slug=\"img_1266\"\n\t\t\t\tclass=\"ngg-simplelightbox\" rel=\"cfd2605a49b51d9378aac4fcb4456663\">\n\t\t\t\t<img\n\t\t\t\t\ttitle=\"IMG_1266\"\n\t\t\t\t\talt=\"IMG_1266\"\n\t\t\t\t\tsrc=\"https:\/\/www.events-bassen.de\/wp-content\/gallery\/2015-ernteumzug\/thumbs\/thumbs_IMG_1266.jpg\"\n\t\t\t\t\twidth=\"120\"\n\t\t\t\t\theight=\"80\"\n\t\t\t\t\tstyle=\"max-width:100%;\"\n\t\t\t\t\/>\n\t\t\t<\/a>\n\t\t<\/div>\n\t\t\t\t\t\t\t<\/div>\n\t\t\t\n\t\t\t\t<div id=\"ngg-image-28\" class=\"ngg-gallery-thumbnail-box\n\t\t\t\t\t\t\t\t\t\t\t\"\n\t\t\t>\n\t\t\t\t\t\t<div class=\"ngg-gallery-thumbnail\">\n\t\t\t<a href=\"https:\/\/www.events-bassen.de\/wp-content\/gallery\/2015-ernteumzug\/IMG_1270.jpg\"\n\t\t\t\ttitle=\"\"\n\t\t\t\tdata-src=\"https:\/\/www.events-bassen.de\/wp-content\/gallery\/2015-ernteumzug\/IMG_1270.jpg\"\n\t\t\t\tdata-thumbnail=\"https:\/\/www.events-bassen.de\/wp-content\/gallery\/2015-ernteumzug\/thumbs\/thumbs_IMG_1270.jpg\"\n\t\t\t\tdata-image-id=\"1006\"\n\t\t\t\tdata-title=\"IMG_1270\"\n\t\t\t\tdata-description=\"\"\n\t\t\t\tdata-image-slug=\"img_1270\"\n\t\t\t\tclass=\"ngg-simplelightbox\" rel=\"cfd2605a49b51d9378aac4fcb4456663\">\n\t\t\t\t<img\n\t\t\t\t\ttitle=\"IMG_1270\"\n\t\t\t\t\talt=\"IMG_1270\"\n\t\t\t\t\tsrc=\"https:\/\/www.events-bassen.de\/wp-content\/gallery\/2015-ernteumzug\/thumbs\/thumbs_IMG_1270.jpg\"\n\t\t\t\t\twidth=\"120\"\n\t\t\t\t\theight=\"80\"\n\t\t\t\t\tstyle=\"max-width:100%;\"\n\t\t\t\t\/>\n\t\t\t<\/a>\n\t\t<\/div>\n\t\t\t\t\t\t\t<\/div>\n\t\t\t\n\t\t\t\t<div id=\"ngg-image-29\" class=\"ngg-gallery-thumbnail-box\n\t\t\t\t\t\t\t\t\t\t\t\"\n\t\t\t>\n\t\t\t\t\t\t<div class=\"ngg-gallery-thumbnail\">\n\t\t\t<a href=\"https:\/\/www.events-bassen.de\/wp-content\/gallery\/2015-ernteumzug\/IMG_1272.jpg\"\n\t\t\t\ttitle=\"\"\n\t\t\t\tdata-src=\"https:\/\/www.events-bassen.de\/wp-content\/gallery\/2015-ernteumzug\/IMG_1272.jpg\"\n\t\t\t\tdata-thumbnail=\"https:\/\/www.events-bassen.de\/wp-content\/gallery\/2015-ernteumzug\/thumbs\/thumbs_IMG_1272.jpg\"\n\t\t\t\tdata-image-id=\"1007\"\n\t\t\t\tdata-title=\"IMG_1272\"\n\t\t\t\tdata-description=\"\"\n\t\t\t\tdata-image-slug=\"img_1272\"\n\t\t\t\tclass=\"ngg-simplelightbox\" rel=\"cfd2605a49b51d9378aac4fcb4456663\">\n\t\t\t\t<img\n\t\t\t\t\ttitle=\"IMG_1272\"\n\t\t\t\t\talt=\"IMG_1272\"\n\t\t\t\t\tsrc=\"https:\/\/www.events-bassen.de\/wp-content\/gallery\/2015-ernteumzug\/thumbs\/thumbs_IMG_1272.jpg\"\n\t\t\t\t\twidth=\"120\"\n\t\t\t\t\theight=\"80\"\n\t\t\t\t\tstyle=\"max-width:100%;\"\n\t\t\t\t\/>\n\t\t\t<\/a>\n\t\t<\/div>\n\t\t\t\t\t\t\t<\/div>\n\t\t\t\n\t\t\t\t<div id=\"ngg-image-30\" class=\"ngg-gallery-thumbnail-box\n\t\t\t\t\t\t\t\t\t\t\t\"\n\t\t\t>\n\t\t\t\t\t\t<div class=\"ngg-gallery-thumbnail\">\n\t\t\t<a href=\"https:\/\/www.events-bassen.de\/wp-content\/gallery\/2015-ernteumzug\/MG_3000.jpg\"\n\t\t\t\ttitle=\"\"\n\t\t\t\tdata-src=\"https:\/\/www.events-bassen.de\/wp-content\/gallery\/2015-ernteumzug\/MG_3000.jpg\"\n\t\t\t\tdata-thumbnail=\"https:\/\/www.events-bassen.de\/wp-content\/gallery\/2015-ernteumzug\/thumbs\/thumbs_MG_3000.jpg\"\n\t\t\t\tdata-image-id=\"1009\"\n\t\t\t\tdata-title=\"_MG_3000\"\n\t\t\t\tdata-description=\"\"\n\t\t\t\tdata-image-slug=\"_mg_3000\"\n\t\t\t\tclass=\"ngg-simplelightbox\" rel=\"cfd2605a49b51d9378aac4fcb4456663\">\n\t\t\t\t<img\n\t\t\t\t\ttitle=\"_MG_3000\"\n\t\t\t\t\talt=\"_MG_3000\"\n\t\t\t\t\tsrc=\"https:\/\/www.events-bassen.de\/wp-content\/gallery\/2015-ernteumzug\/thumbs\/thumbs_MG_3000.jpg\"\n\t\t\t\t\twidth=\"120\"\n\t\t\t\t\theight=\"80\"\n\t\t\t\t\tstyle=\"max-width:100%;\"\n\t\t\t\t\/>\n\t\t\t<\/a>\n\t\t<\/div>\n\t\t\t\t\t\t\t<\/div>\n\t\t\t\n\t\t\t\t<div id=\"ngg-image-31\" class=\"ngg-gallery-thumbnail-box\n\t\t\t\t\t\t\t\t\t\t\t\"\n\t\t\t>\n\t\t\t\t\t\t<div class=\"ngg-gallery-thumbnail\">\n\t\t\t<a href=\"https:\/\/www.events-bassen.de\/wp-content\/gallery\/2015-ernteumzug\/IMG_1275.jpg\"\n\t\t\t\ttitle=\"\"\n\t\t\t\tdata-src=\"https:\/\/www.events-bassen.de\/wp-content\/gallery\/2015-ernteumzug\/IMG_1275.jpg\"\n\t\t\t\tdata-thumbnail=\"https:\/\/www.events-bassen.de\/wp-content\/gallery\/2015-ernteumzug\/thumbs\/thumbs_IMG_1275.jpg\"\n\t\t\t\tdata-image-id=\"1012\"\n\t\t\t\tdata-title=\"IMG_1275\"\n\t\t\t\tdata-description=\"\"\n\t\t\t\tdata-image-slug=\"img_1275\"\n\t\t\t\tclass=\"ngg-simplelightbox\" rel=\"cfd2605a49b51d9378aac4fcb4456663\">\n\t\t\t\t<img\n\t\t\t\t\ttitle=\"IMG_1275\"\n\t\t\t\t\talt=\"IMG_1275\"\n\t\t\t\t\tsrc=\"https:\/\/www.events-bassen.de\/wp-content\/gallery\/2015-ernteumzug\/thumbs\/thumbs_IMG_1275.jpg\"\n\t\t\t\t\twidth=\"120\"\n\t\t\t\t\theight=\"80\"\n\t\t\t\t\tstyle=\"max-width:100%;\"\n\t\t\t\t\/>\n\t\t\t<\/a>\n\t\t<\/div>\n\t\t\t\t\t\t\t<\/div>\n\t\t\t\n\t\t\t\t<div id=\"ngg-image-32\" class=\"ngg-gallery-thumbnail-box\n\t\t\t\t\t\t\t\t\t\t\t\"\n\t\t\t>\n\t\t\t\t\t\t<div class=\"ngg-gallery-thumbnail\">\n\t\t\t<a href=\"https:\/\/www.events-bassen.de\/wp-content\/gallery\/2015-ernteumzug\/MG_3007.jpg\"\n\t\t\t\ttitle=\"\"\n\t\t\t\tdata-src=\"https:\/\/www.events-bassen.de\/wp-content\/gallery\/2015-ernteumzug\/MG_3007.jpg\"\n\t\t\t\tdata-thumbnail=\"https:\/\/www.events-bassen.de\/wp-content\/gallery\/2015-ernteumzug\/thumbs\/thumbs_MG_3007.jpg\"\n\t\t\t\tdata-image-id=\"1013\"\n\t\t\t\tdata-title=\"_MG_3007\"\n\t\t\t\tdata-description=\"\"\n\t\t\t\tdata-image-slug=\"_mg_3007\"\n\t\t\t\tclass=\"ngg-simplelightbox\" rel=\"cfd2605a49b51d9378aac4fcb4456663\">\n\t\t\t\t<img\n\t\t\t\t\ttitle=\"_MG_3007\"\n\t\t\t\t\talt=\"_MG_3007\"\n\t\t\t\t\tsrc=\"https:\/\/www.events-bassen.de\/wp-content\/gallery\/2015-ernteumzug\/thumbs\/thumbs_MG_3007.jpg\"\n\t\t\t\t\twidth=\"120\"\n\t\t\t\t\theight=\"80\"\n\t\t\t\t\tstyle=\"max-width:100%;\"\n\t\t\t\t\/>\n\t\t\t<\/a>\n\t\t<\/div>\n\t\t\t\t\t\t\t<\/div>\n\t\t\t\n\t\t\t\t<div id=\"ngg-image-33\" class=\"ngg-gallery-thumbnail-box\n\t\t\t\t\t\t\t\t\t\t\t\"\n\t\t\t>\n\t\t\t\t\t\t<div class=\"ngg-gallery-thumbnail\">\n\t\t\t<a href=\"https:\/\/www.events-bassen.de\/wp-content\/gallery\/2015-ernteumzug\/MG_3013.jpg\"\n\t\t\t\ttitle=\"\"\n\t\t\t\tdata-src=\"https:\/\/www.events-bassen.de\/wp-content\/gallery\/2015-ernteumzug\/MG_3013.jpg\"\n\t\t\t\tdata-thumbnail=\"https:\/\/www.events-bassen.de\/wp-content\/gallery\/2015-ernteumzug\/thumbs\/thumbs_MG_3013.jpg\"\n\t\t\t\tdata-image-id=\"1017\"\n\t\t\t\tdata-title=\"_MG_3013\"\n\t\t\t\tdata-description=\"\"\n\t\t\t\tdata-image-slug=\"_mg_3013\"\n\t\t\t\tclass=\"ngg-simplelightbox\" rel=\"cfd2605a49b51d9378aac4fcb4456663\">\n\t\t\t\t<img\n\t\t\t\t\ttitle=\"_MG_3013\"\n\t\t\t\t\talt=\"_MG_3013\"\n\t\t\t\t\tsrc=\"https:\/\/www.events-bassen.de\/wp-content\/gallery\/2015-ernteumzug\/thumbs\/thumbs_MG_3013.jpg\"\n\t\t\t\t\twidth=\"120\"\n\t\t\t\t\theight=\"80\"\n\t\t\t\t\tstyle=\"max-width:100%;\"\n\t\t\t\t\/>\n\t\t\t<\/a>\n\t\t<\/div>\n\t\t\t\t\t\t\t<\/div>\n\t\t\t\n\t\t\t\t<div id=\"ngg-image-34\" class=\"ngg-gallery-thumbnail-box\n\t\t\t\t\t\t\t\t\t\t\t\"\n\t\t\t>\n\t\t\t\t\t\t<div class=\"ngg-gallery-thumbnail\">\n\t\t\t<a href=\"https:\/\/www.events-bassen.de\/wp-content\/gallery\/2015-ernteumzug\/MG_3018.jpg\"\n\t\t\t\ttitle=\"\"\n\t\t\t\tdata-src=\"https:\/\/www.events-bassen.de\/wp-content\/gallery\/2015-ernteumzug\/MG_3018.jpg\"\n\t\t\t\tdata-thumbnail=\"https:\/\/www.events-bassen.de\/wp-content\/gallery\/2015-ernteumzug\/thumbs\/thumbs_MG_3018.jpg\"\n\t\t\t\tdata-image-id=\"1020\"\n\t\t\t\tdata-title=\"_MG_3018\"\n\t\t\t\tdata-description=\"\"\n\t\t\t\tdata-image-slug=\"_mg_3018\"\n\t\t\t\tclass=\"ngg-simplelightbox\" rel=\"cfd2605a49b51d9378aac4fcb4456663\">\n\t\t\t\t<img\n\t\t\t\t\ttitle=\"_MG_3018\"\n\t\t\t\t\talt=\"_MG_3018\"\n\t\t\t\t\tsrc=\"https:\/\/www.events-bassen.de\/wp-content\/gallery\/2015-ernteumzug\/thumbs\/thumbs_MG_3018.jpg\"\n\t\t\t\t\twidth=\"120\"\n\t\t\t\t\theight=\"80\"\n\t\t\t\t\tstyle=\"max-width:100%;\"\n\t\t\t\t\/>\n\t\t\t<\/a>\n\t\t<\/div>\n\t\t\t\t\t\t\t<\/div>\n\t\t\t\n\t\t\t\t<div id=\"ngg-image-35\" class=\"ngg-gallery-thumbnail-box\n\t\t\t\t\t\t\t\t\t\t\t\"\n\t\t\t>\n\t\t\t\t\t\t<div class=\"ngg-gallery-thumbnail\">\n\t\t\t<a href=\"https:\/\/www.events-bassen.de\/wp-content\/gallery\/2015-ernteumzug\/IMG_1281.jpg\"\n\t\t\t\ttitle=\"\"\n\t\t\t\tdata-src=\"https:\/\/www.events-bassen.de\/wp-content\/gallery\/2015-ernteumzug\/IMG_1281.jpg\"\n\t\t\t\tdata-thumbnail=\"https:\/\/www.events-bassen.de\/wp-content\/gallery\/2015-ernteumzug\/thumbs\/thumbs_IMG_1281.jpg\"\n\t\t\t\tdata-image-id=\"1022\"\n\t\t\t\tdata-title=\"IMG_1281\"\n\t\t\t\tdata-description=\"\"\n\t\t\t\tdata-image-slug=\"img_1281\"\n\t\t\t\tclass=\"ngg-simplelightbox\" rel=\"cfd2605a49b51d9378aac4fcb4456663\">\n\t\t\t\t<img\n\t\t\t\t\ttitle=\"IMG_1281\"\n\t\t\t\t\talt=\"IMG_1281\"\n\t\t\t\t\tsrc=\"https:\/\/www.events-bassen.de\/wp-content\/gallery\/2015-ernteumzug\/thumbs\/thumbs_IMG_1281.jpg\"\n\t\t\t\t\twidth=\"120\"\n\t\t\t\t\theight=\"80\"\n\t\t\t\t\tstyle=\"max-width:100%;\"\n\t\t\t\t\/>\n\t\t\t<\/a>\n\t\t<\/div>\n\t\t\t\t\t\t\t<\/div>\n\t\t\t\n\t\t\t\t<div id=\"ngg-image-36\" class=\"ngg-gallery-thumbnail-box\n\t\t\t\t\t\t\t\t\t\t\t\"\n\t\t\t>\n\t\t\t\t\t\t<div class=\"ngg-gallery-thumbnail\">\n\t\t\t<a href=\"https:\/\/www.events-bassen.de\/wp-content\/gallery\/2015-ernteumzug\/MG_3025.jpg\"\n\t\t\t\ttitle=\"\"\n\t\t\t\tdata-src=\"https:\/\/www.events-bassen.de\/wp-content\/gallery\/2015-ernteumzug\/MG_3025.jpg\"\n\t\t\t\tdata-thumbnail=\"https:\/\/www.events-bassen.de\/wp-content\/gallery\/2015-ernteumzug\/thumbs\/thumbs_MG_3025.jpg\"\n\t\t\t\tdata-image-id=\"1024\"\n\t\t\t\tdata-title=\"_MG_3025\"\n\t\t\t\tdata-description=\"\"\n\t\t\t\tdata-image-slug=\"_mg_3025\"\n\t\t\t\tclass=\"ngg-simplelightbox\" rel=\"cfd2605a49b51d9378aac4fcb4456663\">\n\t\t\t\t<img\n\t\t\t\t\ttitle=\"_MG_3025\"\n\t\t\t\t\talt=\"_MG_3025\"\n\t\t\t\t\tsrc=\"https:\/\/www.events-bassen.de\/wp-content\/gallery\/2015-ernteumzug\/thumbs\/thumbs_MG_3025.jpg\"\n\t\t\t\t\twidth=\"120\"\n\t\t\t\t\theight=\"80\"\n\t\t\t\t\tstyle=\"max-width:100%;\"\n\t\t\t\t\/>\n\t\t\t<\/a>\n\t\t<\/div>\n\t\t\t\t\t\t\t<\/div>\n\t\t\t\n\t\t\t\t<div id=\"ngg-image-37\" class=\"ngg-gallery-thumbnail-box\n\t\t\t\t\t\t\t\t\t\t\t\"\n\t\t\t>\n\t\t\t\t\t\t<div class=\"ngg-gallery-thumbnail\">\n\t\t\t<a href=\"https:\/\/www.events-bassen.de\/wp-content\/gallery\/2015-ernteumzug\/IMG_1285.jpg\"\n\t\t\t\ttitle=\"\"\n\t\t\t\tdata-src=\"https:\/\/www.events-bassen.de\/wp-content\/gallery\/2015-ernteumzug\/IMG_1285.jpg\"\n\t\t\t\tdata-thumbnail=\"https:\/\/www.events-bassen.de\/wp-content\/gallery\/2015-ernteumzug\/thumbs\/thumbs_IMG_1285.jpg\"\n\t\t\t\tdata-image-id=\"1025\"\n\t\t\t\tdata-title=\"IMG_1285\"\n\t\t\t\tdata-description=\"\"\n\t\t\t\tdata-image-slug=\"img_1285\"\n\t\t\t\tclass=\"ngg-simplelightbox\" rel=\"cfd2605a49b51d9378aac4fcb4456663\">\n\t\t\t\t<img\n\t\t\t\t\ttitle=\"IMG_1285\"\n\t\t\t\t\talt=\"IMG_1285\"\n\t\t\t\t\tsrc=\"https:\/\/www.events-bassen.de\/wp-content\/gallery\/2015-ernteumzug\/thumbs\/thumbs_IMG_1285.jpg\"\n\t\t\t\t\twidth=\"120\"\n\t\t\t\t\theight=\"80\"\n\t\t\t\t\tstyle=\"max-width:100%;\"\n\t\t\t\t\/>\n\t\t\t<\/a>\n\t\t<\/div>\n\t\t\t\t\t\t\t<\/div>\n\t\t\t\n\t\t\t\t<div id=\"ngg-image-38\" class=\"ngg-gallery-thumbnail-box\n\t\t\t\t\t\t\t\t\t\t\t\"\n\t\t\t>\n\t\t\t\t\t\t<div class=\"ngg-gallery-thumbnail\">\n\t\t\t<a href=\"https:\/\/www.events-bassen.de\/wp-content\/gallery\/2015-ernteumzug\/IMG_1287.jpg\"\n\t\t\t\ttitle=\"\"\n\t\t\t\tdata-src=\"https:\/\/www.events-bassen.de\/wp-content\/gallery\/2015-ernteumzug\/IMG_1287.jpg\"\n\t\t\t\tdata-thumbnail=\"https:\/\/www.events-bassen.de\/wp-content\/gallery\/2015-ernteumzug\/thumbs\/thumbs_IMG_1287.jpg\"\n\t\t\t\tdata-image-id=\"1027\"\n\t\t\t\tdata-title=\"IMG_1287\"\n\t\t\t\tdata-description=\"\"\n\t\t\t\tdata-image-slug=\"img_1287\"\n\t\t\t\tclass=\"ngg-simplelightbox\" rel=\"cfd2605a49b51d9378aac4fcb4456663\">\n\t\t\t\t<img\n\t\t\t\t\ttitle=\"IMG_1287\"\n\t\t\t\t\talt=\"IMG_1287\"\n\t\t\t\t\tsrc=\"https:\/\/www.events-bassen.de\/wp-content\/gallery\/2015-ernteumzug\/thumbs\/thumbs_IMG_1287.jpg\"\n\t\t\t\t\twidth=\"120\"\n\t\t\t\t\theight=\"80\"\n\t\t\t\t\tstyle=\"max-width:100%;\"\n\t\t\t\t\/>\n\t\t\t<\/a>\n\t\t<\/div>\n\t\t\t\t\t\t\t<\/div>\n\t\t\t\n\t\t\t\t<div id=\"ngg-image-39\" class=\"ngg-gallery-thumbnail-box\n\t\t\t\t\t\t\t\t\t\t\t\"\n\t\t\t>\n\t\t\t\t\t\t<div class=\"ngg-gallery-thumbnail\">\n\t\t\t<a href=\"https:\/\/www.events-bassen.de\/wp-content\/gallery\/2015-ernteumzug\/IMG_1289.jpg\"\n\t\t\t\ttitle=\"\"\n\t\t\t\tdata-src=\"https:\/\/www.events-bassen.de\/wp-content\/gallery\/2015-ernteumzug\/IMG_1289.jpg\"\n\t\t\t\tdata-thumbnail=\"https:\/\/www.events-bassen.de\/wp-content\/gallery\/2015-ernteumzug\/thumbs\/thumbs_IMG_1289.jpg\"\n\t\t\t\tdata-image-id=\"1028\"\n\t\t\t\tdata-title=\"IMG_1289\"\n\t\t\t\tdata-description=\"\"\n\t\t\t\tdata-image-slug=\"img_1289\"\n\t\t\t\tclass=\"ngg-simplelightbox\" rel=\"cfd2605a49b51d9378aac4fcb4456663\">\n\t\t\t\t<img\n\t\t\t\t\ttitle=\"IMG_1289\"\n\t\t\t\t\talt=\"IMG_1289\"\n\t\t\t\t\tsrc=\"https:\/\/www.events-bassen.de\/wp-content\/gallery\/2015-ernteumzug\/thumbs\/thumbs_IMG_1289.jpg\"\n\t\t\t\t\twidth=\"120\"\n\t\t\t\t\theight=\"80\"\n\t\t\t\t\tstyle=\"max-width:100%;\"\n\t\t\t\t\/>\n\t\t\t<\/a>\n\t\t<\/div>\n\t\t\t\t\t\t\t<\/div>\n\t\t\t\n\t\t\t\t<div id=\"ngg-image-40\" class=\"ngg-gallery-thumbnail-box\n\t\t\t\t\t\t\t\t\t\t\t\"\n\t\t\t>\n\t\t\t\t\t\t<div class=\"ngg-gallery-thumbnail\">\n\t\t\t<a href=\"https:\/\/www.events-bassen.de\/wp-content\/gallery\/2015-ernteumzug\/MG_3034.jpg\"\n\t\t\t\ttitle=\"\"\n\t\t\t\tdata-src=\"https:\/\/www.events-bassen.de\/wp-content\/gallery\/2015-ernteumzug\/MG_3034.jpg\"\n\t\t\t\tdata-thumbnail=\"https:\/\/www.events-bassen.de\/wp-content\/gallery\/2015-ernteumzug\/thumbs\/thumbs_MG_3034.jpg\"\n\t\t\t\tdata-image-id=\"1029\"\n\t\t\t\tdata-title=\"_MG_3034\"\n\t\t\t\tdata-description=\"\"\n\t\t\t\tdata-image-slug=\"_mg_3034\"\n\t\t\t\tclass=\"ngg-simplelightbox\" rel=\"cfd2605a49b51d9378aac4fcb4456663\">\n\t\t\t\t<img\n\t\t\t\t\ttitle=\"_MG_3034\"\n\t\t\t\t\talt=\"_MG_3034\"\n\t\t\t\t\tsrc=\"https:\/\/www.events-bassen.de\/wp-content\/gallery\/2015-ernteumzug\/thumbs\/thumbs_MG_3034.jpg\"\n\t\t\t\t\twidth=\"120\"\n\t\t\t\t\theight=\"80\"\n\t\t\t\t\tstyle=\"max-width:100%;\"\n\t\t\t\t\/>\n\t\t\t<\/a>\n\t\t<\/div>\n\t\t\t\t\t\t\t<\/div>\n\t\t\t\n\t\t\t\t<div id=\"ngg-image-41\" class=\"ngg-gallery-thumbnail-box\n\t\t\t\t\t\t\t\t\t\t\t\"\n\t\t\t>\n\t\t\t\t\t\t<div class=\"ngg-gallery-thumbnail\">\n\t\t\t<a href=\"https:\/\/www.events-bassen.de\/wp-content\/gallery\/2015-ernteumzug\/IMG_1293.jpg\"\n\t\t\t\ttitle=\"\"\n\t\t\t\tdata-src=\"https:\/\/www.events-bassen.de\/wp-content\/gallery\/2015-ernteumzug\/IMG_1293.jpg\"\n\t\t\t\tdata-thumbnail=\"https:\/\/www.events-bassen.de\/wp-content\/gallery\/2015-ernteumzug\/thumbs\/thumbs_IMG_1293.jpg\"\n\t\t\t\tdata-image-id=\"1032\"\n\t\t\t\tdata-title=\"IMG_1293\"\n\t\t\t\tdata-description=\"\"\n\t\t\t\tdata-image-slug=\"img_1293\"\n\t\t\t\tclass=\"ngg-simplelightbox\" rel=\"cfd2605a49b51d9378aac4fcb4456663\">\n\t\t\t\t<img\n\t\t\t\t\ttitle=\"IMG_1293\"\n\t\t\t\t\talt=\"IMG_1293\"\n\t\t\t\t\tsrc=\"https:\/\/www.events-bassen.de\/wp-content\/gallery\/2015-ernteumzug\/thumbs\/thumbs_IMG_1293.jpg\"\n\t\t\t\t\twidth=\"120\"\n\t\t\t\t\theight=\"80\"\n\t\t\t\t\tstyle=\"max-width:100%;\"\n\t\t\t\t\/>\n\t\t\t<\/a>\n\t\t<\/div>\n\t\t\t\t\t\t\t<\/div>\n\t\t\t\n\t\t\t\t<div id=\"ngg-image-42\" class=\"ngg-gallery-thumbnail-box\n\t\t\t\t\t\t\t\t\t\t\t\"\n\t\t\t>\n\t\t\t\t\t\t<div class=\"ngg-gallery-thumbnail\">\n\t\t\t<a href=\"https:\/\/www.events-bassen.de\/wp-content\/gallery\/2015-ernteumzug\/MG_3042.jpg\"\n\t\t\t\ttitle=\"\"\n\t\t\t\tdata-src=\"https:\/\/www.events-bassen.de\/wp-content\/gallery\/2015-ernteumzug\/MG_3042.jpg\"\n\t\t\t\tdata-thumbnail=\"https:\/\/www.events-bassen.de\/wp-content\/gallery\/2015-ernteumzug\/thumbs\/thumbs_MG_3042.jpg\"\n\t\t\t\tdata-image-id=\"1033\"\n\t\t\t\tdata-title=\"_MG_3042\"\n\t\t\t\tdata-description=\"\"\n\t\t\t\tdata-image-slug=\"_mg_3042\"\n\t\t\t\tclass=\"ngg-simplelightbox\" rel=\"cfd2605a49b51d9378aac4fcb4456663\">\n\t\t\t\t<img\n\t\t\t\t\ttitle=\"_MG_3042\"\n\t\t\t\t\talt=\"_MG_3042\"\n\t\t\t\t\tsrc=\"https:\/\/www.events-bassen.de\/wp-content\/gallery\/2015-ernteumzug\/thumbs\/thumbs_MG_3042.jpg\"\n\t\t\t\t\twidth=\"120\"\n\t\t\t\t\theight=\"80\"\n\t\t\t\t\tstyle=\"max-width:100%;\"\n\t\t\t\t\/>\n\t\t\t<\/a>\n\t\t<\/div>\n\t\t\t\t\t\t\t<\/div>\n\t\t\t\n\t\t\t\t<div id=\"ngg-image-43\" class=\"ngg-gallery-thumbnail-box\n\t\t\t\t\t\t\t\t\t\t\t\"\n\t\t\t>\n\t\t\t\t\t\t<div class=\"ngg-gallery-thumbnail\">\n\t\t\t<a href=\"https:\/\/www.events-bassen.de\/wp-content\/gallery\/2015-ernteumzug\/MG_3046.jpg\"\n\t\t\t\ttitle=\"\"\n\t\t\t\tdata-src=\"https:\/\/www.events-bassen.de\/wp-content\/gallery\/2015-ernteumzug\/MG_3046.jpg\"\n\t\t\t\tdata-thumbnail=\"https:\/\/www.events-bassen.de\/wp-content\/gallery\/2015-ernteumzug\/thumbs\/thumbs_MG_3046.jpg\"\n\t\t\t\tdata-image-id=\"1036\"\n\t\t\t\tdata-title=\"_MG_3046\"\n\t\t\t\tdata-description=\"\"\n\t\t\t\tdata-image-slug=\"_mg_3046\"\n\t\t\t\tclass=\"ngg-simplelightbox\" rel=\"cfd2605a49b51d9378aac4fcb4456663\">\n\t\t\t\t<img\n\t\t\t\t\ttitle=\"_MG_3046\"\n\t\t\t\t\talt=\"_MG_3046\"\n\t\t\t\t\tsrc=\"https:\/\/www.events-bassen.de\/wp-content\/gallery\/2015-ernteumzug\/thumbs\/thumbs_MG_3046.jpg\"\n\t\t\t\t\twidth=\"120\"\n\t\t\t\t\theight=\"80\"\n\t\t\t\t\tstyle=\"max-width:100%;\"\n\t\t\t\t\/>\n\t\t\t<\/a>\n\t\t<\/div>\n\t\t\t\t\t\t\t<\/div>\n\t\t\t\n\t\t\t\t<div id=\"ngg-image-44\" class=\"ngg-gallery-thumbnail-box\n\t\t\t\t\t\t\t\t\t\t\t\"\n\t\t\t>\n\t\t\t\t\t\t<div class=\"ngg-gallery-thumbnail\">\n\t\t\t<a href=\"https:\/\/www.events-bassen.de\/wp-content\/gallery\/2015-ernteumzug\/MG_3049.jpg\"\n\t\t\t\ttitle=\"\"\n\t\t\t\tdata-src=\"https:\/\/www.events-bassen.de\/wp-content\/gallery\/2015-ernteumzug\/MG_3049.jpg\"\n\t\t\t\tdata-thumbnail=\"https:\/\/www.events-bassen.de\/wp-content\/gallery\/2015-ernteumzug\/thumbs\/thumbs_MG_3049.jpg\"\n\t\t\t\tdata-image-id=\"1038\"\n\t\t\t\tdata-title=\"_MG_3049\"\n\t\t\t\tdata-description=\"\"\n\t\t\t\tdata-image-slug=\"_mg_3049\"\n\t\t\t\tclass=\"ngg-simplelightbox\" rel=\"cfd2605a49b51d9378aac4fcb4456663\">\n\t\t\t\t<img\n\t\t\t\t\ttitle=\"_MG_3049\"\n\t\t\t\t\talt=\"_MG_3049\"\n\t\t\t\t\tsrc=\"https:\/\/www.events-bassen.de\/wp-content\/gallery\/2015-ernteumzug\/thumbs\/thumbs_MG_3049.jpg\"\n\t\t\t\t\twidth=\"120\"\n\t\t\t\t\theight=\"80\"\n\t\t\t\t\tstyle=\"max-width:100%;\"\n\t\t\t\t\/>\n\t\t\t<\/a>\n\t\t<\/div>\n\t\t\t\t\t\t\t<\/div>\n\t\t\t\n\t\t\t\t<div id=\"ngg-image-45\" class=\"ngg-gallery-thumbnail-box\n\t\t\t\t\t\t\t\t\t\t\t\"\n\t\t\t>\n\t\t\t\t\t\t<div class=\"ngg-gallery-thumbnail\">\n\t\t\t<a href=\"https:\/\/www.events-bassen.de\/wp-content\/gallery\/2015-ernteumzug\/IMG_1302.jpg\"\n\t\t\t\ttitle=\"\"\n\t\t\t\tdata-src=\"https:\/\/www.events-bassen.de\/wp-content\/gallery\/2015-ernteumzug\/IMG_1302.jpg\"\n\t\t\t\tdata-thumbnail=\"https:\/\/www.events-bassen.de\/wp-content\/gallery\/2015-ernteumzug\/thumbs\/thumbs_IMG_1302.jpg\"\n\t\t\t\tdata-image-id=\"1039\"\n\t\t\t\tdata-title=\"IMG_1302\"\n\t\t\t\tdata-description=\"\"\n\t\t\t\tdata-image-slug=\"img_1302\"\n\t\t\t\tclass=\"ngg-simplelightbox\" rel=\"cfd2605a49b51d9378aac4fcb4456663\">\n\t\t\t\t<img\n\t\t\t\t\ttitle=\"IMG_1302\"\n\t\t\t\t\talt=\"IMG_1302\"\n\t\t\t\t\tsrc=\"https:\/\/www.events-bassen.de\/wp-content\/gallery\/2015-ernteumzug\/thumbs\/thumbs_IMG_1302.jpg\"\n\t\t\t\t\twidth=\"120\"\n\t\t\t\t\theight=\"80\"\n\t\t\t\t\tstyle=\"max-width:100%;\"\n\t\t\t\t\/>\n\t\t\t<\/a>\n\t\t<\/div>\n\t\t\t\t\t\t\t<\/div>\n\t\t\t\n\t\t\t\t<div id=\"ngg-image-46\" class=\"ngg-gallery-thumbnail-box\n\t\t\t\t\t\t\t\t\t\t\t\"\n\t\t\t>\n\t\t\t\t\t\t<div class=\"ngg-gallery-thumbnail\">\n\t\t\t<a href=\"https:\/\/www.events-bassen.de\/wp-content\/gallery\/2015-ernteumzug\/MG_3052.jpg\"\n\t\t\t\ttitle=\"\"\n\t\t\t\tdata-src=\"https:\/\/www.events-bassen.de\/wp-content\/gallery\/2015-ernteumzug\/MG_3052.jpg\"\n\t\t\t\tdata-thumbnail=\"https:\/\/www.events-bassen.de\/wp-content\/gallery\/2015-ernteumzug\/thumbs\/thumbs_MG_3052.jpg\"\n\t\t\t\tdata-image-id=\"1041\"\n\t\t\t\tdata-title=\"_MG_3052\"\n\t\t\t\tdata-description=\"\"\n\t\t\t\tdata-image-slug=\"_mg_3052\"\n\t\t\t\tclass=\"ngg-simplelightbox\" rel=\"cfd2605a49b51d9378aac4fcb4456663\">\n\t\t\t\t<img\n\t\t\t\t\ttitle=\"_MG_3052\"\n\t\t\t\t\talt=\"_MG_3052\"\n\t\t\t\t\tsrc=\"https:\/\/www.events-bassen.de\/wp-content\/gallery\/2015-ernteumzug\/thumbs\/thumbs_MG_3052.jpg\"\n\t\t\t\t\twidth=\"120\"\n\t\t\t\t\theight=\"80\"\n\t\t\t\t\tstyle=\"max-width:100%;\"\n\t\t\t\t\/>\n\t\t\t<\/a>\n\t\t<\/div>\n\t\t\t\t\t\t\t<\/div>\n\t\t\t\n\t\t\t\t<div id=\"ngg-image-47\" class=\"ngg-gallery-thumbnail-box\n\t\t\t\t\t\t\t\t\t\t\t\"\n\t\t\t>\n\t\t\t\t\t\t<div class=\"ngg-gallery-thumbnail\">\n\t\t\t<a href=\"https:\/\/www.events-bassen.de\/wp-content\/gallery\/2015-ernteumzug\/IMG_1305.jpg\"\n\t\t\t\ttitle=\"\"\n\t\t\t\tdata-src=\"https:\/\/www.events-bassen.de\/wp-content\/gallery\/2015-ernteumzug\/IMG_1305.jpg\"\n\t\t\t\tdata-thumbnail=\"https:\/\/www.events-bassen.de\/wp-content\/gallery\/2015-ernteumzug\/thumbs\/thumbs_IMG_1305.jpg\"\n\t\t\t\tdata-image-id=\"1042\"\n\t\t\t\tdata-title=\"IMG_1305\"\n\t\t\t\tdata-description=\"\"\n\t\t\t\tdata-image-slug=\"img_1305\"\n\t\t\t\tclass=\"ngg-simplelightbox\" rel=\"cfd2605a49b51d9378aac4fcb4456663\">\n\t\t\t\t<img\n\t\t\t\t\ttitle=\"IMG_1305\"\n\t\t\t\t\talt=\"IMG_1305\"\n\t\t\t\t\tsrc=\"https:\/\/www.events-bassen.de\/wp-content\/gallery\/2015-ernteumzug\/thumbs\/thumbs_IMG_1305.jpg\"\n\t\t\t\t\twidth=\"120\"\n\t\t\t\t\theight=\"80\"\n\t\t\t\t\tstyle=\"max-width:100%;\"\n\t\t\t\t\/>\n\t\t\t<\/a>\n\t\t<\/div>\n\t\t\t\t\t\t\t<\/div>\n\t\t\t\n\t\t\t\t<div id=\"ngg-image-48\" class=\"ngg-gallery-thumbnail-box\n\t\t\t\t\t\t\t\t\t\t\t\"\n\t\t\t>\n\t\t\t\t\t\t<div class=\"ngg-gallery-thumbnail\">\n\t\t\t<a href=\"https:\/\/www.events-bassen.de\/wp-content\/gallery\/2015-ernteumzug\/MG_3055.jpg\"\n\t\t\t\ttitle=\"\"\n\t\t\t\tdata-src=\"https:\/\/www.events-bassen.de\/wp-content\/gallery\/2015-ernteumzug\/MG_3055.jpg\"\n\t\t\t\tdata-thumbnail=\"https:\/\/www.events-bassen.de\/wp-content\/gallery\/2015-ernteumzug\/thumbs\/thumbs_MG_3055.jpg\"\n\t\t\t\tdata-image-id=\"1043\"\n\t\t\t\tdata-title=\"_MG_3055\"\n\t\t\t\tdata-description=\"\"\n\t\t\t\tdata-image-slug=\"_mg_3055\"\n\t\t\t\tclass=\"ngg-simplelightbox\" rel=\"cfd2605a49b51d9378aac4fcb4456663\">\n\t\t\t\t<img\n\t\t\t\t\ttitle=\"_MG_3055\"\n\t\t\t\t\talt=\"_MG_3055\"\n\t\t\t\t\tsrc=\"https:\/\/www.events-bassen.de\/wp-content\/gallery\/2015-ernteumzug\/thumbs\/thumbs_MG_3055.jpg\"\n\t\t\t\t\twidth=\"120\"\n\t\t\t\t\theight=\"80\"\n\t\t\t\t\tstyle=\"max-width:100%;\"\n\t\t\t\t\/>\n\t\t\t<\/a>\n\t\t<\/div>\n\t\t\t\t\t\t\t<\/div>\n\t\t\t\n\t\t\t\t<div id=\"ngg-image-49\" class=\"ngg-gallery-thumbnail-box\n\t\t\t\t\t\t\t\t\t\t\t\"\n\t\t\t>\n\t\t\t\t\t\t<div class=\"ngg-gallery-thumbnail\">\n\t\t\t<a href=\"https:\/\/www.events-bassen.de\/wp-content\/gallery\/2015-ernteumzug\/IMG_1307.jpg\"\n\t\t\t\ttitle=\"\"\n\t\t\t\tdata-src=\"https:\/\/www.events-bassen.de\/wp-content\/gallery\/2015-ernteumzug\/IMG_1307.jpg\"\n\t\t\t\tdata-thumbnail=\"https:\/\/www.events-bassen.de\/wp-content\/gallery\/2015-ernteumzug\/thumbs\/thumbs_IMG_1307.jpg\"\n\t\t\t\tdata-image-id=\"1045\"\n\t\t\t\tdata-title=\"IMG_1307\"\n\t\t\t\tdata-description=\"\"\n\t\t\t\tdata-image-slug=\"img_1307\"\n\t\t\t\tclass=\"ngg-simplelightbox\" rel=\"cfd2605a49b51d9378aac4fcb4456663\">\n\t\t\t\t<img\n\t\t\t\t\ttitle=\"IMG_1307\"\n\t\t\t\t\talt=\"IMG_1307\"\n\t\t\t\t\tsrc=\"https:\/\/www.events-bassen.de\/wp-content\/gallery\/2015-ernteumzug\/thumbs\/thumbs_IMG_1307.jpg\"\n\t\t\t\t\twidth=\"120\"\n\t\t\t\t\theight=\"80\"\n\t\t\t\t\tstyle=\"max-width:100%;\"\n\t\t\t\t\/>\n\t\t\t<\/a>\n\t\t<\/div>\n\t\t\t\t\t\t\t<\/div>\n\t\t\t\n\t\t\t\t<div id=\"ngg-image-50\" class=\"ngg-gallery-thumbnail-box\n\t\t\t\t\t\t\t\t\t\t\t\"\n\t\t\t>\n\t\t\t\t\t\t<div class=\"ngg-gallery-thumbnail\">\n\t\t\t<a href=\"https:\/\/www.events-bassen.de\/wp-content\/gallery\/2015-ernteumzug\/MG_3059.jpg\"\n\t\t\t\ttitle=\"\"\n\t\t\t\tdata-src=\"https:\/\/www.events-bassen.de\/wp-content\/gallery\/2015-ernteumzug\/MG_3059.jpg\"\n\t\t\t\tdata-thumbnail=\"https:\/\/www.events-bassen.de\/wp-content\/gallery\/2015-ernteumzug\/thumbs\/thumbs_MG_3059.jpg\"\n\t\t\t\tdata-image-id=\"1046\"\n\t\t\t\tdata-title=\"_MG_3059\"\n\t\t\t\tdata-description=\"\"\n\t\t\t\tdata-image-slug=\"_mg_3059\"\n\t\t\t\tclass=\"ngg-simplelightbox\" rel=\"cfd2605a49b51d9378aac4fcb4456663\">\n\t\t\t\t<img\n\t\t\t\t\ttitle=\"_MG_3059\"\n\t\t\t\t\talt=\"_MG_3059\"\n\t\t\t\t\tsrc=\"https:\/\/www.events-bassen.de\/wp-content\/gallery\/2015-ernteumzug\/thumbs\/thumbs_MG_3059.jpg\"\n\t\t\t\t\twidth=\"120\"\n\t\t\t\t\theight=\"80\"\n\t\t\t\t\tstyle=\"max-width:100%;\"\n\t\t\t\t\/>\n\t\t\t<\/a>\n\t\t<\/div>\n\t\t\t\t\t\t\t<\/div>\n\t\t\t\n\t\t\t\t<div id=\"ngg-image-51\" class=\"ngg-gallery-thumbnail-box\n\t\t\t\t\t\t\t\t\t\t\t\"\n\t\t\t>\n\t\t\t\t\t\t<div class=\"ngg-gallery-thumbnail\">\n\t\t\t<a href=\"https:\/\/www.events-bassen.de\/wp-content\/gallery\/2015-ernteumzug\/IMG_1310.jpg\"\n\t\t\t\ttitle=\"\"\n\t\t\t\tdata-src=\"https:\/\/www.events-bassen.de\/wp-content\/gallery\/2015-ernteumzug\/IMG_1310.jpg\"\n\t\t\t\tdata-thumbnail=\"https:\/\/www.events-bassen.de\/wp-content\/gallery\/2015-ernteumzug\/thumbs\/thumbs_IMG_1310.jpg\"\n\t\t\t\tdata-image-id=\"1047\"\n\t\t\t\tdata-title=\"IMG_1310\"\n\t\t\t\tdata-description=\"\"\n\t\t\t\tdata-image-slug=\"img_1310\"\n\t\t\t\tclass=\"ngg-simplelightbox\" rel=\"cfd2605a49b51d9378aac4fcb4456663\">\n\t\t\t\t<img\n\t\t\t\t\ttitle=\"IMG_1310\"\n\t\t\t\t\talt=\"IMG_1310\"\n\t\t\t\t\tsrc=\"https:\/\/www.events-bassen.de\/wp-content\/gallery\/2015-ernteumzug\/thumbs\/thumbs_IMG_1310.jpg\"\n\t\t\t\t\twidth=\"120\"\n\t\t\t\t\theight=\"80\"\n\t\t\t\t\tstyle=\"max-width:100%;\"\n\t\t\t\t\/>\n\t\t\t<\/a>\n\t\t<\/div>\n\t\t\t\t\t\t\t<\/div>\n\t\t\t\n\t\t\t\t<div id=\"ngg-image-52\" class=\"ngg-gallery-thumbnail-box\n\t\t\t\t\t\t\t\t\t\t\t\"\n\t\t\t>\n\t\t\t\t\t\t<div class=\"ngg-gallery-thumbnail\">\n\t\t\t<a href=\"https:\/\/www.events-bassen.de\/wp-content\/gallery\/2015-ernteumzug\/MG_3067.jpg\"\n\t\t\t\ttitle=\"\"\n\t\t\t\tdata-src=\"https:\/\/www.events-bassen.de\/wp-content\/gallery\/2015-ernteumzug\/MG_3067.jpg\"\n\t\t\t\tdata-thumbnail=\"https:\/\/www.events-bassen.de\/wp-content\/gallery\/2015-ernteumzug\/thumbs\/thumbs_MG_3067.jpg\"\n\t\t\t\tdata-image-id=\"1049\"\n\t\t\t\tdata-title=\"_MG_3067\"\n\t\t\t\tdata-description=\"\"\n\t\t\t\tdata-image-slug=\"_mg_3067\"\n\t\t\t\tclass=\"ngg-simplelightbox\" rel=\"cfd2605a49b51d9378aac4fcb4456663\">\n\t\t\t\t<img\n\t\t\t\t\ttitle=\"_MG_3067\"\n\t\t\t\t\talt=\"_MG_3067\"\n\t\t\t\t\tsrc=\"https:\/\/www.events-bassen.de\/wp-content\/gallery\/2015-ernteumzug\/thumbs\/thumbs_MG_3067.jpg\"\n\t\t\t\t\twidth=\"120\"\n\t\t\t\t\theight=\"80\"\n\t\t\t\t\tstyle=\"max-width:100%;\"\n\t\t\t\t\/>\n\t\t\t<\/a>\n\t\t<\/div>\n\t\t\t\t\t\t\t<\/div>\n\t\t\t\n\t\t\t\t<div id=\"ngg-image-53\" class=\"ngg-gallery-thumbnail-box\n\t\t\t\t\t\t\t\t\t\t\t\"\n\t\t\t>\n\t\t\t\t\t\t<div class=\"ngg-gallery-thumbnail\">\n\t\t\t<a href=\"https:\/\/www.events-bassen.de\/wp-content\/gallery\/2015-ernteumzug\/IMG_1313.jpg\"\n\t\t\t\ttitle=\"\"\n\t\t\t\tdata-src=\"https:\/\/www.events-bassen.de\/wp-content\/gallery\/2015-ernteumzug\/IMG_1313.jpg\"\n\t\t\t\tdata-thumbnail=\"https:\/\/www.events-bassen.de\/wp-content\/gallery\/2015-ernteumzug\/thumbs\/thumbs_IMG_1313.jpg\"\n\t\t\t\tdata-image-id=\"1050\"\n\t\t\t\tdata-title=\"IMG_1313\"\n\t\t\t\tdata-description=\"\"\n\t\t\t\tdata-image-slug=\"img_1313\"\n\t\t\t\tclass=\"ngg-simplelightbox\" rel=\"cfd2605a49b51d9378aac4fcb4456663\">\n\t\t\t\t<img\n\t\t\t\t\ttitle=\"IMG_1313\"\n\t\t\t\t\talt=\"IMG_1313\"\n\t\t\t\t\tsrc=\"https:\/\/www.events-bassen.de\/wp-content\/gallery\/2015-ernteumzug\/thumbs\/thumbs_IMG_1313.jpg\"\n\t\t\t\t\twidth=\"120\"\n\t\t\t\t\theight=\"80\"\n\t\t\t\t\tstyle=\"max-width:100%;\"\n\t\t\t\t\/>\n\t\t\t<\/a>\n\t\t<\/div>\n\t\t\t\t\t\t\t<\/div>\n\t\t\t\n\t\t\t\t<div id=\"ngg-image-54\" class=\"ngg-gallery-thumbnail-box\n\t\t\t\t\t\t\t\t\t\t\t\"\n\t\t\t>\n\t\t\t\t\t\t<div class=\"ngg-gallery-thumbnail\">\n\t\t\t<a href=\"https:\/\/www.events-bassen.de\/wp-content\/gallery\/2015-ernteumzug\/IMG_1315.jpg\"\n\t\t\t\ttitle=\"\"\n\t\t\t\tdata-src=\"https:\/\/www.events-bassen.de\/wp-content\/gallery\/2015-ernteumzug\/IMG_1315.jpg\"\n\t\t\t\tdata-thumbnail=\"https:\/\/www.events-bassen.de\/wp-content\/gallery\/2015-ernteumzug\/thumbs\/thumbs_IMG_1315.jpg\"\n\t\t\t\tdata-image-id=\"1052\"\n\t\t\t\tdata-title=\"IMG_1315\"\n\t\t\t\tdata-description=\"\"\n\t\t\t\tdata-image-slug=\"img_1315\"\n\t\t\t\tclass=\"ngg-simplelightbox\" rel=\"cfd2605a49b51d9378aac4fcb4456663\">\n\t\t\t\t<img\n\t\t\t\t\ttitle=\"IMG_1315\"\n\t\t\t\t\talt=\"IMG_1315\"\n\t\t\t\t\tsrc=\"https:\/\/www.events-bassen.de\/wp-content\/gallery\/2015-ernteumzug\/thumbs\/thumbs_IMG_1315.jpg\"\n\t\t\t\t\twidth=\"120\"\n\t\t\t\t\theight=\"80\"\n\t\t\t\t\tstyle=\"max-width:100%;\"\n\t\t\t\t\/>\n\t\t\t<\/a>\n\t\t<\/div>\n\t\t\t\t\t\t\t<\/div>\n\t\t\t\n\t\t\t\t<div id=\"ngg-image-55\" class=\"ngg-gallery-thumbnail-box\n\t\t\t\t\t\t\t\t\t\t\t\"\n\t\t\t>\n\t\t\t\t\t\t<div class=\"ngg-gallery-thumbnail\">\n\t\t\t<a href=\"https:\/\/www.events-bassen.de\/wp-content\/gallery\/2015-ernteumzug\/IMG_1321.jpg\"\n\t\t\t\ttitle=\"\"\n\t\t\t\tdata-src=\"https:\/\/www.events-bassen.de\/wp-content\/gallery\/2015-ernteumzug\/IMG_1321.jpg\"\n\t\t\t\tdata-thumbnail=\"https:\/\/www.events-bassen.de\/wp-content\/gallery\/2015-ernteumzug\/thumbs\/thumbs_IMG_1321.jpg\"\n\t\t\t\tdata-image-id=\"1054\"\n\t\t\t\tdata-title=\"IMG_1321\"\n\t\t\t\tdata-description=\"\"\n\t\t\t\tdata-image-slug=\"img_1321\"\n\t\t\t\tclass=\"ngg-simplelightbox\" rel=\"cfd2605a49b51d9378aac4fcb4456663\">\n\t\t\t\t<img\n\t\t\t\t\ttitle=\"IMG_1321\"\n\t\t\t\t\talt=\"IMG_1321\"\n\t\t\t\t\tsrc=\"https:\/\/www.events-bassen.de\/wp-content\/gallery\/2015-ernteumzug\/thumbs\/thumbs_IMG_1321.jpg\"\n\t\t\t\t\twidth=\"120\"\n\t\t\t\t\theight=\"80\"\n\t\t\t\t\tstyle=\"max-width:100%;\"\n\t\t\t\t\/>\n\t\t\t<\/a>\n\t\t<\/div>\n\t\t\t\t\t\t\t<\/div>\n\t\t\t\n\t\t\t\t<div id=\"ngg-image-56\" class=\"ngg-gallery-thumbnail-box\n\t\t\t\t\t\t\t\t\t\t\t\"\n\t\t\t>\n\t\t\t\t\t\t<div class=\"ngg-gallery-thumbnail\">\n\t\t\t<a href=\"https:\/\/www.events-bassen.de\/wp-content\/gallery\/2015-ernteumzug\/MG_3078.jpg\"\n\t\t\t\ttitle=\"\"\n\t\t\t\tdata-src=\"https:\/\/www.events-bassen.de\/wp-content\/gallery\/2015-ernteumzug\/MG_3078.jpg\"\n\t\t\t\tdata-thumbnail=\"https:\/\/www.events-bassen.de\/wp-content\/gallery\/2015-ernteumzug\/thumbs\/thumbs_MG_3078.jpg\"\n\t\t\t\tdata-image-id=\"1056\"\n\t\t\t\tdata-title=\"_MG_3078\"\n\t\t\t\tdata-description=\"\"\n\t\t\t\tdata-image-slug=\"_mg_3078\"\n\t\t\t\tclass=\"ngg-simplelightbox\" rel=\"cfd2605a49b51d9378aac4fcb4456663\">\n\t\t\t\t<img\n\t\t\t\t\ttitle=\"_MG_3078\"\n\t\t\t\t\talt=\"_MG_3078\"\n\t\t\t\t\tsrc=\"https:\/\/www.events-bassen.de\/wp-content\/gallery\/2015-ernteumzug\/thumbs\/thumbs_MG_3078.jpg\"\n\t\t\t\t\twidth=\"120\"\n\t\t\t\t\theight=\"80\"\n\t\t\t\t\tstyle=\"max-width:100%;\"\n\t\t\t\t\/>\n\t\t\t<\/a>\n\t\t<\/div>\n\t\t\t\t\t\t\t<\/div>\n\t\t\t\n\t\t\t\t<div id=\"ngg-image-57\" class=\"ngg-gallery-thumbnail-box\n\t\t\t\t\t\t\t\t\t\t\t\"\n\t\t\t>\n\t\t\t\t\t\t<div class=\"ngg-gallery-thumbnail\">\n\t\t\t<a href=\"https:\/\/www.events-bassen.de\/wp-content\/gallery\/2015-ernteumzug\/IMG_1323.jpg\"\n\t\t\t\ttitle=\"\"\n\t\t\t\tdata-src=\"https:\/\/www.events-bassen.de\/wp-content\/gallery\/2015-ernteumzug\/IMG_1323.jpg\"\n\t\t\t\tdata-thumbnail=\"https:\/\/www.events-bassen.de\/wp-content\/gallery\/2015-ernteumzug\/thumbs\/thumbs_IMG_1323.jpg\"\n\t\t\t\tdata-image-id=\"1057\"\n\t\t\t\tdata-title=\"IMG_1323\"\n\t\t\t\tdata-description=\"\"\n\t\t\t\tdata-image-slug=\"img_1323\"\n\t\t\t\tclass=\"ngg-simplelightbox\" rel=\"cfd2605a49b51d9378aac4fcb4456663\">\n\t\t\t\t<img\n\t\t\t\t\ttitle=\"IMG_1323\"\n\t\t\t\t\talt=\"IMG_1323\"\n\t\t\t\t\tsrc=\"https:\/\/www.events-bassen.de\/wp-content\/gallery\/2015-ernteumzug\/thumbs\/thumbs_IMG_1323.jpg\"\n\t\t\t\t\twidth=\"120\"\n\t\t\t\t\theight=\"80\"\n\t\t\t\t\tstyle=\"max-width:100%;\"\n\t\t\t\t\/>\n\t\t\t<\/a>\n\t\t<\/div>\n\t\t\t\t\t\t\t<\/div>\n\t\t\t\n\t\t\t\t<div id=\"ngg-image-58\" class=\"ngg-gallery-thumbnail-box\n\t\t\t\t\t\t\t\t\t\t\t\"\n\t\t\t>\n\t\t\t\t\t\t<div class=\"ngg-gallery-thumbnail\">\n\t\t\t<a href=\"https:\/\/www.events-bassen.de\/wp-content\/gallery\/2015-ernteumzug\/MG_3081.jpg\"\n\t\t\t\ttitle=\"\"\n\t\t\t\tdata-src=\"https:\/\/www.events-bassen.de\/wp-content\/gallery\/2015-ernteumzug\/MG_3081.jpg\"\n\t\t\t\tdata-thumbnail=\"https:\/\/www.events-bassen.de\/wp-content\/gallery\/2015-ernteumzug\/thumbs\/thumbs_MG_3081.jpg\"\n\t\t\t\tdata-image-id=\"1060\"\n\t\t\t\tdata-title=\"_MG_3081\"\n\t\t\t\tdata-description=\"\"\n\t\t\t\tdata-image-slug=\"_mg_3081\"\n\t\t\t\tclass=\"ngg-simplelightbox\" rel=\"cfd2605a49b51d9378aac4fcb4456663\">\n\t\t\t\t<img\n\t\t\t\t\ttitle=\"_MG_3081\"\n\t\t\t\t\talt=\"_MG_3081\"\n\t\t\t\t\tsrc=\"https:\/\/www.events-bassen.de\/wp-content\/gallery\/2015-ernteumzug\/thumbs\/thumbs_MG_3081.jpg\"\n\t\t\t\t\twidth=\"120\"\n\t\t\t\t\theight=\"80\"\n\t\t\t\t\tstyle=\"max-width:100%;\"\n\t\t\t\t\/>\n\t\t\t<\/a>\n\t\t<\/div>\n\t\t\t\t\t\t\t<\/div>\n\t\t\t\n\t\t\t\t<div id=\"ngg-image-59\" class=\"ngg-gallery-thumbnail-box\n\t\t\t\t\t\t\t\t\t\t\t\"\n\t\t\t>\n\t\t\t\t\t\t<div class=\"ngg-gallery-thumbnail\">\n\t\t\t<a href=\"https:\/\/www.events-bassen.de\/wp-content\/gallery\/2015-ernteumzug\/IMG_1327.jpg\"\n\t\t\t\ttitle=\"\"\n\t\t\t\tdata-src=\"https:\/\/www.events-bassen.de\/wp-content\/gallery\/2015-ernteumzug\/IMG_1327.jpg\"\n\t\t\t\tdata-thumbnail=\"https:\/\/www.events-bassen.de\/wp-content\/gallery\/2015-ernteumzug\/thumbs\/thumbs_IMG_1327.jpg\"\n\t\t\t\tdata-image-id=\"1061\"\n\t\t\t\tdata-title=\"IMG_1327\"\n\t\t\t\tdata-description=\"\"\n\t\t\t\tdata-image-slug=\"img_1327\"\n\t\t\t\tclass=\"ngg-simplelightbox\" rel=\"cfd2605a49b51d9378aac4fcb4456663\">\n\t\t\t\t<img\n\t\t\t\t\ttitle=\"IMG_1327\"\n\t\t\t\t\talt=\"IMG_1327\"\n\t\t\t\t\tsrc=\"https:\/\/www.events-bassen.de\/wp-content\/gallery\/2015-ernteumzug\/thumbs\/thumbs_IMG_1327.jpg\"\n\t\t\t\t\twidth=\"120\"\n\t\t\t\t\theight=\"80\"\n\t\t\t\t\tstyle=\"max-width:100%;\"\n\t\t\t\t\/>\n\t\t\t<\/a>\n\t\t<\/div>\n\t\t\t\t\t\t\t<\/div>\n\t\t\t\n\t\t\t\t<div id=\"ngg-image-60\" class=\"ngg-gallery-thumbnail-box\n\t\t\t\t\t\t\t\t\t\t\t\"\n\t\t\t>\n\t\t\t\t\t\t<div class=\"ngg-gallery-thumbnail\">\n\t\t\t<a href=\"https:\/\/www.events-bassen.de\/wp-content\/gallery\/2015-ernteumzug\/MG_3084.jpg\"\n\t\t\t\ttitle=\"\"\n\t\t\t\tdata-src=\"https:\/\/www.events-bassen.de\/wp-content\/gallery\/2015-ernteumzug\/MG_3084.jpg\"\n\t\t\t\tdata-thumbnail=\"https:\/\/www.events-bassen.de\/wp-content\/gallery\/2015-ernteumzug\/thumbs\/thumbs_MG_3084.jpg\"\n\t\t\t\tdata-image-id=\"1062\"\n\t\t\t\tdata-title=\"_MG_3084\"\n\t\t\t\tdata-description=\"\"\n\t\t\t\tdata-image-slug=\"_mg_3084\"\n\t\t\t\tclass=\"ngg-simplelightbox\" rel=\"cfd2605a49b51d9378aac4fcb4456663\">\n\t\t\t\t<img\n\t\t\t\t\ttitle=\"_MG_3084\"\n\t\t\t\t\talt=\"_MG_3084\"\n\t\t\t\t\tsrc=\"https:\/\/www.events-bassen.de\/wp-content\/gallery\/2015-ernteumzug\/thumbs\/thumbs_MG_3084.jpg\"\n\t\t\t\t\twidth=\"120\"\n\t\t\t\t\theight=\"80\"\n\t\t\t\t\tstyle=\"max-width:100%;\"\n\t\t\t\t\/>\n\t\t\t<\/a>\n\t\t<\/div>\n\t\t\t\t\t\t\t<\/div>\n\t\t\t\n\t\t\t\t<div id=\"ngg-image-61\" class=\"ngg-gallery-thumbnail-box\n\t\t\t\t\t\t\t\t\t\t\t\"\n\t\t\t>\n\t\t\t\t\t\t<div class=\"ngg-gallery-thumbnail\">\n\t\t\t<a href=\"https:\/\/www.events-bassen.de\/wp-content\/gallery\/2015-ernteumzug\/IMG_1329.jpg\"\n\t\t\t\ttitle=\"\"\n\t\t\t\tdata-src=\"https:\/\/www.events-bassen.de\/wp-content\/gallery\/2015-ernteumzug\/IMG_1329.jpg\"\n\t\t\t\tdata-thumbnail=\"https:\/\/www.events-bassen.de\/wp-content\/gallery\/2015-ernteumzug\/thumbs\/thumbs_IMG_1329.jpg\"\n\t\t\t\tdata-image-id=\"1063\"\n\t\t\t\tdata-title=\"IMG_1329\"\n\t\t\t\tdata-description=\"\"\n\t\t\t\tdata-image-slug=\"img_1329\"\n\t\t\t\tclass=\"ngg-simplelightbox\" rel=\"cfd2605a49b51d9378aac4fcb4456663\">\n\t\t\t\t<img\n\t\t\t\t\ttitle=\"IMG_1329\"\n\t\t\t\t\talt=\"IMG_1329\"\n\t\t\t\t\tsrc=\"https:\/\/www.events-bassen.de\/wp-content\/gallery\/2015-ernteumzug\/thumbs\/thumbs_IMG_1329.jpg\"\n\t\t\t\t\twidth=\"120\"\n\t\t\t\t\theight=\"80\"\n\t\t\t\t\tstyle=\"max-width:100%;\"\n\t\t\t\t\/>\n\t\t\t<\/a>\n\t\t<\/div>\n\t\t\t\t\t\t\t<\/div>\n\t\t\t\n\t\t\t\t<div id=\"ngg-image-62\" class=\"ngg-gallery-thumbnail-box\n\t\t\t\t\t\t\t\t\t\t\t\"\n\t\t\t>\n\t\t\t\t\t\t<div class=\"ngg-gallery-thumbnail\">\n\t\t\t<a href=\"https:\/\/www.events-bassen.de\/wp-content\/gallery\/2015-ernteumzug\/IMG_1330.jpg\"\n\t\t\t\ttitle=\"\"\n\t\t\t\tdata-src=\"https:\/\/www.events-bassen.de\/wp-content\/gallery\/2015-ernteumzug\/IMG_1330.jpg\"\n\t\t\t\tdata-thumbnail=\"https:\/\/www.events-bassen.de\/wp-content\/gallery\/2015-ernteumzug\/thumbs\/thumbs_IMG_1330.jpg\"\n\t\t\t\tdata-image-id=\"1064\"\n\t\t\t\tdata-title=\"IMG_1330\"\n\t\t\t\tdata-description=\"\"\n\t\t\t\tdata-image-slug=\"img_1330\"\n\t\t\t\tclass=\"ngg-simplelightbox\" rel=\"cfd2605a49b51d9378aac4fcb4456663\">\n\t\t\t\t<img\n\t\t\t\t\ttitle=\"IMG_1330\"\n\t\t\t\t\talt=\"IMG_1330\"\n\t\t\t\t\tsrc=\"https:\/\/www.events-bassen.de\/wp-content\/gallery\/2015-ernteumzug\/thumbs\/thumbs_IMG_1330.jpg\"\n\t\t\t\t\twidth=\"120\"\n\t\t\t\t\theight=\"80\"\n\t\t\t\t\tstyle=\"max-width:100%;\"\n\t\t\t\t\/>\n\t\t\t<\/a>\n\t\t<\/div>\n\t\t\t\t\t\t\t<\/div>\n\t\t\t\n\t\t\t\t<div id=\"ngg-image-63\" class=\"ngg-gallery-thumbnail-box\n\t\t\t\t\t\t\t\t\t\t\t\"\n\t\t\t>\n\t\t\t\t\t\t<div class=\"ngg-gallery-thumbnail\">\n\t\t\t<a href=\"https:\/\/www.events-bassen.de\/wp-content\/gallery\/2015-ernteumzug\/MG_3092.jpg\"\n\t\t\t\ttitle=\"\"\n\t\t\t\tdata-src=\"https:\/\/www.events-bassen.de\/wp-content\/gallery\/2015-ernteumzug\/MG_3092.jpg\"\n\t\t\t\tdata-thumbnail=\"https:\/\/www.events-bassen.de\/wp-content\/gallery\/2015-ernteumzug\/thumbs\/thumbs_MG_3092.jpg\"\n\t\t\t\tdata-image-id=\"1066\"\n\t\t\t\tdata-title=\"_MG_3092\"\n\t\t\t\tdata-description=\"\"\n\t\t\t\tdata-image-slug=\"_mg_3092\"\n\t\t\t\tclass=\"ngg-simplelightbox\" rel=\"cfd2605a49b51d9378aac4fcb4456663\">\n\t\t\t\t<img\n\t\t\t\t\ttitle=\"_MG_3092\"\n\t\t\t\t\talt=\"_MG_3092\"\n\t\t\t\t\tsrc=\"https:\/\/www.events-bassen.de\/wp-content\/gallery\/2015-ernteumzug\/thumbs\/thumbs_MG_3092.jpg\"\n\t\t\t\t\twidth=\"120\"\n\t\t\t\t\theight=\"80\"\n\t\t\t\t\tstyle=\"max-width:100%;\"\n\t\t\t\t\/>\n\t\t\t<\/a>\n\t\t<\/div>\n\t\t\t\t\t\t\t<\/div>\n\t\t\t\n\t\t\t\t<div id=\"ngg-image-64\" class=\"ngg-gallery-thumbnail-box\n\t\t\t\t\t\t\t\t\t\t\t\"\n\t\t\t>\n\t\t\t\t\t\t<div class=\"ngg-gallery-thumbnail\">\n\t\t\t<a href=\"https:\/\/www.events-bassen.de\/wp-content\/gallery\/2015-ernteumzug\/IMG_1335.jpg\"\n\t\t\t\ttitle=\"\"\n\t\t\t\tdata-src=\"https:\/\/www.events-bassen.de\/wp-content\/gallery\/2015-ernteumzug\/IMG_1335.jpg\"\n\t\t\t\tdata-thumbnail=\"https:\/\/www.events-bassen.de\/wp-content\/gallery\/2015-ernteumzug\/thumbs\/thumbs_IMG_1335.jpg\"\n\t\t\t\tdata-image-id=\"1067\"\n\t\t\t\tdata-title=\"IMG_1335\"\n\t\t\t\tdata-description=\"\"\n\t\t\t\tdata-image-slug=\"img_1335\"\n\t\t\t\tclass=\"ngg-simplelightbox\" rel=\"cfd2605a49b51d9378aac4fcb4456663\">\n\t\t\t\t<img\n\t\t\t\t\ttitle=\"IMG_1335\"\n\t\t\t\t\talt=\"IMG_1335\"\n\t\t\t\t\tsrc=\"https:\/\/www.events-bassen.de\/wp-content\/gallery\/2015-ernteumzug\/thumbs\/thumbs_IMG_1335.jpg\"\n\t\t\t\t\twidth=\"120\"\n\t\t\t\t\theight=\"80\"\n\t\t\t\t\tstyle=\"max-width:100%;\"\n\t\t\t\t\/>\n\t\t\t<\/a>\n\t\t<\/div>\n\t\t\t\t\t\t\t<\/div>\n\t\t\t\n\t\t\t\t<div id=\"ngg-image-65\" class=\"ngg-gallery-thumbnail-box\n\t\t\t\t\t\t\t\t\t\t\t\"\n\t\t\t>\n\t\t\t\t\t\t<div class=\"ngg-gallery-thumbnail\">\n\t\t\t<a href=\"https:\/\/www.events-bassen.de\/wp-content\/gallery\/2015-ernteumzug\/IMG_1336.jpg\"\n\t\t\t\ttitle=\"\"\n\t\t\t\tdata-src=\"https:\/\/www.events-bassen.de\/wp-content\/gallery\/2015-ernteumzug\/IMG_1336.jpg\"\n\t\t\t\tdata-thumbnail=\"https:\/\/www.events-bassen.de\/wp-content\/gallery\/2015-ernteumzug\/thumbs\/thumbs_IMG_1336.jpg\"\n\t\t\t\tdata-image-id=\"1068\"\n\t\t\t\tdata-title=\"IMG_1336\"\n\t\t\t\tdata-description=\"\"\n\t\t\t\tdata-image-slug=\"img_1336\"\n\t\t\t\tclass=\"ngg-simplelightbox\" rel=\"cfd2605a49b51d9378aac4fcb4456663\">\n\t\t\t\t<img\n\t\t\t\t\ttitle=\"IMG_1336\"\n\t\t\t\t\talt=\"IMG_1336\"\n\t\t\t\t\tsrc=\"https:\/\/www.events-bassen.de\/wp-content\/gallery\/2015-ernteumzug\/thumbs\/thumbs_IMG_1336.jpg\"\n\t\t\t\t\twidth=\"120\"\n\t\t\t\t\theight=\"80\"\n\t\t\t\t\tstyle=\"max-width:100%;\"\n\t\t\t\t\/>\n\t\t\t<\/a>\n\t\t<\/div>\n\t\t\t\t\t\t\t<\/div>\n\t\t\t\n\t\t\t\t<div id=\"ngg-image-66\" class=\"ngg-gallery-thumbnail-box\n\t\t\t\t\t\t\t\t\t\t\t\"\n\t\t\t>\n\t\t\t\t\t\t<div class=\"ngg-gallery-thumbnail\">\n\t\t\t<a href=\"https:\/\/www.events-bassen.de\/wp-content\/gallery\/2015-ernteumzug\/MG_3096.jpg\"\n\t\t\t\ttitle=\"\"\n\t\t\t\tdata-src=\"https:\/\/www.events-bassen.de\/wp-content\/gallery\/2015-ernteumzug\/MG_3096.jpg\"\n\t\t\t\tdata-thumbnail=\"https:\/\/www.events-bassen.de\/wp-content\/gallery\/2015-ernteumzug\/thumbs\/thumbs_MG_3096.jpg\"\n\t\t\t\tdata-image-id=\"1069\"\n\t\t\t\tdata-title=\"_MG_3096\"\n\t\t\t\tdata-description=\"\"\n\t\t\t\tdata-image-slug=\"_mg_3096\"\n\t\t\t\tclass=\"ngg-simplelightbox\" rel=\"cfd2605a49b51d9378aac4fcb4456663\">\n\t\t\t\t<img\n\t\t\t\t\ttitle=\"_MG_3096\"\n\t\t\t\t\talt=\"_MG_3096\"\n\t\t\t\t\tsrc=\"https:\/\/www.events-bassen.de\/wp-content\/gallery\/2015-ernteumzug\/thumbs\/thumbs_MG_3096.jpg\"\n\t\t\t\t\twidth=\"120\"\n\t\t\t\t\theight=\"80\"\n\t\t\t\t\tstyle=\"max-width:100%;\"\n\t\t\t\t\/>\n\t\t\t<\/a>\n\t\t<\/div>\n\t\t\t\t\t\t\t<\/div>\n\t\t\t\n\t\t\t\t<div id=\"ngg-image-67\" class=\"ngg-gallery-thumbnail-box\n\t\t\t\t\t\t\t\t\t\t\t\"\n\t\t\t>\n\t\t\t\t\t\t<div class=\"ngg-gallery-thumbnail\">\n\t\t\t<a href=\"https:\/\/www.events-bassen.de\/wp-content\/gallery\/2015-ernteumzug\/MG_3101.jpg\"\n\t\t\t\ttitle=\"\"\n\t\t\t\tdata-src=\"https:\/\/www.events-bassen.de\/wp-content\/gallery\/2015-ernteumzug\/MG_3101.jpg\"\n\t\t\t\tdata-thumbnail=\"https:\/\/www.events-bassen.de\/wp-content\/gallery\/2015-ernteumzug\/thumbs\/thumbs_MG_3101.jpg\"\n\t\t\t\tdata-image-id=\"1071\"\n\t\t\t\tdata-title=\"_MG_3101\"\n\t\t\t\tdata-description=\"\"\n\t\t\t\tdata-image-slug=\"_mg_3101\"\n\t\t\t\tclass=\"ngg-simplelightbox\" rel=\"cfd2605a49b51d9378aac4fcb4456663\">\n\t\t\t\t<img\n\t\t\t\t\ttitle=\"_MG_3101\"\n\t\t\t\t\talt=\"_MG_3101\"\n\t\t\t\t\tsrc=\"https:\/\/www.events-bassen.de\/wp-content\/gallery\/2015-ernteumzug\/thumbs\/thumbs_MG_3101.jpg\"\n\t\t\t\t\twidth=\"120\"\n\t\t\t\t\theight=\"80\"\n\t\t\t\t\tstyle=\"max-width:100%;\"\n\t\t\t\t\/>\n\t\t\t<\/a>\n\t\t<\/div>\n\t\t\t\t\t\t\t<\/div>\n\t\t\t\n\t\t\t\t<div id=\"ngg-image-68\" class=\"ngg-gallery-thumbnail-box\n\t\t\t\t\t\t\t\t\t\t\t\"\n\t\t\t>\n\t\t\t\t\t\t<div class=\"ngg-gallery-thumbnail\">\n\t\t\t<a href=\"https:\/\/www.events-bassen.de\/wp-content\/gallery\/2015-ernteumzug\/MG_3103.jpg\"\n\t\t\t\ttitle=\"\"\n\t\t\t\tdata-src=\"https:\/\/www.events-bassen.de\/wp-content\/gallery\/2015-ernteumzug\/MG_3103.jpg\"\n\t\t\t\tdata-thumbnail=\"https:\/\/www.events-bassen.de\/wp-content\/gallery\/2015-ernteumzug\/thumbs\/thumbs_MG_3103.jpg\"\n\t\t\t\tdata-image-id=\"1072\"\n\t\t\t\tdata-title=\"_MG_3103\"\n\t\t\t\tdata-description=\"\"\n\t\t\t\tdata-image-slug=\"_mg_3103\"\n\t\t\t\tclass=\"ngg-simplelightbox\" rel=\"cfd2605a49b51d9378aac4fcb4456663\">\n\t\t\t\t<img\n\t\t\t\t\ttitle=\"_MG_3103\"\n\t\t\t\t\talt=\"_MG_3103\"\n\t\t\t\t\tsrc=\"https:\/\/www.events-bassen.de\/wp-content\/gallery\/2015-ernteumzug\/thumbs\/thumbs_MG_3103.jpg\"\n\t\t\t\t\twidth=\"120\"\n\t\t\t\t\theight=\"80\"\n\t\t\t\t\tstyle=\"max-width:100%;\"\n\t\t\t\t\/>\n\t\t\t<\/a>\n\t\t<\/div>\n\t\t\t\t\t\t\t<\/div>\n\t\t\t\n\t\t\t\t<div id=\"ngg-image-69\" class=\"ngg-gallery-thumbnail-box\n\t\t\t\t\t\t\t\t\t\t\t\"\n\t\t\t>\n\t\t\t\t\t\t<div class=\"ngg-gallery-thumbnail\">\n\t\t\t<a href=\"https:\/\/www.events-bassen.de\/wp-content\/gallery\/2015-ernteumzug\/MG_3106.jpg\"\n\t\t\t\ttitle=\"\"\n\t\t\t\tdata-src=\"https:\/\/www.events-bassen.de\/wp-content\/gallery\/2015-ernteumzug\/MG_3106.jpg\"\n\t\t\t\tdata-thumbnail=\"https:\/\/www.events-bassen.de\/wp-content\/gallery\/2015-ernteumzug\/thumbs\/thumbs_MG_3106.jpg\"\n\t\t\t\tdata-image-id=\"1073\"\n\t\t\t\tdata-title=\"_MG_3106\"\n\t\t\t\tdata-description=\"\"\n\t\t\t\tdata-image-slug=\"_mg_3106\"\n\t\t\t\tclass=\"ngg-simplelightbox\" rel=\"cfd2605a49b51d9378aac4fcb4456663\">\n\t\t\t\t<img\n\t\t\t\t\ttitle=\"_MG_3106\"\n\t\t\t\t\talt=\"_MG_3106\"\n\t\t\t\t\tsrc=\"https:\/\/www.events-bassen.de\/wp-content\/gallery\/2015-ernteumzug\/thumbs\/thumbs_MG_3106.jpg\"\n\t\t\t\t\twidth=\"120\"\n\t\t\t\t\theight=\"80\"\n\t\t\t\t\tstyle=\"max-width:100%;\"\n\t\t\t\t\/>\n\t\t\t<\/a>\n\t\t<\/div>\n\t\t\t\t\t\t\t<\/div>\n\t\t\t\n\t\t\t\t<div id=\"ngg-image-70\" class=\"ngg-gallery-thumbnail-box\n\t\t\t\t\t\t\t\t\t\t\t\"\n\t\t\t>\n\t\t\t\t\t\t<div class=\"ngg-gallery-thumbnail\">\n\t\t\t<a href=\"https:\/\/www.events-bassen.de\/wp-content\/gallery\/2015-ernteumzug\/IMG_1340.jpg\"\n\t\t\t\ttitle=\"\"\n\t\t\t\tdata-src=\"https:\/\/www.events-bassen.de\/wp-content\/gallery\/2015-ernteumzug\/IMG_1340.jpg\"\n\t\t\t\tdata-thumbnail=\"https:\/\/www.events-bassen.de\/wp-content\/gallery\/2015-ernteumzug\/thumbs\/thumbs_IMG_1340.jpg\"\n\t\t\t\tdata-image-id=\"1076\"\n\t\t\t\tdata-title=\"IMG_1340\"\n\t\t\t\tdata-description=\"\"\n\t\t\t\tdata-image-slug=\"img_1340\"\n\t\t\t\tclass=\"ngg-simplelightbox\" rel=\"cfd2605a49b51d9378aac4fcb4456663\">\n\t\t\t\t<img\n\t\t\t\t\ttitle=\"IMG_1340\"\n\t\t\t\t\talt=\"IMG_1340\"\n\t\t\t\t\tsrc=\"https:\/\/www.events-bassen.de\/wp-content\/gallery\/2015-ernteumzug\/thumbs\/thumbs_IMG_1340.jpg\"\n\t\t\t\t\twidth=\"120\"\n\t\t\t\t\theight=\"80\"\n\t\t\t\t\tstyle=\"max-width:100%;\"\n\t\t\t\t\/>\n\t\t\t<\/a>\n\t\t<\/div>\n\t\t\t\t\t\t\t<\/div>\n\t\t\t\n\t\t\t\t<div id=\"ngg-image-71\" class=\"ngg-gallery-thumbnail-box\n\t\t\t\t\t\t\t\t\t\t\t\"\n\t\t\t>\n\t\t\t\t\t\t<div class=\"ngg-gallery-thumbnail\">\n\t\t\t<a href=\"https:\/\/www.events-bassen.de\/wp-content\/gallery\/2015-ernteumzug\/IMG_1342.jpg\"\n\t\t\t\ttitle=\"\"\n\t\t\t\tdata-src=\"https:\/\/www.events-bassen.de\/wp-content\/gallery\/2015-ernteumzug\/IMG_1342.jpg\"\n\t\t\t\tdata-thumbnail=\"https:\/\/www.events-bassen.de\/wp-content\/gallery\/2015-ernteumzug\/thumbs\/thumbs_IMG_1342.jpg\"\n\t\t\t\tdata-image-id=\"1077\"\n\t\t\t\tdata-title=\"IMG_1342\"\n\t\t\t\tdata-description=\"\"\n\t\t\t\tdata-image-slug=\"img_1342\"\n\t\t\t\tclass=\"ngg-simplelightbox\" rel=\"cfd2605a49b51d9378aac4fcb4456663\">\n\t\t\t\t<img\n\t\t\t\t\ttitle=\"IMG_1342\"\n\t\t\t\t\talt=\"IMG_1342\"\n\t\t\t\t\tsrc=\"https:\/\/www.events-bassen.de\/wp-content\/gallery\/2015-ernteumzug\/thumbs\/thumbs_IMG_1342.jpg\"\n\t\t\t\t\twidth=\"120\"\n\t\t\t\t\theight=\"80\"\n\t\t\t\t\tstyle=\"max-width:100%;\"\n\t\t\t\t\/>\n\t\t\t<\/a>\n\t\t<\/div>\n\t\t\t\t\t\t\t<\/div>\n\t\t\t\n\t\t\t\t<div id=\"ngg-image-72\" class=\"ngg-gallery-thumbnail-box\n\t\t\t\t\t\t\t\t\t\t\t\"\n\t\t\t>\n\t\t\t\t\t\t<div class=\"ngg-gallery-thumbnail\">\n\t\t\t<a href=\"https:\/\/www.events-bassen.de\/wp-content\/gallery\/2015-ernteumzug\/IMG_1344.jpg\"\n\t\t\t\ttitle=\"\"\n\t\t\t\tdata-src=\"https:\/\/www.events-bassen.de\/wp-content\/gallery\/2015-ernteumzug\/IMG_1344.jpg\"\n\t\t\t\tdata-thumbnail=\"https:\/\/www.events-bassen.de\/wp-content\/gallery\/2015-ernteumzug\/thumbs\/thumbs_IMG_1344.jpg\"\n\t\t\t\tdata-image-id=\"1079\"\n\t\t\t\tdata-title=\"IMG_1344\"\n\t\t\t\tdata-description=\"\"\n\t\t\t\tdata-image-slug=\"img_1344\"\n\t\t\t\tclass=\"ngg-simplelightbox\" rel=\"cfd2605a49b51d9378aac4fcb4456663\">\n\t\t\t\t<img\n\t\t\t\t\ttitle=\"IMG_1344\"\n\t\t\t\t\talt=\"IMG_1344\"\n\t\t\t\t\tsrc=\"https:\/\/www.events-bassen.de\/wp-content\/gallery\/2015-ernteumzug\/thumbs\/thumbs_IMG_1344.jpg\"\n\t\t\t\t\twidth=\"120\"\n\t\t\t\t\theight=\"80\"\n\t\t\t\t\tstyle=\"max-width:100%;\"\n\t\t\t\t\/>\n\t\t\t<\/a>\n\t\t<\/div>\n\t\t\t\t\t\t\t<\/div>\n\t\t\t\n\t\t\t\t<div id=\"ngg-image-73\" class=\"ngg-gallery-thumbnail-box\n\t\t\t\t\t\t\t\t\t\t\t\"\n\t\t\t>\n\t\t\t\t\t\t<div class=\"ngg-gallery-thumbnail\">\n\t\t\t<a href=\"https:\/\/www.events-bassen.de\/wp-content\/gallery\/2015-ernteumzug\/IMG_1346.jpg\"\n\t\t\t\ttitle=\"\"\n\t\t\t\tdata-src=\"https:\/\/www.events-bassen.de\/wp-content\/gallery\/2015-ernteumzug\/IMG_1346.jpg\"\n\t\t\t\tdata-thumbnail=\"https:\/\/www.events-bassen.de\/wp-content\/gallery\/2015-ernteumzug\/thumbs\/thumbs_IMG_1346.jpg\"\n\t\t\t\tdata-image-id=\"1080\"\n\t\t\t\tdata-title=\"IMG_1346\"\n\t\t\t\tdata-description=\"\"\n\t\t\t\tdata-image-slug=\"img_1346\"\n\t\t\t\tclass=\"ngg-simplelightbox\" rel=\"cfd2605a49b51d9378aac4fcb4456663\">\n\t\t\t\t<img\n\t\t\t\t\ttitle=\"IMG_1346\"\n\t\t\t\t\talt=\"IMG_1346\"\n\t\t\t\t\tsrc=\"https:\/\/www.events-bassen.de\/wp-content\/gallery\/2015-ernteumzug\/thumbs\/thumbs_IMG_1346.jpg\"\n\t\t\t\t\twidth=\"120\"\n\t\t\t\t\theight=\"80\"\n\t\t\t\t\tstyle=\"max-width:100%;\"\n\t\t\t\t\/>\n\t\t\t<\/a>\n\t\t<\/div>\n\t\t\t\t\t\t\t<\/div>\n\t\t\t\n\t\t\t\t<div id=\"ngg-image-74\" class=\"ngg-gallery-thumbnail-box\n\t\t\t\t\t\t\t\t\t\t\t\"\n\t\t\t>\n\t\t\t\t\t\t<div class=\"ngg-gallery-thumbnail\">\n\t\t\t<a href=\"https:\/\/www.events-bassen.de\/wp-content\/gallery\/2015-ernteumzug\/IMG_1353.jpg\"\n\t\t\t\ttitle=\"\"\n\t\t\t\tdata-src=\"https:\/\/www.events-bassen.de\/wp-content\/gallery\/2015-ernteumzug\/IMG_1353.jpg\"\n\t\t\t\tdata-thumbnail=\"https:\/\/www.events-bassen.de\/wp-content\/gallery\/2015-ernteumzug\/thumbs\/thumbs_IMG_1353.jpg\"\n\t\t\t\tdata-image-id=\"1082\"\n\t\t\t\tdata-title=\"IMG_1353\"\n\t\t\t\tdata-description=\"\"\n\t\t\t\tdata-image-slug=\"img_1353\"\n\t\t\t\tclass=\"ngg-simplelightbox\" rel=\"cfd2605a49b51d9378aac4fcb4456663\">\n\t\t\t\t<img\n\t\t\t\t\ttitle=\"IMG_1353\"\n\t\t\t\t\talt=\"IMG_1353\"\n\t\t\t\t\tsrc=\"https:\/\/www.events-bassen.de\/wp-content\/gallery\/2015-ernteumzug\/thumbs\/thumbs_IMG_1353.jpg\"\n\t\t\t\t\twidth=\"120\"\n\t\t\t\t\theight=\"80\"\n\t\t\t\t\tstyle=\"max-width:100%;\"\n\t\t\t\t\/>\n\t\t\t<\/a>\n\t\t<\/div>\n\t\t\t\t\t\t\t<\/div>\n\t\t\t\n\t\t\t\t<div id=\"ngg-image-75\" class=\"ngg-gallery-thumbnail-box\n\t\t\t\t\t\t\t\t\t\t\t\"\n\t\t\t>\n\t\t\t\t\t\t<div class=\"ngg-gallery-thumbnail\">\n\t\t\t<a href=\"https:\/\/www.events-bassen.de\/wp-content\/gallery\/2015-ernteumzug\/IMG_1355.jpg\"\n\t\t\t\ttitle=\"\"\n\t\t\t\tdata-src=\"https:\/\/www.events-bassen.de\/wp-content\/gallery\/2015-ernteumzug\/IMG_1355.jpg\"\n\t\t\t\tdata-thumbnail=\"https:\/\/www.events-bassen.de\/wp-content\/gallery\/2015-ernteumzug\/thumbs\/thumbs_IMG_1355.jpg\"\n\t\t\t\tdata-image-id=\"1083\"\n\t\t\t\tdata-title=\"IMG_1355\"\n\t\t\t\tdata-description=\"\"\n\t\t\t\tdata-image-slug=\"img_1355\"\n\t\t\t\tclass=\"ngg-simplelightbox\" rel=\"cfd2605a49b51d9378aac4fcb4456663\">\n\t\t\t\t<img\n\t\t\t\t\ttitle=\"IMG_1355\"\n\t\t\t\t\talt=\"IMG_1355\"\n\t\t\t\t\tsrc=\"https:\/\/www.events-bassen.de\/wp-content\/gallery\/2015-ernteumzug\/thumbs\/thumbs_IMG_1355.jpg\"\n\t\t\t\t\twidth=\"120\"\n\t\t\t\t\theight=\"80\"\n\t\t\t\t\tstyle=\"max-width:100%;\"\n\t\t\t\t\/>\n\t\t\t<\/a>\n\t\t<\/div>\n\t\t\t\t\t\t\t<\/div>\n\t\t\t\n\t\t\t\t<div id=\"ngg-image-76\" class=\"ngg-gallery-thumbnail-box\n\t\t\t\t\t\t\t\t\t\t\t\"\n\t\t\t>\n\t\t\t\t\t\t<div class=\"ngg-gallery-thumbnail\">\n\t\t\t<a href=\"https:\/\/www.events-bassen.de\/wp-content\/gallery\/2015-ernteumzug\/IMG_1361.jpg\"\n\t\t\t\ttitle=\"\"\n\t\t\t\tdata-src=\"https:\/\/www.events-bassen.de\/wp-content\/gallery\/2015-ernteumzug\/IMG_1361.jpg\"\n\t\t\t\tdata-thumbnail=\"https:\/\/www.events-bassen.de\/wp-content\/gallery\/2015-ernteumzug\/thumbs\/thumbs_IMG_1361.jpg\"\n\t\t\t\tdata-image-id=\"1085\"\n\t\t\t\tdata-title=\"IMG_1361\"\n\t\t\t\tdata-description=\"\"\n\t\t\t\tdata-image-slug=\"img_1361\"\n\t\t\t\tclass=\"ngg-simplelightbox\" rel=\"cfd2605a49b51d9378aac4fcb4456663\">\n\t\t\t\t<img\n\t\t\t\t\ttitle=\"IMG_1361\"\n\t\t\t\t\talt=\"IMG_1361\"\n\t\t\t\t\tsrc=\"https:\/\/www.events-bassen.de\/wp-content\/gallery\/2015-ernteumzug\/thumbs\/thumbs_IMG_1361.jpg\"\n\t\t\t\t\twidth=\"120\"\n\t\t\t\t\theight=\"80\"\n\t\t\t\t\tstyle=\"max-width:100%;\"\n\t\t\t\t\/>\n\t\t\t<\/a>\n\t\t<\/div>\n\t\t\t\t\t\t\t<\/div>\n\t\t\t\n\t\t\t\t<div id=\"ngg-image-77\" class=\"ngg-gallery-thumbnail-box\n\t\t\t\t\t\t\t\t\t\t\t\"\n\t\t\t>\n\t\t\t\t\t\t<div class=\"ngg-gallery-thumbnail\">\n\t\t\t<a href=\"https:\/\/www.events-bassen.de\/wp-content\/gallery\/2015-ernteumzug\/IMG_1364.jpg\"\n\t\t\t\ttitle=\"\"\n\t\t\t\tdata-src=\"https:\/\/www.events-bassen.de\/wp-content\/gallery\/2015-ernteumzug\/IMG_1364.jpg\"\n\t\t\t\tdata-thumbnail=\"https:\/\/www.events-bassen.de\/wp-content\/gallery\/2015-ernteumzug\/thumbs\/thumbs_IMG_1364.jpg\"\n\t\t\t\tdata-image-id=\"1086\"\n\t\t\t\tdata-title=\"IMG_1364\"\n\t\t\t\tdata-description=\"\"\n\t\t\t\tdata-image-slug=\"img_1364\"\n\t\t\t\tclass=\"ngg-simplelightbox\" rel=\"cfd2605a49b51d9378aac4fcb4456663\">\n\t\t\t\t<img\n\t\t\t\t\ttitle=\"IMG_1364\"\n\t\t\t\t\talt=\"IMG_1364\"\n\t\t\t\t\tsrc=\"https:\/\/www.events-bassen.de\/wp-content\/gallery\/2015-ernteumzug\/thumbs\/thumbs_IMG_1364.jpg\"\n\t\t\t\t\twidth=\"120\"\n\t\t\t\t\theight=\"80\"\n\t\t\t\t\tstyle=\"max-width:100%;\"\n\t\t\t\t\/>\n\t\t\t<\/a>\n\t\t<\/div>\n\t\t\t\t\t\t\t<\/div>\n\t\t\t\n\t\t\t\t<div id=\"ngg-image-78\" class=\"ngg-gallery-thumbnail-box\n\t\t\t\t\t\t\t\t\t\t\t\"\n\t\t\t>\n\t\t\t\t\t\t<div class=\"ngg-gallery-thumbnail\">\n\t\t\t<a href=\"https:\/\/www.events-bassen.de\/wp-content\/gallery\/2015-ernteumzug\/IMG_1372.jpg\"\n\t\t\t\ttitle=\"\"\n\t\t\t\tdata-src=\"https:\/\/www.events-bassen.de\/wp-content\/gallery\/2015-ernteumzug\/IMG_1372.jpg\"\n\t\t\t\tdata-thumbnail=\"https:\/\/www.events-bassen.de\/wp-content\/gallery\/2015-ernteumzug\/thumbs\/thumbs_IMG_1372.jpg\"\n\t\t\t\tdata-image-id=\"1089\"\n\t\t\t\tdata-title=\"IMG_1372\"\n\t\t\t\tdata-description=\"\"\n\t\t\t\tdata-image-slug=\"img_1372\"\n\t\t\t\tclass=\"ngg-simplelightbox\" rel=\"cfd2605a49b51d9378aac4fcb4456663\">\n\t\t\t\t<img\n\t\t\t\t\ttitle=\"IMG_1372\"\n\t\t\t\t\talt=\"IMG_1372\"\n\t\t\t\t\tsrc=\"https:\/\/www.events-bassen.de\/wp-content\/gallery\/2015-ernteumzug\/thumbs\/thumbs_IMG_1372.jpg\"\n\t\t\t\t\twidth=\"120\"\n\t\t\t\t\theight=\"80\"\n\t\t\t\t\tstyle=\"max-width:100%;\"\n\t\t\t\t\/>\n\t\t\t<\/a>\n\t\t<\/div>\n\t\t\t\t\t\t\t<\/div>\n\t\t\t\n\t\t\t\t<div id=\"ngg-image-79\" class=\"ngg-gallery-thumbnail-box\n\t\t\t\t\t\t\t\t\t\t\t\"\n\t\t\t>\n\t\t\t\t\t\t<div class=\"ngg-gallery-thumbnail\">\n\t\t\t<a href=\"https:\/\/www.events-bassen.de\/wp-content\/gallery\/2015-ernteumzug\/IMG_1374.jpg\"\n\t\t\t\ttitle=\"\"\n\t\t\t\tdata-src=\"https:\/\/www.events-bassen.de\/wp-content\/gallery\/2015-ernteumzug\/IMG_1374.jpg\"\n\t\t\t\tdata-thumbnail=\"https:\/\/www.events-bassen.de\/wp-content\/gallery\/2015-ernteumzug\/thumbs\/thumbs_IMG_1374.jpg\"\n\t\t\t\tdata-image-id=\"1090\"\n\t\t\t\tdata-title=\"IMG_1374\"\n\t\t\t\tdata-description=\"\"\n\t\t\t\tdata-image-slug=\"img_1374\"\n\t\t\t\tclass=\"ngg-simplelightbox\" rel=\"cfd2605a49b51d9378aac4fcb4456663\">\n\t\t\t\t<img\n\t\t\t\t\ttitle=\"IMG_1374\"\n\t\t\t\t\talt=\"IMG_1374\"\n\t\t\t\t\tsrc=\"https:\/\/www.events-bassen.de\/wp-content\/gallery\/2015-ernteumzug\/thumbs\/thumbs_IMG_1374.jpg\"\n\t\t\t\t\twidth=\"120\"\n\t\t\t\t\theight=\"80\"\n\t\t\t\t\tstyle=\"max-width:100%;\"\n\t\t\t\t\/>\n\t\t\t<\/a>\n\t\t<\/div>\n\t\t\t\t\t\t\t<\/div>\n\t\t\t\n\t\t\t\t<div id=\"ngg-image-80\" class=\"ngg-gallery-thumbnail-box\n\t\t\t\t\t\t\t\t\t\t\t\"\n\t\t\t>\n\t\t\t\t\t\t<div class=\"ngg-gallery-thumbnail\">\n\t\t\t<a href=\"https:\/\/www.events-bassen.de\/wp-content\/gallery\/2015-ernteumzug\/IMG_1378.jpg\"\n\t\t\t\ttitle=\"\"\n\t\t\t\tdata-src=\"https:\/\/www.events-bassen.de\/wp-content\/gallery\/2015-ernteumzug\/IMG_1378.jpg\"\n\t\t\t\tdata-thumbnail=\"https:\/\/www.events-bassen.de\/wp-content\/gallery\/2015-ernteumzug\/thumbs\/thumbs_IMG_1378.jpg\"\n\t\t\t\tdata-image-id=\"1093\"\n\t\t\t\tdata-title=\"IMG_1378\"\n\t\t\t\tdata-description=\"\"\n\t\t\t\tdata-image-slug=\"img_1378\"\n\t\t\t\tclass=\"ngg-simplelightbox\" rel=\"cfd2605a49b51d9378aac4fcb4456663\">\n\t\t\t\t<img\n\t\t\t\t\ttitle=\"IMG_1378\"\n\t\t\t\t\talt=\"IMG_1378\"\n\t\t\t\t\tsrc=\"https:\/\/www.events-bassen.de\/wp-content\/gallery\/2015-ernteumzug\/thumbs\/thumbs_IMG_1378.jpg\"\n\t\t\t\t\twidth=\"120\"\n\t\t\t\t\theight=\"80\"\n\t\t\t\t\tstyle=\"max-width:100%;\"\n\t\t\t\t\/>\n\t\t\t<\/a>\n\t\t<\/div>\n\t\t\t\t\t\t\t<\/div>\n\t\t\t\n\t\t\t\t<div id=\"ngg-image-81\" class=\"ngg-gallery-thumbnail-box\n\t\t\t\t\t\t\t\t\t\t\t\"\n\t\t\t>\n\t\t\t\t\t\t<div class=\"ngg-gallery-thumbnail\">\n\t\t\t<a href=\"https:\/\/www.events-bassen.de\/wp-content\/gallery\/2015-ernteumzug\/IMG_1383.jpg\"\n\t\t\t\ttitle=\"\"\n\t\t\t\tdata-src=\"https:\/\/www.events-bassen.de\/wp-content\/gallery\/2015-ernteumzug\/IMG_1383.jpg\"\n\t\t\t\tdata-thumbnail=\"https:\/\/www.events-bassen.de\/wp-content\/gallery\/2015-ernteumzug\/thumbs\/thumbs_IMG_1383.jpg\"\n\t\t\t\tdata-image-id=\"1094\"\n\t\t\t\tdata-title=\"IMG_1383\"\n\t\t\t\tdata-description=\"\"\n\t\t\t\tdata-image-slug=\"img_1383\"\n\t\t\t\tclass=\"ngg-simplelightbox\" rel=\"cfd2605a49b51d9378aac4fcb4456663\">\n\t\t\t\t<img\n\t\t\t\t\ttitle=\"IMG_1383\"\n\t\t\t\t\talt=\"IMG_1383\"\n\t\t\t\t\tsrc=\"https:\/\/www.events-bassen.de\/wp-content\/gallery\/2015-ernteumzug\/thumbs\/thumbs_IMG_1383.jpg\"\n\t\t\t\t\twidth=\"120\"\n\t\t\t\t\theight=\"80\"\n\t\t\t\t\tstyle=\"max-width:100%;\"\n\t\t\t\t\/>\n\t\t\t<\/a>\n\t\t<\/div>\n\t\t\t\t\t\t\t<\/div>\n\t\t\t\n\t\t\t\t<div id=\"ngg-image-82\" class=\"ngg-gallery-thumbnail-box\n\t\t\t\t\t\t\t\t\t\t\t\"\n\t\t\t>\n\t\t\t\t\t\t<div class=\"ngg-gallery-thumbnail\">\n\t\t\t<a href=\"https:\/\/www.events-bassen.de\/wp-content\/gallery\/2015-ernteumzug\/IMG_1387.jpg\"\n\t\t\t\ttitle=\"\"\n\t\t\t\tdata-src=\"https:\/\/www.events-bassen.de\/wp-content\/gallery\/2015-ernteumzug\/IMG_1387.jpg\"\n\t\t\t\tdata-thumbnail=\"https:\/\/www.events-bassen.de\/wp-content\/gallery\/2015-ernteumzug\/thumbs\/thumbs_IMG_1387.jpg\"\n\t\t\t\tdata-image-id=\"1095\"\n\t\t\t\tdata-title=\"IMG_1387\"\n\t\t\t\tdata-description=\"\"\n\t\t\t\tdata-image-slug=\"img_1387\"\n\t\t\t\tclass=\"ngg-simplelightbox\" rel=\"cfd2605a49b51d9378aac4fcb4456663\">\n\t\t\t\t<img\n\t\t\t\t\ttitle=\"IMG_1387\"\n\t\t\t\t\talt=\"IMG_1387\"\n\t\t\t\t\tsrc=\"https:\/\/www.events-bassen.de\/wp-content\/gallery\/2015-ernteumzug\/thumbs\/thumbs_IMG_1387.jpg\"\n\t\t\t\t\twidth=\"120\"\n\t\t\t\t\theight=\"80\"\n\t\t\t\t\tstyle=\"max-width:100%;\"\n\t\t\t\t\/>\n\t\t\t<\/a>\n\t\t<\/div>\n\t\t\t\t\t\t\t<\/div>\n\t\t\t\n\t\t\t\t<div id=\"ngg-image-83\" class=\"ngg-gallery-thumbnail-box\n\t\t\t\t\t\t\t\t\t\t\t\"\n\t\t\t>\n\t\t\t\t\t\t<div class=\"ngg-gallery-thumbnail\">\n\t\t\t<a href=\"https:\/\/www.events-bassen.de\/wp-content\/gallery\/2015-ernteumzug\/IMG_1388.jpg\"\n\t\t\t\ttitle=\"\"\n\t\t\t\tdata-src=\"https:\/\/www.events-bassen.de\/wp-content\/gallery\/2015-ernteumzug\/IMG_1388.jpg\"\n\t\t\t\tdata-thumbnail=\"https:\/\/www.events-bassen.de\/wp-content\/gallery\/2015-ernteumzug\/thumbs\/thumbs_IMG_1388.jpg\"\n\t\t\t\tdata-image-id=\"1096\"\n\t\t\t\tdata-title=\"IMG_1388\"\n\t\t\t\tdata-description=\"\"\n\t\t\t\tdata-image-slug=\"img_1388\"\n\t\t\t\tclass=\"ngg-simplelightbox\" rel=\"cfd2605a49b51d9378aac4fcb4456663\">\n\t\t\t\t<img\n\t\t\t\t\ttitle=\"IMG_1388\"\n\t\t\t\t\talt=\"IMG_1388\"\n\t\t\t\t\tsrc=\"https:\/\/www.events-bassen.de\/wp-content\/gallery\/2015-ernteumzug\/thumbs\/thumbs_IMG_1388.jpg\"\n\t\t\t\t\twidth=\"120\"\n\t\t\t\t\theight=\"80\"\n\t\t\t\t\tstyle=\"max-width:100%;\"\n\t\t\t\t\/>\n\t\t\t<\/a>\n\t\t<\/div>\n\t\t\t\t\t\t\t<\/div>\n\t\t\t\n\t\t\t\t<div id=\"ngg-image-84\" class=\"ngg-gallery-thumbnail-box\n\t\t\t\t\t\t\t\t\t\t\t\"\n\t\t\t>\n\t\t\t\t\t\t<div class=\"ngg-gallery-thumbnail\">\n\t\t\t<a href=\"https:\/\/www.events-bassen.de\/wp-content\/gallery\/2015-ernteumzug\/IMG_1392.jpg\"\n\t\t\t\ttitle=\"\"\n\t\t\t\tdata-src=\"https:\/\/www.events-bassen.de\/wp-content\/gallery\/2015-ernteumzug\/IMG_1392.jpg\"\n\t\t\t\tdata-thumbnail=\"https:\/\/www.events-bassen.de\/wp-content\/gallery\/2015-ernteumzug\/thumbs\/thumbs_IMG_1392.jpg\"\n\t\t\t\tdata-image-id=\"1099\"\n\t\t\t\tdata-title=\"IMG_1392\"\n\t\t\t\tdata-description=\"\"\n\t\t\t\tdata-image-slug=\"img_1392\"\n\t\t\t\tclass=\"ngg-simplelightbox\" rel=\"cfd2605a49b51d9378aac4fcb4456663\">\n\t\t\t\t<img\n\t\t\t\t\ttitle=\"IMG_1392\"\n\t\t\t\t\talt=\"IMG_1392\"\n\t\t\t\t\tsrc=\"https:\/\/www.events-bassen.de\/wp-content\/gallery\/2015-ernteumzug\/thumbs\/thumbs_IMG_1392.jpg\"\n\t\t\t\t\twidth=\"120\"\n\t\t\t\t\theight=\"80\"\n\t\t\t\t\tstyle=\"max-width:100%;\"\n\t\t\t\t\/>\n\t\t\t<\/a>\n\t\t<\/div>\n\t\t\t\t\t\t\t<\/div>\n\t\t\t\n\t\t\t\t<div id=\"ngg-image-85\" class=\"ngg-gallery-thumbnail-box\n\t\t\t\t\t\t\t\t\t\t\t\"\n\t\t\t>\n\t\t\t\t\t\t<div class=\"ngg-gallery-thumbnail\">\n\t\t\t<a href=\"https:\/\/www.events-bassen.de\/wp-content\/gallery\/2015-ernteumzug\/IMG_1397.jpg\"\n\t\t\t\ttitle=\"\"\n\t\t\t\tdata-src=\"https:\/\/www.events-bassen.de\/wp-content\/gallery\/2015-ernteumzug\/IMG_1397.jpg\"\n\t\t\t\tdata-thumbnail=\"https:\/\/www.events-bassen.de\/wp-content\/gallery\/2015-ernteumzug\/thumbs\/thumbs_IMG_1397.jpg\"\n\t\t\t\tdata-image-id=\"1101\"\n\t\t\t\tdata-title=\"IMG_1397\"\n\t\t\t\tdata-description=\"\"\n\t\t\t\tdata-image-slug=\"img_1397\"\n\t\t\t\tclass=\"ngg-simplelightbox\" rel=\"cfd2605a49b51d9378aac4fcb4456663\">\n\t\t\t\t<img\n\t\t\t\t\ttitle=\"IMG_1397\"\n\t\t\t\t\talt=\"IMG_1397\"\n\t\t\t\t\tsrc=\"https:\/\/www.events-bassen.de\/wp-content\/gallery\/2015-ernteumzug\/thumbs\/thumbs_IMG_1397.jpg\"\n\t\t\t\t\twidth=\"120\"\n\t\t\t\t\theight=\"80\"\n\t\t\t\t\tstyle=\"max-width:100%;\"\n\t\t\t\t\/>\n\t\t\t<\/a>\n\t\t<\/div>\n\t\t\t\t\t\t\t<\/div>\n\t\t\t\n\t\t\t\t<div id=\"ngg-image-86\" class=\"ngg-gallery-thumbnail-box\n\t\t\t\t\t\t\t\t\t\t\t\"\n\t\t\t>\n\t\t\t\t\t\t<div class=\"ngg-gallery-thumbnail\">\n\t\t\t<a href=\"https:\/\/www.events-bassen.de\/wp-content\/gallery\/2015-ernteumzug\/IMG_1403.jpg\"\n\t\t\t\ttitle=\"\"\n\t\t\t\tdata-src=\"https:\/\/www.events-bassen.de\/wp-content\/gallery\/2015-ernteumzug\/IMG_1403.jpg\"\n\t\t\t\tdata-thumbnail=\"https:\/\/www.events-bassen.de\/wp-content\/gallery\/2015-ernteumzug\/thumbs\/thumbs_IMG_1403.jpg\"\n\t\t\t\tdata-image-id=\"1104\"\n\t\t\t\tdata-title=\"IMG_1403\"\n\t\t\t\tdata-description=\"\"\n\t\t\t\tdata-image-slug=\"img_1403\"\n\t\t\t\tclass=\"ngg-simplelightbox\" rel=\"cfd2605a49b51d9378aac4fcb4456663\">\n\t\t\t\t<img\n\t\t\t\t\ttitle=\"IMG_1403\"\n\t\t\t\t\talt=\"IMG_1403\"\n\t\t\t\t\tsrc=\"https:\/\/www.events-bassen.de\/wp-content\/gallery\/2015-ernteumzug\/thumbs\/thumbs_IMG_1403.jpg\"\n\t\t\t\t\twidth=\"120\"\n\t\t\t\t\theight=\"80\"\n\t\t\t\t\tstyle=\"max-width:100%;\"\n\t\t\t\t\/>\n\t\t\t<\/a>\n\t\t<\/div>\n\t\t\t\t\t\t\t<\/div>\n\t\t\t\n\t\t\t\t<div id=\"ngg-image-87\" class=\"ngg-gallery-thumbnail-box\n\t\t\t\t\t\t\t\t\t\t\t\"\n\t\t\t>\n\t\t\t\t\t\t<div class=\"ngg-gallery-thumbnail\">\n\t\t\t<a href=\"https:\/\/www.events-bassen.de\/wp-content\/gallery\/2015-ernteumzug\/IMG_1409.jpg\"\n\t\t\t\ttitle=\"\"\n\t\t\t\tdata-src=\"https:\/\/www.events-bassen.de\/wp-content\/gallery\/2015-ernteumzug\/IMG_1409.jpg\"\n\t\t\t\tdata-thumbnail=\"https:\/\/www.events-bassen.de\/wp-content\/gallery\/2015-ernteumzug\/thumbs\/thumbs_IMG_1409.jpg\"\n\t\t\t\tdata-image-id=\"1108\"\n\t\t\t\tdata-title=\"IMG_1409\"\n\t\t\t\tdata-description=\"\"\n\t\t\t\tdata-image-slug=\"img_1409\"\n\t\t\t\tclass=\"ngg-simplelightbox\" rel=\"cfd2605a49b51d9378aac4fcb4456663\">\n\t\t\t\t<img\n\t\t\t\t\ttitle=\"IMG_1409\"\n\t\t\t\t\talt=\"IMG_1409\"\n\t\t\t\t\tsrc=\"https:\/\/www.events-bassen.de\/wp-content\/gallery\/2015-ernteumzug\/thumbs\/thumbs_IMG_1409.jpg\"\n\t\t\t\t\twidth=\"120\"\n\t\t\t\t\theight=\"80\"\n\t\t\t\t\tstyle=\"max-width:100%;\"\n\t\t\t\t\/>\n\t\t\t<\/a>\n\t\t<\/div>\n\t\t\t\t\t\t\t<\/div>\n\t\t\t\n\t\t\t\t<div id=\"ngg-image-88\" class=\"ngg-gallery-thumbnail-box\n\t\t\t\t\t\t\t\t\t\t\t\"\n\t\t\t>\n\t\t\t\t\t\t<div class=\"ngg-gallery-thumbnail\">\n\t\t\t<a href=\"https:\/\/www.events-bassen.de\/wp-content\/gallery\/2015-ernteumzug\/IMG_1414.jpg\"\n\t\t\t\ttitle=\"\"\n\t\t\t\tdata-src=\"https:\/\/www.events-bassen.de\/wp-content\/gallery\/2015-ernteumzug\/IMG_1414.jpg\"\n\t\t\t\tdata-thumbnail=\"https:\/\/www.events-bassen.de\/wp-content\/gallery\/2015-ernteumzug\/thumbs\/thumbs_IMG_1414.jpg\"\n\t\t\t\tdata-image-id=\"1109\"\n\t\t\t\tdata-title=\"IMG_1414\"\n\t\t\t\tdata-description=\"\"\n\t\t\t\tdata-image-slug=\"img_1414\"\n\t\t\t\tclass=\"ngg-simplelightbox\" rel=\"cfd2605a49b51d9378aac4fcb4456663\">\n\t\t\t\t<img\n\t\t\t\t\ttitle=\"IMG_1414\"\n\t\t\t\t\talt=\"IMG_1414\"\n\t\t\t\t\tsrc=\"https:\/\/www.events-bassen.de\/wp-content\/gallery\/2015-ernteumzug\/thumbs\/thumbs_IMG_1414.jpg\"\n\t\t\t\t\twidth=\"120\"\n\t\t\t\t\theight=\"80\"\n\t\t\t\t\tstyle=\"max-width:100%;\"\n\t\t\t\t\/>\n\t\t\t<\/a>\n\t\t<\/div>\n\t\t\t\t\t\t\t<\/div>\n\t\t\t\n\t\t\t\t<div id=\"ngg-image-89\" class=\"ngg-gallery-thumbnail-box\n\t\t\t\t\t\t\t\t\t\t\t\"\n\t\t\t>\n\t\t\t\t\t\t<div class=\"ngg-gallery-thumbnail\">\n\t\t\t<a href=\"https:\/\/www.events-bassen.de\/wp-content\/gallery\/2015-ernteumzug\/IMG_1416.jpg\"\n\t\t\t\ttitle=\"\"\n\t\t\t\tdata-src=\"https:\/\/www.events-bassen.de\/wp-content\/gallery\/2015-ernteumzug\/IMG_1416.jpg\"\n\t\t\t\tdata-thumbnail=\"https:\/\/www.events-bassen.de\/wp-content\/gallery\/2015-ernteumzug\/thumbs\/thumbs_IMG_1416.jpg\"\n\t\t\t\tdata-image-id=\"1111\"\n\t\t\t\tdata-title=\"IMG_1416\"\n\t\t\t\tdata-description=\"\"\n\t\t\t\tdata-image-slug=\"img_1416\"\n\t\t\t\tclass=\"ngg-simplelightbox\" rel=\"cfd2605a49b51d9378aac4fcb4456663\">\n\t\t\t\t<img\n\t\t\t\t\ttitle=\"IMG_1416\"\n\t\t\t\t\talt=\"IMG_1416\"\n\t\t\t\t\tsrc=\"https:\/\/www.events-bassen.de\/wp-content\/gallery\/2015-ernteumzug\/thumbs\/thumbs_IMG_1416.jpg\"\n\t\t\t\t\twidth=\"120\"\n\t\t\t\t\theight=\"80\"\n\t\t\t\t\tstyle=\"max-width:100%;\"\n\t\t\t\t\/>\n\t\t\t<\/a>\n\t\t<\/div>\n\t\t\t\t\t\t\t<\/div>\n\t\t\t\n\t\t\t\t<div id=\"ngg-image-90\" class=\"ngg-gallery-thumbnail-box\n\t\t\t\t\t\t\t\t\t\t\t\"\n\t\t\t>\n\t\t\t\t\t\t<div class=\"ngg-gallery-thumbnail\">\n\t\t\t<a href=\"https:\/\/www.events-bassen.de\/wp-content\/gallery\/2015-ernteumzug\/MG_3109.jpg\"\n\t\t\t\ttitle=\"\"\n\t\t\t\tdata-src=\"https:\/\/www.events-bassen.de\/wp-content\/gallery\/2015-ernteumzug\/MG_3109.jpg\"\n\t\t\t\tdata-thumbnail=\"https:\/\/www.events-bassen.de\/wp-content\/gallery\/2015-ernteumzug\/thumbs\/thumbs_MG_3109.jpg\"\n\t\t\t\tdata-image-id=\"1112\"\n\t\t\t\tdata-title=\"_MG_3109\"\n\t\t\t\tdata-description=\"\"\n\t\t\t\tdata-image-slug=\"_mg_3109\"\n\t\t\t\tclass=\"ngg-simplelightbox\" rel=\"cfd2605a49b51d9378aac4fcb4456663\">\n\t\t\t\t<img\n\t\t\t\t\ttitle=\"_MG_3109\"\n\t\t\t\t\talt=\"_MG_3109\"\n\t\t\t\t\tsrc=\"https:\/\/www.events-bassen.de\/wp-content\/gallery\/2015-ernteumzug\/thumbs\/thumbs_MG_3109.jpg\"\n\t\t\t\t\twidth=\"120\"\n\t\t\t\t\theight=\"80\"\n\t\t\t\t\tstyle=\"max-width:100%;\"\n\t\t\t\t\/>\n\t\t\t<\/a>\n\t\t<\/div>\n\t\t\t\t\t\t\t<\/div>\n\t\t\t\n\t\t\t\t<div id=\"ngg-image-91\" class=\"ngg-gallery-thumbnail-box\n\t\t\t\t\t\t\t\t\t\t\t\"\n\t\t\t>\n\t\t\t\t\t\t<div class=\"ngg-gallery-thumbnail\">\n\t\t\t<a href=\"https:\/\/www.events-bassen.de\/wp-content\/gallery\/2015-ernteumzug\/IMG_1417.jpg\"\n\t\t\t\ttitle=\"\"\n\t\t\t\tdata-src=\"https:\/\/www.events-bassen.de\/wp-content\/gallery\/2015-ernteumzug\/IMG_1417.jpg\"\n\t\t\t\tdata-thumbnail=\"https:\/\/www.events-bassen.de\/wp-content\/gallery\/2015-ernteumzug\/thumbs\/thumbs_IMG_1417.jpg\"\n\t\t\t\tdata-image-id=\"1113\"\n\t\t\t\tdata-title=\"IMG_1417\"\n\t\t\t\tdata-description=\"\"\n\t\t\t\tdata-image-slug=\"img_1417\"\n\t\t\t\tclass=\"ngg-simplelightbox\" rel=\"cfd2605a49b51d9378aac4fcb4456663\">\n\t\t\t\t<img\n\t\t\t\t\ttitle=\"IMG_1417\"\n\t\t\t\t\talt=\"IMG_1417\"\n\t\t\t\t\tsrc=\"https:\/\/www.events-bassen.de\/wp-content\/gallery\/2015-ernteumzug\/thumbs\/thumbs_IMG_1417.jpg\"\n\t\t\t\t\twidth=\"120\"\n\t\t\t\t\theight=\"80\"\n\t\t\t\t\tstyle=\"max-width:100%;\"\n\t\t\t\t\/>\n\t\t\t<\/a>\n\t\t<\/div>\n\t\t\t\t\t\t\t<\/div>\n\t\t\t\n\t\t\t\t<div id=\"ngg-image-92\" class=\"ngg-gallery-thumbnail-box\n\t\t\t\t\t\t\t\t\t\t\t\"\n\t\t\t>\n\t\t\t\t\t\t<div class=\"ngg-gallery-thumbnail\">\n\t\t\t<a href=\"https:\/\/www.events-bassen.de\/wp-content\/gallery\/2015-ernteumzug\/IMG_1418.jpg\"\n\t\t\t\ttitle=\"\"\n\t\t\t\tdata-src=\"https:\/\/www.events-bassen.de\/wp-content\/gallery\/2015-ernteumzug\/IMG_1418.jpg\"\n\t\t\t\tdata-thumbnail=\"https:\/\/www.events-bassen.de\/wp-content\/gallery\/2015-ernteumzug\/thumbs\/thumbs_IMG_1418.jpg\"\n\t\t\t\tdata-image-id=\"1114\"\n\t\t\t\tdata-title=\"IMG_1418\"\n\t\t\t\tdata-description=\"\"\n\t\t\t\tdata-image-slug=\"img_1418\"\n\t\t\t\tclass=\"ngg-simplelightbox\" rel=\"cfd2605a49b51d9378aac4fcb4456663\">\n\t\t\t\t<img\n\t\t\t\t\ttitle=\"IMG_1418\"\n\t\t\t\t\talt=\"IMG_1418\"\n\t\t\t\t\tsrc=\"https:\/\/www.events-bassen.de\/wp-content\/gallery\/2015-ernteumzug\/thumbs\/thumbs_IMG_1418.jpg\"\n\t\t\t\t\twidth=\"120\"\n\t\t\t\t\theight=\"80\"\n\t\t\t\t\tstyle=\"max-width:100%;\"\n\t\t\t\t\/>\n\t\t\t<\/a>\n\t\t<\/div>\n\t\t\t\t\t\t\t<\/div>\n\t\t\t\n\t\t\t\t<div id=\"ngg-image-93\" class=\"ngg-gallery-thumbnail-box\n\t\t\t\t\t\t\t\t\t\t\t\"\n\t\t\t>\n\t\t\t\t\t\t<div class=\"ngg-gallery-thumbnail\">\n\t\t\t<a href=\"https:\/\/www.events-bassen.de\/wp-content\/gallery\/2015-ernteumzug\/IMG_1424.jpg\"\n\t\t\t\ttitle=\"\"\n\t\t\t\tdata-src=\"https:\/\/www.events-bassen.de\/wp-content\/gallery\/2015-ernteumzug\/IMG_1424.jpg\"\n\t\t\t\tdata-thumbnail=\"https:\/\/www.events-bassen.de\/wp-content\/gallery\/2015-ernteumzug\/thumbs\/thumbs_IMG_1424.jpg\"\n\t\t\t\tdata-image-id=\"1117\"\n\t\t\t\tdata-title=\"IMG_1424\"\n\t\t\t\tdata-description=\"\"\n\t\t\t\tdata-image-slug=\"img_1424\"\n\t\t\t\tclass=\"ngg-simplelightbox\" rel=\"cfd2605a49b51d9378aac4fcb4456663\">\n\t\t\t\t<img\n\t\t\t\t\ttitle=\"IMG_1424\"\n\t\t\t\t\talt=\"IMG_1424\"\n\t\t\t\t\tsrc=\"https:\/\/www.events-bassen.de\/wp-content\/gallery\/2015-ernteumzug\/thumbs\/thumbs_IMG_1424.jpg\"\n\t\t\t\t\twidth=\"120\"\n\t\t\t\t\theight=\"80\"\n\t\t\t\t\tstyle=\"max-width:100%;\"\n\t\t\t\t\/>\n\t\t\t<\/a>\n\t\t<\/div>\n\t\t\t\t\t\t\t<\/div>\n\t\t\t\n\t\t\t\t<div id=\"ngg-image-94\" class=\"ngg-gallery-thumbnail-box\n\t\t\t\t\t\t\t\t\t\t\t\"\n\t\t\t>\n\t\t\t\t\t\t<div class=\"ngg-gallery-thumbnail\">\n\t\t\t<a href=\"https:\/\/www.events-bassen.de\/wp-content\/gallery\/2015-ernteumzug\/IMG_1427.jpg\"\n\t\t\t\ttitle=\"\"\n\t\t\t\tdata-src=\"https:\/\/www.events-bassen.de\/wp-content\/gallery\/2015-ernteumzug\/IMG_1427.jpg\"\n\t\t\t\tdata-thumbnail=\"https:\/\/www.events-bassen.de\/wp-content\/gallery\/2015-ernteumzug\/thumbs\/thumbs_IMG_1427.jpg\"\n\t\t\t\tdata-image-id=\"1119\"\n\t\t\t\tdata-title=\"IMG_1427\"\n\t\t\t\tdata-description=\"\"\n\t\t\t\tdata-image-slug=\"img_1427\"\n\t\t\t\tclass=\"ngg-simplelightbox\" rel=\"cfd2605a49b51d9378aac4fcb4456663\">\n\t\t\t\t<img\n\t\t\t\t\ttitle=\"IMG_1427\"\n\t\t\t\t\talt=\"IMG_1427\"\n\t\t\t\t\tsrc=\"https:\/\/www.events-bassen.de\/wp-content\/gallery\/2015-ernteumzug\/thumbs\/thumbs_IMG_1427.jpg\"\n\t\t\t\t\twidth=\"120\"\n\t\t\t\t\theight=\"80\"\n\t\t\t\t\tstyle=\"max-width:100%;\"\n\t\t\t\t\/>\n\t\t\t<\/a>\n\t\t<\/div>\n\t\t\t\t\t\t\t<\/div>\n\t\t\t\n\t\t\t\t<div id=\"ngg-image-95\" class=\"ngg-gallery-thumbnail-box\n\t\t\t\t\t\t\t\t\t\t\t\"\n\t\t\t>\n\t\t\t\t\t\t<div class=\"ngg-gallery-thumbnail\">\n\t\t\t<a href=\"https:\/\/www.events-bassen.de\/wp-content\/gallery\/2015-ernteumzug\/IMG_1428.jpg\"\n\t\t\t\ttitle=\"\"\n\t\t\t\tdata-src=\"https:\/\/www.events-bassen.de\/wp-content\/gallery\/2015-ernteumzug\/IMG_1428.jpg\"\n\t\t\t\tdata-thumbnail=\"https:\/\/www.events-bassen.de\/wp-content\/gallery\/2015-ernteumzug\/thumbs\/thumbs_IMG_1428.jpg\"\n\t\t\t\tdata-image-id=\"1120\"\n\t\t\t\tdata-title=\"IMG_1428\"\n\t\t\t\tdata-description=\"\"\n\t\t\t\tdata-image-slug=\"img_1428\"\n\t\t\t\tclass=\"ngg-simplelightbox\" rel=\"cfd2605a49b51d9378aac4fcb4456663\">\n\t\t\t\t<img\n\t\t\t\t\ttitle=\"IMG_1428\"\n\t\t\t\t\talt=\"IMG_1428\"\n\t\t\t\t\tsrc=\"https:\/\/www.events-bassen.de\/wp-content\/gallery\/2015-ernteumzug\/thumbs\/thumbs_IMG_1428.jpg\"\n\t\t\t\t\twidth=\"120\"\n\t\t\t\t\theight=\"80\"\n\t\t\t\t\tstyle=\"max-width:100%;\"\n\t\t\t\t\/>\n\t\t\t<\/a>\n\t\t<\/div>\n\t\t\t\t\t\t\t<\/div>\n\t\t\t\n\t\t\t\t<div id=\"ngg-image-96\" class=\"ngg-gallery-thumbnail-box\n\t\t\t\t\t\t\t\t\t\t\t\"\n\t\t\t>\n\t\t\t\t\t\t<div class=\"ngg-gallery-thumbnail\">\n\t\t\t<a href=\"https:\/\/www.events-bassen.de\/wp-content\/gallery\/2015-ernteumzug\/IMG_1433.jpg\"\n\t\t\t\ttitle=\"\"\n\t\t\t\tdata-src=\"https:\/\/www.events-bassen.de\/wp-content\/gallery\/2015-ernteumzug\/IMG_1433.jpg\"\n\t\t\t\tdata-thumbnail=\"https:\/\/www.events-bassen.de\/wp-content\/gallery\/2015-ernteumzug\/thumbs\/thumbs_IMG_1433.jpg\"\n\t\t\t\tdata-image-id=\"1123\"\n\t\t\t\tdata-title=\"IMG_1433\"\n\t\t\t\tdata-description=\"\"\n\t\t\t\tdata-image-slug=\"img_1433\"\n\t\t\t\tclass=\"ngg-simplelightbox\" rel=\"cfd2605a49b51d9378aac4fcb4456663\">\n\t\t\t\t<img\n\t\t\t\t\ttitle=\"IMG_1433\"\n\t\t\t\t\talt=\"IMG_1433\"\n\t\t\t\t\tsrc=\"https:\/\/www.events-bassen.de\/wp-content\/gallery\/2015-ernteumzug\/thumbs\/thumbs_IMG_1433.jpg\"\n\t\t\t\t\twidth=\"120\"\n\t\t\t\t\theight=\"80\"\n\t\t\t\t\tstyle=\"max-width:100%;\"\n\t\t\t\t\/>\n\t\t\t<\/a>\n\t\t<\/div>\n\t\t\t\t\t\t\t<\/div>\n\t\t\t\n\t\t\t\t<div id=\"ngg-image-97\" class=\"ngg-gallery-thumbnail-box\n\t\t\t\t\t\t\t\t\t\t\t\"\n\t\t\t>\n\t\t\t\t\t\t<div class=\"ngg-gallery-thumbnail\">\n\t\t\t<a href=\"https:\/\/www.events-bassen.de\/wp-content\/gallery\/2015-ernteumzug\/IMG_1434.jpg\"\n\t\t\t\ttitle=\"\"\n\t\t\t\tdata-src=\"https:\/\/www.events-bassen.de\/wp-content\/gallery\/2015-ernteumzug\/IMG_1434.jpg\"\n\t\t\t\tdata-thumbnail=\"https:\/\/www.events-bassen.de\/wp-content\/gallery\/2015-ernteumzug\/thumbs\/thumbs_IMG_1434.jpg\"\n\t\t\t\tdata-image-id=\"1124\"\n\t\t\t\tdata-title=\"IMG_1434\"\n\t\t\t\tdata-description=\"\"\n\t\t\t\tdata-image-slug=\"img_1434\"\n\t\t\t\tclass=\"ngg-simplelightbox\" rel=\"cfd2605a49b51d9378aac4fcb4456663\">\n\t\t\t\t<img\n\t\t\t\t\ttitle=\"IMG_1434\"\n\t\t\t\t\talt=\"IMG_1434\"\n\t\t\t\t\tsrc=\"https:\/\/www.events-bassen.de\/wp-content\/gallery\/2015-ernteumzug\/thumbs\/thumbs_IMG_1434.jpg\"\n\t\t\t\t\twidth=\"120\"\n\t\t\t\t\theight=\"80\"\n\t\t\t\t\tstyle=\"max-width:100%;\"\n\t\t\t\t\/>\n\t\t\t<\/a>\n\t\t<\/div>\n\t\t\t\t\t\t\t<\/div>\n\t\t\t\n\t\t\t\t<div id=\"ngg-image-98\" class=\"ngg-gallery-thumbnail-box\n\t\t\t\t\t\t\t\t\t\t\t\"\n\t\t\t>\n\t\t\t\t\t\t<div class=\"ngg-gallery-thumbnail\">\n\t\t\t<a href=\"https:\/\/www.events-bassen.de\/wp-content\/gallery\/2015-ernteumzug\/IMG_1437.jpg\"\n\t\t\t\ttitle=\"\"\n\t\t\t\tdata-src=\"https:\/\/www.events-bassen.de\/wp-content\/gallery\/2015-ernteumzug\/IMG_1437.jpg\"\n\t\t\t\tdata-thumbnail=\"https:\/\/www.events-bassen.de\/wp-content\/gallery\/2015-ernteumzug\/thumbs\/thumbs_IMG_1437.jpg\"\n\t\t\t\tdata-image-id=\"1126\"\n\t\t\t\tdata-title=\"IMG_1437\"\n\t\t\t\tdata-description=\"\"\n\t\t\t\tdata-image-slug=\"img_1437\"\n\t\t\t\tclass=\"ngg-simplelightbox\" rel=\"cfd2605a49b51d9378aac4fcb4456663\">\n\t\t\t\t<img\n\t\t\t\t\ttitle=\"IMG_1437\"\n\t\t\t\t\talt=\"IMG_1437\"\n\t\t\t\t\tsrc=\"https:\/\/www.events-bassen.de\/wp-content\/gallery\/2015-ernteumzug\/thumbs\/thumbs_IMG_1437.jpg\"\n\t\t\t\t\twidth=\"120\"\n\t\t\t\t\theight=\"80\"\n\t\t\t\t\tstyle=\"max-width:100%;\"\n\t\t\t\t\/>\n\t\t\t<\/a>\n\t\t<\/div>\n\t\t\t\t\t\t\t<\/div>\n\t\t\t\n\t\t\t\t<div id=\"ngg-image-99\" class=\"ngg-gallery-thumbnail-box\n\t\t\t\t\t\t\t\t\t\t\t\"\n\t\t\t>\n\t\t\t\t\t\t<div class=\"ngg-gallery-thumbnail\">\n\t\t\t<a href=\"https:\/\/www.events-bassen.de\/wp-content\/gallery\/2015-ernteumzug\/IMG_1438.jpg\"\n\t\t\t\ttitle=\"\"\n\t\t\t\tdata-src=\"https:\/\/www.events-bassen.de\/wp-content\/gallery\/2015-ernteumzug\/IMG_1438.jpg\"\n\t\t\t\tdata-thumbnail=\"https:\/\/www.events-bassen.de\/wp-content\/gallery\/2015-ernteumzug\/thumbs\/thumbs_IMG_1438.jpg\"\n\t\t\t\tdata-image-id=\"1127\"\n\t\t\t\tdata-title=\"IMG_1438\"\n\t\t\t\tdata-description=\"\"\n\t\t\t\tdata-image-slug=\"img_1438\"\n\t\t\t\tclass=\"ngg-simplelightbox\" rel=\"cfd2605a49b51d9378aac4fcb4456663\">\n\t\t\t\t<img\n\t\t\t\t\ttitle=\"IMG_1438\"\n\t\t\t\t\talt=\"IMG_1438\"\n\t\t\t\t\tsrc=\"https:\/\/www.events-bassen.de\/wp-content\/gallery\/2015-ernteumzug\/thumbs\/thumbs_IMG_1438.jpg\"\n\t\t\t\t\twidth=\"120\"\n\t\t\t\t\theight=\"80\"\n\t\t\t\t\tstyle=\"max-width:100%;\"\n\t\t\t\t\/>\n\t\t\t<\/a>\n\t\t<\/div>\n\t\t\t\t\t\t\t<\/div>\n\t\t\t\n\t\t\t\t<div id=\"ngg-image-100\" class=\"ngg-gallery-thumbnail-box\n\t\t\t\t\t\t\t\t\t\t\t\"\n\t\t\t>\n\t\t\t\t\t\t<div class=\"ngg-gallery-thumbnail\">\n\t\t\t<a href=\"https:\/\/www.events-bassen.de\/wp-content\/gallery\/2015-ernteumzug\/IMG_1441.jpg\"\n\t\t\t\ttitle=\"\"\n\t\t\t\tdata-src=\"https:\/\/www.events-bassen.de\/wp-content\/gallery\/2015-ernteumzug\/IMG_1441.jpg\"\n\t\t\t\tdata-thumbnail=\"https:\/\/www.events-bassen.de\/wp-content\/gallery\/2015-ernteumzug\/thumbs\/thumbs_IMG_1441.jpg\"\n\t\t\t\tdata-image-id=\"1129\"\n\t\t\t\tdata-title=\"IMG_1441\"\n\t\t\t\tdata-description=\"\"\n\t\t\t\tdata-image-slug=\"img_1441\"\n\t\t\t\tclass=\"ngg-simplelightbox\" rel=\"cfd2605a49b51d9378aac4fcb4456663\">\n\t\t\t\t<img\n\t\t\t\t\ttitle=\"IMG_1441\"\n\t\t\t\t\talt=\"IMG_1441\"\n\t\t\t\t\tsrc=\"https:\/\/www.events-bassen.de\/wp-content\/gallery\/2015-ernteumzug\/thumbs\/thumbs_IMG_1441.jpg\"\n\t\t\t\t\twidth=\"120\"\n\t\t\t\t\theight=\"80\"\n\t\t\t\t\tstyle=\"max-width:100%;\"\n\t\t\t\t\/>\n\t\t\t<\/a>\n\t\t<\/div>\n\t\t\t\t\t\t\t<\/div>\n\t\t\t\n\t\t\t\t<div id=\"ngg-image-101\" class=\"ngg-gallery-thumbnail-box\n\t\t\t\t\t\t\t\t\t\t\t\"\n\t\t\t>\n\t\t\t\t\t\t<div class=\"ngg-gallery-thumbnail\">\n\t\t\t<a href=\"https:\/\/www.events-bassen.de\/wp-content\/gallery\/2015-ernteumzug\/IMG_1442.jpg\"\n\t\t\t\ttitle=\"\"\n\t\t\t\tdata-src=\"https:\/\/www.events-bassen.de\/wp-content\/gallery\/2015-ernteumzug\/IMG_1442.jpg\"\n\t\t\t\tdata-thumbnail=\"https:\/\/www.events-bassen.de\/wp-content\/gallery\/2015-ernteumzug\/thumbs\/thumbs_IMG_1442.jpg\"\n\t\t\t\tdata-image-id=\"1130\"\n\t\t\t\tdata-title=\"IMG_1442\"\n\t\t\t\tdata-description=\"\"\n\t\t\t\tdata-image-slug=\"img_1442\"\n\t\t\t\tclass=\"ngg-simplelightbox\" rel=\"cfd2605a49b51d9378aac4fcb4456663\">\n\t\t\t\t<img\n\t\t\t\t\ttitle=\"IMG_1442\"\n\t\t\t\t\talt=\"IMG_1442\"\n\t\t\t\t\tsrc=\"https:\/\/www.events-bassen.de\/wp-content\/gallery\/2015-ernteumzug\/thumbs\/thumbs_IMG_1442.jpg\"\n\t\t\t\t\twidth=\"120\"\n\t\t\t\t\theight=\"80\"\n\t\t\t\t\tstyle=\"max-width:100%;\"\n\t\t\t\t\/>\n\t\t\t<\/a>\n\t\t<\/div>\n\t\t\t\t\t\t\t<\/div>\n\t\t\t\n\t\t\t\t<div id=\"ngg-image-102\" class=\"ngg-gallery-thumbnail-box\n\t\t\t\t\t\t\t\t\t\t\t\"\n\t\t\t>\n\t\t\t\t\t\t<div class=\"ngg-gallery-thumbnail\">\n\t\t\t<a href=\"https:\/\/www.events-bassen.de\/wp-content\/gallery\/2015-ernteumzug\/IMG_1443.jpg\"\n\t\t\t\ttitle=\"\"\n\t\t\t\tdata-src=\"https:\/\/www.events-bassen.de\/wp-content\/gallery\/2015-ernteumzug\/IMG_1443.jpg\"\n\t\t\t\tdata-thumbnail=\"https:\/\/www.events-bassen.de\/wp-content\/gallery\/2015-ernteumzug\/thumbs\/thumbs_IMG_1443.jpg\"\n\t\t\t\tdata-image-id=\"1131\"\n\t\t\t\tdata-title=\"IMG_1443\"\n\t\t\t\tdata-description=\"\"\n\t\t\t\tdata-image-slug=\"img_1443\"\n\t\t\t\tclass=\"ngg-simplelightbox\" rel=\"cfd2605a49b51d9378aac4fcb4456663\">\n\t\t\t\t<img\n\t\t\t\t\ttitle=\"IMG_1443\"\n\t\t\t\t\talt=\"IMG_1443\"\n\t\t\t\t\tsrc=\"https:\/\/www.events-bassen.de\/wp-content\/gallery\/2015-ernteumzug\/thumbs\/thumbs_IMG_1443.jpg\"\n\t\t\t\t\twidth=\"120\"\n\t\t\t\t\theight=\"80\"\n\t\t\t\t\tstyle=\"max-width:100%;\"\n\t\t\t\t\/>\n\t\t\t<\/a>\n\t\t<\/div>\n\t\t\t\t\t\t\t<\/div>\n\t\t\t\n\t\t\t\t<div id=\"ngg-image-103\" class=\"ngg-gallery-thumbnail-box\n\t\t\t\t\t\t\t\t\t\t\t\"\n\t\t\t>\n\t\t\t\t\t\t<div class=\"ngg-gallery-thumbnail\">\n\t\t\t<a href=\"https:\/\/www.events-bassen.de\/wp-content\/gallery\/2015-ernteumzug\/IMG_1449.jpg\"\n\t\t\t\ttitle=\"\"\n\t\t\t\tdata-src=\"https:\/\/www.events-bassen.de\/wp-content\/gallery\/2015-ernteumzug\/IMG_1449.jpg\"\n\t\t\t\tdata-thumbnail=\"https:\/\/www.events-bassen.de\/wp-content\/gallery\/2015-ernteumzug\/thumbs\/thumbs_IMG_1449.jpg\"\n\t\t\t\tdata-image-id=\"1133\"\n\t\t\t\tdata-title=\"IMG_1449\"\n\t\t\t\tdata-description=\"\"\n\t\t\t\tdata-image-slug=\"img_1449\"\n\t\t\t\tclass=\"ngg-simplelightbox\" rel=\"cfd2605a49b51d9378aac4fcb4456663\">\n\t\t\t\t<img\n\t\t\t\t\ttitle=\"IMG_1449\"\n\t\t\t\t\talt=\"IMG_1449\"\n\t\t\t\t\tsrc=\"https:\/\/www.events-bassen.de\/wp-content\/gallery\/2015-ernteumzug\/thumbs\/thumbs_IMG_1449.jpg\"\n\t\t\t\t\twidth=\"120\"\n\t\t\t\t\theight=\"80\"\n\t\t\t\t\tstyle=\"max-width:100%;\"\n\t\t\t\t\/>\n\t\t\t<\/a>\n\t\t<\/div>\n\t\t\t\t\t\t\t<\/div>\n\t\t\t\n\t\t\t\t<div id=\"ngg-image-104\" class=\"ngg-gallery-thumbnail-box\n\t\t\t\t\t\t\t\t\t\t\t\"\n\t\t\t>\n\t\t\t\t\t\t<div class=\"ngg-gallery-thumbnail\">\n\t\t\t<a href=\"https:\/\/www.events-bassen.de\/wp-content\/gallery\/2015-ernteumzug\/IMG_1450.jpg\"\n\t\t\t\ttitle=\"\"\n\t\t\t\tdata-src=\"https:\/\/www.events-bassen.de\/wp-content\/gallery\/2015-ernteumzug\/IMG_1450.jpg\"\n\t\t\t\tdata-thumbnail=\"https:\/\/www.events-bassen.de\/wp-content\/gallery\/2015-ernteumzug\/thumbs\/thumbs_IMG_1450.jpg\"\n\t\t\t\tdata-image-id=\"1134\"\n\t\t\t\tdata-title=\"IMG_1450\"\n\t\t\t\tdata-description=\"\"\n\t\t\t\tdata-image-slug=\"img_1450\"\n\t\t\t\tclass=\"ngg-simplelightbox\" rel=\"cfd2605a49b51d9378aac4fcb4456663\">\n\t\t\t\t<img\n\t\t\t\t\ttitle=\"IMG_1450\"\n\t\t\t\t\talt=\"IMG_1450\"\n\t\t\t\t\tsrc=\"https:\/\/www.events-bassen.de\/wp-content\/gallery\/2015-ernteumzug\/thumbs\/thumbs_IMG_1450.jpg\"\n\t\t\t\t\twidth=\"120\"\n\t\t\t\t\theight=\"80\"\n\t\t\t\t\tstyle=\"max-width:100%;\"\n\t\t\t\t\/>\n\t\t\t<\/a>\n\t\t<\/div>\n\t\t\t\t\t\t\t<\/div>\n\t\t\t\n\t\t\t\t<div id=\"ngg-image-105\" class=\"ngg-gallery-thumbnail-box\n\t\t\t\t\t\t\t\t\t\t\t\"\n\t\t\t>\n\t\t\t\t\t\t<div class=\"ngg-gallery-thumbnail\">\n\t\t\t<a href=\"https:\/\/www.events-bassen.de\/wp-content\/gallery\/2015-ernteumzug\/IMG_1452.jpg\"\n\t\t\t\ttitle=\"\"\n\t\t\t\tdata-src=\"https:\/\/www.events-bassen.de\/wp-content\/gallery\/2015-ernteumzug\/IMG_1452.jpg\"\n\t\t\t\tdata-thumbnail=\"https:\/\/www.events-bassen.de\/wp-content\/gallery\/2015-ernteumzug\/thumbs\/thumbs_IMG_1452.jpg\"\n\t\t\t\tdata-image-id=\"1136\"\n\t\t\t\tdata-title=\"IMG_1452\"\n\t\t\t\tdata-description=\"\"\n\t\t\t\tdata-image-slug=\"img_1452\"\n\t\t\t\tclass=\"ngg-simplelightbox\" rel=\"cfd2605a49b51d9378aac4fcb4456663\">\n\t\t\t\t<img\n\t\t\t\t\ttitle=\"IMG_1452\"\n\t\t\t\t\talt=\"IMG_1452\"\n\t\t\t\t\tsrc=\"https:\/\/www.events-bassen.de\/wp-content\/gallery\/2015-ernteumzug\/thumbs\/thumbs_IMG_1452.jpg\"\n\t\t\t\t\twidth=\"120\"\n\t\t\t\t\theight=\"80\"\n\t\t\t\t\tstyle=\"max-width:100%;\"\n\t\t\t\t\/>\n\t\t\t<\/a>\n\t\t<\/div>\n\t\t\t\t\t\t\t<\/div>\n\t\t\t\n\t\t\t\t<div id=\"ngg-image-106\" class=\"ngg-gallery-thumbnail-box\n\t\t\t\t\t\t\t\t\t\t\t\"\n\t\t\t>\n\t\t\t\t\t\t<div class=\"ngg-gallery-thumbnail\">\n\t\t\t<a href=\"https:\/\/www.events-bassen.de\/wp-content\/gallery\/2015-ernteumzug\/IMG_1454.jpg\"\n\t\t\t\ttitle=\"\"\n\t\t\t\tdata-src=\"https:\/\/www.events-bassen.de\/wp-content\/gallery\/2015-ernteumzug\/IMG_1454.jpg\"\n\t\t\t\tdata-thumbnail=\"https:\/\/www.events-bassen.de\/wp-content\/gallery\/2015-ernteumzug\/thumbs\/thumbs_IMG_1454.jpg\"\n\t\t\t\tdata-image-id=\"1137\"\n\t\t\t\tdata-title=\"IMG_1454\"\n\t\t\t\tdata-description=\"\"\n\t\t\t\tdata-image-slug=\"img_1454\"\n\t\t\t\tclass=\"ngg-simplelightbox\" rel=\"cfd2605a49b51d9378aac4fcb4456663\">\n\t\t\t\t<img\n\t\t\t\t\ttitle=\"IMG_1454\"\n\t\t\t\t\talt=\"IMG_1454\"\n\t\t\t\t\tsrc=\"https:\/\/www.events-bassen.de\/wp-content\/gallery\/2015-ernteumzug\/thumbs\/thumbs_IMG_1454.jpg\"\n\t\t\t\t\twidth=\"120\"\n\t\t\t\t\theight=\"80\"\n\t\t\t\t\tstyle=\"max-width:100%;\"\n\t\t\t\t\/>\n\t\t\t<\/a>\n\t\t<\/div>\n\t\t\t\t\t\t\t<\/div>\n\t\t\t\n\t\t\t\t<div id=\"ngg-image-107\" class=\"ngg-gallery-thumbnail-box\n\t\t\t\t\t\t\t\t\t\t\t\"\n\t\t\t>\n\t\t\t\t\t\t<div class=\"ngg-gallery-thumbnail\">\n\t\t\t<a href=\"https:\/\/www.events-bassen.de\/wp-content\/gallery\/2015-ernteumzug\/IMG_1456.jpg\"\n\t\t\t\ttitle=\"\"\n\t\t\t\tdata-src=\"https:\/\/www.events-bassen.de\/wp-content\/gallery\/2015-ernteumzug\/IMG_1456.jpg\"\n\t\t\t\tdata-thumbnail=\"https:\/\/www.events-bassen.de\/wp-content\/gallery\/2015-ernteumzug\/thumbs\/thumbs_IMG_1456.jpg\"\n\t\t\t\tdata-image-id=\"1139\"\n\t\t\t\tdata-title=\"IMG_1456\"\n\t\t\t\tdata-description=\"\"\n\t\t\t\tdata-image-slug=\"img_1456\"\n\t\t\t\tclass=\"ngg-simplelightbox\" rel=\"cfd2605a49b51d9378aac4fcb4456663\">\n\t\t\t\t<img\n\t\t\t\t\ttitle=\"IMG_1456\"\n\t\t\t\t\talt=\"IMG_1456\"\n\t\t\t\t\tsrc=\"https:\/\/www.events-bassen.de\/wp-content\/gallery\/2015-ernteumzug\/thumbs\/thumbs_IMG_1456.jpg\"\n\t\t\t\t\twidth=\"120\"\n\t\t\t\t\theight=\"80\"\n\t\t\t\t\tstyle=\"max-width:100%;\"\n\t\t\t\t\/>\n\t\t\t<\/a>\n\t\t<\/div>\n\t\t\t\t\t\t\t<\/div>\n\t\t\t\n\t\t\t\t<div id=\"ngg-image-108\" class=\"ngg-gallery-thumbnail-box\n\t\t\t\t\t\t\t\t\t\t\t\"\n\t\t\t>\n\t\t\t\t\t\t<div class=\"ngg-gallery-thumbnail\">\n\t\t\t<a href=\"https:\/\/www.events-bassen.de\/wp-content\/gallery\/2015-ernteumzug\/MG_3111.jpg\"\n\t\t\t\ttitle=\"\"\n\t\t\t\tdata-src=\"https:\/\/www.events-bassen.de\/wp-content\/gallery\/2015-ernteumzug\/MG_3111.jpg\"\n\t\t\t\tdata-thumbnail=\"https:\/\/www.events-bassen.de\/wp-content\/gallery\/2015-ernteumzug\/thumbs\/thumbs_MG_3111.jpg\"\n\t\t\t\tdata-image-id=\"1140\"\n\t\t\t\tdata-title=\"_MG_3111\"\n\t\t\t\tdata-description=\"\"\n\t\t\t\tdata-image-slug=\"_mg_3111\"\n\t\t\t\tclass=\"ngg-simplelightbox\" rel=\"cfd2605a49b51d9378aac4fcb4456663\">\n\t\t\t\t<img\n\t\t\t\t\ttitle=\"_MG_3111\"\n\t\t\t\t\talt=\"_MG_3111\"\n\t\t\t\t\tsrc=\"https:\/\/www.events-bassen.de\/wp-content\/gallery\/2015-ernteumzug\/thumbs\/thumbs_MG_3111.jpg\"\n\t\t\t\t\twidth=\"120\"\n\t\t\t\t\theight=\"80\"\n\t\t\t\t\tstyle=\"max-width:100%;\"\n\t\t\t\t\/>\n\t\t\t<\/a>\n\t\t<\/div>\n\t\t\t\t\t\t\t<\/div>\n\t\t\t\n\t\t\t\t<div id=\"ngg-image-109\" class=\"ngg-gallery-thumbnail-box\n\t\t\t\t\t\t\t\t\t\t\t\"\n\t\t\t>\n\t\t\t\t\t\t<div class=\"ngg-gallery-thumbnail\">\n\t\t\t<a href=\"https:\/\/www.events-bassen.de\/wp-content\/gallery\/2015-ernteumzug\/IMG_1464.jpg\"\n\t\t\t\ttitle=\"\"\n\t\t\t\tdata-src=\"https:\/\/www.events-bassen.de\/wp-content\/gallery\/2015-ernteumzug\/IMG_1464.jpg\"\n\t\t\t\tdata-thumbnail=\"https:\/\/www.events-bassen.de\/wp-content\/gallery\/2015-ernteumzug\/thumbs\/thumbs_IMG_1464.jpg\"\n\t\t\t\tdata-image-id=\"1143\"\n\t\t\t\tdata-title=\"IMG_1464\"\n\t\t\t\tdata-description=\"\"\n\t\t\t\tdata-image-slug=\"img_1464\"\n\t\t\t\tclass=\"ngg-simplelightbox\" rel=\"cfd2605a49b51d9378aac4fcb4456663\">\n\t\t\t\t<img\n\t\t\t\t\ttitle=\"IMG_1464\"\n\t\t\t\t\talt=\"IMG_1464\"\n\t\t\t\t\tsrc=\"https:\/\/www.events-bassen.de\/wp-content\/gallery\/2015-ernteumzug\/thumbs\/thumbs_IMG_1464.jpg\"\n\t\t\t\t\twidth=\"120\"\n\t\t\t\t\theight=\"80\"\n\t\t\t\t\tstyle=\"max-width:100%;\"\n\t\t\t\t\/>\n\t\t\t<\/a>\n\t\t<\/div>\n\t\t\t\t\t\t\t<\/div>\n\t\t\t\n\t\t\t\t<div id=\"ngg-image-110\" class=\"ngg-gallery-thumbnail-box\n\t\t\t\t\t\t\t\t\t\t\t\"\n\t\t\t>\n\t\t\t\t\t\t<div class=\"ngg-gallery-thumbnail\">\n\t\t\t<a href=\"https:\/\/www.events-bassen.de\/wp-content\/gallery\/2015-ernteumzug\/IMG_1466.jpg\"\n\t\t\t\ttitle=\"\"\n\t\t\t\tdata-src=\"https:\/\/www.events-bassen.de\/wp-content\/gallery\/2015-ernteumzug\/IMG_1466.jpg\"\n\t\t\t\tdata-thumbnail=\"https:\/\/www.events-bassen.de\/wp-content\/gallery\/2015-ernteumzug\/thumbs\/thumbs_IMG_1466.jpg\"\n\t\t\t\tdata-image-id=\"1144\"\n\t\t\t\tdata-title=\"IMG_1466\"\n\t\t\t\tdata-description=\"\"\n\t\t\t\tdata-image-slug=\"img_1466\"\n\t\t\t\tclass=\"ngg-simplelightbox\" rel=\"cfd2605a49b51d9378aac4fcb4456663\">\n\t\t\t\t<img\n\t\t\t\t\ttitle=\"IMG_1466\"\n\t\t\t\t\talt=\"IMG_1466\"\n\t\t\t\t\tsrc=\"https:\/\/www.events-bassen.de\/wp-content\/gallery\/2015-ernteumzug\/thumbs\/thumbs_IMG_1466.jpg\"\n\t\t\t\t\twidth=\"120\"\n\t\t\t\t\theight=\"80\"\n\t\t\t\t\tstyle=\"max-width:100%;\"\n\t\t\t\t\/>\n\t\t\t<\/a>\n\t\t<\/div>\n\t\t\t\t\t\t\t<\/div>\n\t\t\t\n\t\t\t\t<div id=\"ngg-image-111\" class=\"ngg-gallery-thumbnail-box\n\t\t\t\t\t\t\t\t\t\t\t\"\n\t\t\t>\n\t\t\t\t\t\t<div class=\"ngg-gallery-thumbnail\">\n\t\t\t<a href=\"https:\/\/www.events-bassen.de\/wp-content\/gallery\/2015-ernteumzug\/IMG_1469.jpg\"\n\t\t\t\ttitle=\"\"\n\t\t\t\tdata-src=\"https:\/\/www.events-bassen.de\/wp-content\/gallery\/2015-ernteumzug\/IMG_1469.jpg\"\n\t\t\t\tdata-thumbnail=\"https:\/\/www.events-bassen.de\/wp-content\/gallery\/2015-ernteumzug\/thumbs\/thumbs_IMG_1469.jpg\"\n\t\t\t\tdata-image-id=\"1145\"\n\t\t\t\tdata-title=\"IMG_1469\"\n\t\t\t\tdata-description=\"\"\n\t\t\t\tdata-image-slug=\"img_1469\"\n\t\t\t\tclass=\"ngg-simplelightbox\" rel=\"cfd2605a49b51d9378aac4fcb4456663\">\n\t\t\t\t<img\n\t\t\t\t\ttitle=\"IMG_1469\"\n\t\t\t\t\talt=\"IMG_1469\"\n\t\t\t\t\tsrc=\"https:\/\/www.events-bassen.de\/wp-content\/gallery\/2015-ernteumzug\/thumbs\/thumbs_IMG_1469.jpg\"\n\t\t\t\t\twidth=\"120\"\n\t\t\t\t\theight=\"80\"\n\t\t\t\t\tstyle=\"max-width:100%;\"\n\t\t\t\t\/>\n\t\t\t<\/a>\n\t\t<\/div>\n\t\t\t\t\t\t\t<\/div>\n\t\t\t\n\t\t\t\t<div id=\"ngg-image-112\" class=\"ngg-gallery-thumbnail-box\n\t\t\t\t\t\t\t\t\t\t\t\"\n\t\t\t>\n\t\t\t\t\t\t<div class=\"ngg-gallery-thumbnail\">\n\t\t\t<a href=\"https:\/\/www.events-bassen.de\/wp-content\/gallery\/2015-ernteumzug\/IMG_1475.jpg\"\n\t\t\t\ttitle=\"\"\n\t\t\t\tdata-src=\"https:\/\/www.events-bassen.de\/wp-content\/gallery\/2015-ernteumzug\/IMG_1475.jpg\"\n\t\t\t\tdata-thumbnail=\"https:\/\/www.events-bassen.de\/wp-content\/gallery\/2015-ernteumzug\/thumbs\/thumbs_IMG_1475.jpg\"\n\t\t\t\tdata-image-id=\"1148\"\n\t\t\t\tdata-title=\"IMG_1475\"\n\t\t\t\tdata-description=\"\"\n\t\t\t\tdata-image-slug=\"img_1475\"\n\t\t\t\tclass=\"ngg-simplelightbox\" rel=\"cfd2605a49b51d9378aac4fcb4456663\">\n\t\t\t\t<img\n\t\t\t\t\ttitle=\"IMG_1475\"\n\t\t\t\t\talt=\"IMG_1475\"\n\t\t\t\t\tsrc=\"https:\/\/www.events-bassen.de\/wp-content\/gallery\/2015-ernteumzug\/thumbs\/thumbs_IMG_1475.jpg\"\n\t\t\t\t\twidth=\"120\"\n\t\t\t\t\theight=\"80\"\n\t\t\t\t\tstyle=\"max-width:100%;\"\n\t\t\t\t\/>\n\t\t\t<\/a>\n\t\t<\/div>\n\t\t\t\t\t\t\t<\/div>\n\t\t\t\n\t\t\t\t<div id=\"ngg-image-113\" class=\"ngg-gallery-thumbnail-box\n\t\t\t\t\t\t\t\t\t\t\t\"\n\t\t\t>\n\t\t\t\t\t\t<div class=\"ngg-gallery-thumbnail\">\n\t\t\t<a href=\"https:\/\/www.events-bassen.de\/wp-content\/gallery\/2015-ernteumzug\/IMG_1477.jpg\"\n\t\t\t\ttitle=\"\"\n\t\t\t\tdata-src=\"https:\/\/www.events-bassen.de\/wp-content\/gallery\/2015-ernteumzug\/IMG_1477.jpg\"\n\t\t\t\tdata-thumbnail=\"https:\/\/www.events-bassen.de\/wp-content\/gallery\/2015-ernteumzug\/thumbs\/thumbs_IMG_1477.jpg\"\n\t\t\t\tdata-image-id=\"1149\"\n\t\t\t\tdata-title=\"IMG_1477\"\n\t\t\t\tdata-description=\"\"\n\t\t\t\tdata-image-slug=\"img_1477\"\n\t\t\t\tclass=\"ngg-simplelightbox\" rel=\"cfd2605a49b51d9378aac4fcb4456663\">\n\t\t\t\t<img\n\t\t\t\t\ttitle=\"IMG_1477\"\n\t\t\t\t\talt=\"IMG_1477\"\n\t\t\t\t\tsrc=\"https:\/\/www.events-bassen.de\/wp-content\/gallery\/2015-ernteumzug\/thumbs\/thumbs_IMG_1477.jpg\"\n\t\t\t\t\twidth=\"120\"\n\t\t\t\t\theight=\"80\"\n\t\t\t\t\tstyle=\"max-width:100%;\"\n\t\t\t\t\/>\n\t\t\t<\/a>\n\t\t<\/div>\n\t\t\t\t\t\t\t<\/div>\n\t\t\t\n\t\t\t\t<div id=\"ngg-image-114\" class=\"ngg-gallery-thumbnail-box\n\t\t\t\t\t\t\t\t\t\t\t\"\n\t\t\t>\n\t\t\t\t\t\t<div class=\"ngg-gallery-thumbnail\">\n\t\t\t<a href=\"https:\/\/www.events-bassen.de\/wp-content\/gallery\/2015-ernteumzug\/IMG_1483.jpg\"\n\t\t\t\ttitle=\"\"\n\t\t\t\tdata-src=\"https:\/\/www.events-bassen.de\/wp-content\/gallery\/2015-ernteumzug\/IMG_1483.jpg\"\n\t\t\t\tdata-thumbnail=\"https:\/\/www.events-bassen.de\/wp-content\/gallery\/2015-ernteumzug\/thumbs\/thumbs_IMG_1483.jpg\"\n\t\t\t\tdata-image-id=\"1150\"\n\t\t\t\tdata-title=\"IMG_1483\"\n\t\t\t\tdata-description=\"\"\n\t\t\t\tdata-image-slug=\"img_1483\"\n\t\t\t\tclass=\"ngg-simplelightbox\" rel=\"cfd2605a49b51d9378aac4fcb4456663\">\n\t\t\t\t<img\n\t\t\t\t\ttitle=\"IMG_1483\"\n\t\t\t\t\talt=\"IMG_1483\"\n\t\t\t\t\tsrc=\"https:\/\/www.events-bassen.de\/wp-content\/gallery\/2015-ernteumzug\/thumbs\/thumbs_IMG_1483.jpg\"\n\t\t\t\t\twidth=\"120\"\n\t\t\t\t\theight=\"80\"\n\t\t\t\t\tstyle=\"max-width:100%;\"\n\t\t\t\t\/>\n\t\t\t<\/a>\n\t\t<\/div>\n\t\t\t\t\t\t\t<\/div>\n\t\t\t\n\t\t\t\t<div id=\"ngg-image-115\" class=\"ngg-gallery-thumbnail-box\n\t\t\t\t\t\t\t\t\t\t\t\"\n\t\t\t>\n\t\t\t\t\t\t<div class=\"ngg-gallery-thumbnail\">\n\t\t\t<a href=\"https:\/\/www.events-bassen.de\/wp-content\/gallery\/2015-ernteumzug\/IMG_1486.jpg\"\n\t\t\t\ttitle=\"\"\n\t\t\t\tdata-src=\"https:\/\/www.events-bassen.de\/wp-content\/gallery\/2015-ernteumzug\/IMG_1486.jpg\"\n\t\t\t\tdata-thumbnail=\"https:\/\/www.events-bassen.de\/wp-content\/gallery\/2015-ernteumzug\/thumbs\/thumbs_IMG_1486.jpg\"\n\t\t\t\tdata-image-id=\"1152\"\n\t\t\t\tdata-title=\"IMG_1486\"\n\t\t\t\tdata-description=\"\"\n\t\t\t\tdata-image-slug=\"img_1486\"\n\t\t\t\tclass=\"ngg-simplelightbox\" rel=\"cfd2605a49b51d9378aac4fcb4456663\">\n\t\t\t\t<img\n\t\t\t\t\ttitle=\"IMG_1486\"\n\t\t\t\t\talt=\"IMG_1486\"\n\t\t\t\t\tsrc=\"https:\/\/www.events-bassen.de\/wp-content\/gallery\/2015-ernteumzug\/thumbs\/thumbs_IMG_1486.jpg\"\n\t\t\t\t\twidth=\"120\"\n\t\t\t\t\theight=\"80\"\n\t\t\t\t\tstyle=\"max-width:100%;\"\n\t\t\t\t\/>\n\t\t\t<\/a>\n\t\t<\/div>\n\t\t\t\t\t\t\t<\/div>\n\t\t\t\n\t\t\t\t<div id=\"ngg-image-116\" class=\"ngg-gallery-thumbnail-box\n\t\t\t\t\t\t\t\t\t\t\t\"\n\t\t\t>\n\t\t\t\t\t\t<div class=\"ngg-gallery-thumbnail\">\n\t\t\t<a href=\"https:\/\/www.events-bassen.de\/wp-content\/gallery\/2015-ernteumzug\/IMG_1491.jpg\"\n\t\t\t\ttitle=\"\"\n\t\t\t\tdata-src=\"https:\/\/www.events-bassen.de\/wp-content\/gallery\/2015-ernteumzug\/IMG_1491.jpg\"\n\t\t\t\tdata-thumbnail=\"https:\/\/www.events-bassen.de\/wp-content\/gallery\/2015-ernteumzug\/thumbs\/thumbs_IMG_1491.jpg\"\n\t\t\t\tdata-image-id=\"1154\"\n\t\t\t\tdata-title=\"IMG_1491\"\n\t\t\t\tdata-description=\"\"\n\t\t\t\tdata-image-slug=\"img_1491\"\n\t\t\t\tclass=\"ngg-simplelightbox\" rel=\"cfd2605a49b51d9378aac4fcb4456663\">\n\t\t\t\t<img\n\t\t\t\t\ttitle=\"IMG_1491\"\n\t\t\t\t\talt=\"IMG_1491\"\n\t\t\t\t\tsrc=\"https:\/\/www.events-bassen.de\/wp-content\/gallery\/2015-ernteumzug\/thumbs\/thumbs_IMG_1491.jpg\"\n\t\t\t\t\twidth=\"120\"\n\t\t\t\t\theight=\"80\"\n\t\t\t\t\tstyle=\"max-width:100%;\"\n\t\t\t\t\/>\n\t\t\t<\/a>\n\t\t<\/div>\n\t\t\t\t\t\t\t<\/div>\n\t\t\t\n\t\t\t\t<div id=\"ngg-image-117\" class=\"ngg-gallery-thumbnail-box\n\t\t\t\t\t\t\t\t\t\t\t\"\n\t\t\t>\n\t\t\t\t\t\t<div class=\"ngg-gallery-thumbnail\">\n\t\t\t<a href=\"https:\/\/www.events-bassen.de\/wp-content\/gallery\/2015-ernteumzug\/IMG_1495.jpg\"\n\t\t\t\ttitle=\"\"\n\t\t\t\tdata-src=\"https:\/\/www.events-bassen.de\/wp-content\/gallery\/2015-ernteumzug\/IMG_1495.jpg\"\n\t\t\t\tdata-thumbnail=\"https:\/\/www.events-bassen.de\/wp-content\/gallery\/2015-ernteumzug\/thumbs\/thumbs_IMG_1495.jpg\"\n\t\t\t\tdata-image-id=\"1156\"\n\t\t\t\tdata-title=\"IMG_1495\"\n\t\t\t\tdata-description=\"\"\n\t\t\t\tdata-image-slug=\"img_1495\"\n\t\t\t\tclass=\"ngg-simplelightbox\" rel=\"cfd2605a49b51d9378aac4fcb4456663\">\n\t\t\t\t<img\n\t\t\t\t\ttitle=\"IMG_1495\"\n\t\t\t\t\talt=\"IMG_1495\"\n\t\t\t\t\tsrc=\"https:\/\/www.events-bassen.de\/wp-content\/gallery\/2015-ernteumzug\/thumbs\/thumbs_IMG_1495.jpg\"\n\t\t\t\t\twidth=\"120\"\n\t\t\t\t\theight=\"80\"\n\t\t\t\t\tstyle=\"max-width:100%;\"\n\t\t\t\t\/>\n\t\t\t<\/a>\n\t\t<\/div>\n\t\t\t\t\t\t\t<\/div>\n\t\t\t\n\t\t\t\t<div id=\"ngg-image-118\" class=\"ngg-gallery-thumbnail-box\n\t\t\t\t\t\t\t\t\t\t\t\"\n\t\t\t>\n\t\t\t\t\t\t<div class=\"ngg-gallery-thumbnail\">\n\t\t\t<a href=\"https:\/\/www.events-bassen.de\/wp-content\/gallery\/2015-ernteumzug\/IMG_1498.jpg\"\n\t\t\t\ttitle=\"\"\n\t\t\t\tdata-src=\"https:\/\/www.events-bassen.de\/wp-content\/gallery\/2015-ernteumzug\/IMG_1498.jpg\"\n\t\t\t\tdata-thumbnail=\"https:\/\/www.events-bassen.de\/wp-content\/gallery\/2015-ernteumzug\/thumbs\/thumbs_IMG_1498.jpg\"\n\t\t\t\tdata-image-id=\"1158\"\n\t\t\t\tdata-title=\"IMG_1498\"\n\t\t\t\tdata-description=\"\"\n\t\t\t\tdata-image-slug=\"img_1498\"\n\t\t\t\tclass=\"ngg-simplelightbox\" rel=\"cfd2605a49b51d9378aac4fcb4456663\">\n\t\t\t\t<img\n\t\t\t\t\ttitle=\"IMG_1498\"\n\t\t\t\t\talt=\"IMG_1498\"\n\t\t\t\t\tsrc=\"https:\/\/www.events-bassen.de\/wp-content\/gallery\/2015-ernteumzug\/thumbs\/thumbs_IMG_1498.jpg\"\n\t\t\t\t\twidth=\"120\"\n\t\t\t\t\theight=\"80\"\n\t\t\t\t\tstyle=\"max-width:100%;\"\n\t\t\t\t\/>\n\t\t\t<\/a>\n\t\t<\/div>\n\t\t\t\t\t\t\t<\/div>\n\t\t\t\n\t\t\t\t<div id=\"ngg-image-119\" class=\"ngg-gallery-thumbnail-box\n\t\t\t\t\t\t\t\t\t\t\t\"\n\t\t\t>\n\t\t\t\t\t\t<div class=\"ngg-gallery-thumbnail\">\n\t\t\t<a href=\"https:\/\/www.events-bassen.de\/wp-content\/gallery\/2015-ernteumzug\/IMG_1500.jpg\"\n\t\t\t\ttitle=\"\"\n\t\t\t\tdata-src=\"https:\/\/www.events-bassen.de\/wp-content\/gallery\/2015-ernteumzug\/IMG_1500.jpg\"\n\t\t\t\tdata-thumbnail=\"https:\/\/www.events-bassen.de\/wp-content\/gallery\/2015-ernteumzug\/thumbs\/thumbs_IMG_1500.jpg\"\n\t\t\t\tdata-image-id=\"1159\"\n\t\t\t\tdata-title=\"IMG_1500\"\n\t\t\t\tdata-description=\"\"\n\t\t\t\tdata-image-slug=\"img_1500\"\n\t\t\t\tclass=\"ngg-simplelightbox\" rel=\"cfd2605a49b51d9378aac4fcb4456663\">\n\t\t\t\t<img\n\t\t\t\t\ttitle=\"IMG_1500\"\n\t\t\t\t\talt=\"IMG_1500\"\n\t\t\t\t\tsrc=\"https:\/\/www.events-bassen.de\/wp-content\/gallery\/2015-ernteumzug\/thumbs\/thumbs_IMG_1500.jpg\"\n\t\t\t\t\twidth=\"120\"\n\t\t\t\t\theight=\"80\"\n\t\t\t\t\tstyle=\"max-width:100%;\"\n\t\t\t\t\/>\n\t\t\t<\/a>\n\t\t<\/div>\n\t\t\t\t\t\t\t<\/div>\n\t\t\t\n\t\t\t\t<div id=\"ngg-image-120\" class=\"ngg-gallery-thumbnail-box\n\t\t\t\t\t\t\t\t\t\t\t\"\n\t\t\t>\n\t\t\t\t\t\t<div class=\"ngg-gallery-thumbnail\">\n\t\t\t<a href=\"https:\/\/www.events-bassen.de\/wp-content\/gallery\/2015-ernteumzug\/IMG_1507.jpg\"\n\t\t\t\ttitle=\"\"\n\t\t\t\tdata-src=\"https:\/\/www.events-bassen.de\/wp-content\/gallery\/2015-ernteumzug\/IMG_1507.jpg\"\n\t\t\t\tdata-thumbnail=\"https:\/\/www.events-bassen.de\/wp-content\/gallery\/2015-ernteumzug\/thumbs\/thumbs_IMG_1507.jpg\"\n\t\t\t\tdata-image-id=\"1162\"\n\t\t\t\tdata-title=\"IMG_1507\"\n\t\t\t\tdata-description=\"\"\n\t\t\t\tdata-image-slug=\"img_1507\"\n\t\t\t\tclass=\"ngg-simplelightbox\" rel=\"cfd2605a49b51d9378aac4fcb4456663\">\n\t\t\t\t<img\n\t\t\t\t\ttitle=\"IMG_1507\"\n\t\t\t\t\talt=\"IMG_1507\"\n\t\t\t\t\tsrc=\"https:\/\/www.events-bassen.de\/wp-content\/gallery\/2015-ernteumzug\/thumbs\/thumbs_IMG_1507.jpg\"\n\t\t\t\t\twidth=\"120\"\n\t\t\t\t\theight=\"80\"\n\t\t\t\t\tstyle=\"max-width:100%;\"\n\t\t\t\t\/>\n\t\t\t<\/a>\n\t\t<\/div>\n\t\t\t\t\t\t\t<\/div>\n\t\t\t\n\t\t\t\t<div id=\"ngg-image-121\" class=\"ngg-gallery-thumbnail-box\n\t\t\t\t\t\t\t\t\t\t\t\"\n\t\t\t>\n\t\t\t\t\t\t<div class=\"ngg-gallery-thumbnail\">\n\t\t\t<a href=\"https:\/\/www.events-bassen.de\/wp-content\/gallery\/2015-ernteumzug\/IMG_1511.jpg\"\n\t\t\t\ttitle=\"\"\n\t\t\t\tdata-src=\"https:\/\/www.events-bassen.de\/wp-content\/gallery\/2015-ernteumzug\/IMG_1511.jpg\"\n\t\t\t\tdata-thumbnail=\"https:\/\/www.events-bassen.de\/wp-content\/gallery\/2015-ernteumzug\/thumbs\/thumbs_IMG_1511.jpg\"\n\t\t\t\tdata-image-id=\"1163\"\n\t\t\t\tdata-title=\"IMG_1511\"\n\t\t\t\tdata-description=\"\"\n\t\t\t\tdata-image-slug=\"img_1511\"\n\t\t\t\tclass=\"ngg-simplelightbox\" rel=\"cfd2605a49b51d9378aac4fcb4456663\">\n\t\t\t\t<img\n\t\t\t\t\ttitle=\"IMG_1511\"\n\t\t\t\t\talt=\"IMG_1511\"\n\t\t\t\t\tsrc=\"https:\/\/www.events-bassen.de\/wp-content\/gallery\/2015-ernteumzug\/thumbs\/thumbs_IMG_1511.jpg\"\n\t\t\t\t\twidth=\"120\"\n\t\t\t\t\theight=\"80\"\n\t\t\t\t\tstyle=\"max-width:100%;\"\n\t\t\t\t\/>\n\t\t\t<\/a>\n\t\t<\/div>\n\t\t\t\t\t\t\t<\/div>\n\t\t\t\n\t\t\t\t<div id=\"ngg-image-122\" class=\"ngg-gallery-thumbnail-box\n\t\t\t\t\t\t\t\t\t\t\t\"\n\t\t\t>\n\t\t\t\t\t\t<div class=\"ngg-gallery-thumbnail\">\n\t\t\t<a href=\"https:\/\/www.events-bassen.de\/wp-content\/gallery\/2015-ernteumzug\/IMG_1512.jpg\"\n\t\t\t\ttitle=\"\"\n\t\t\t\tdata-src=\"https:\/\/www.events-bassen.de\/wp-content\/gallery\/2015-ernteumzug\/IMG_1512.jpg\"\n\t\t\t\tdata-thumbnail=\"https:\/\/www.events-bassen.de\/wp-content\/gallery\/2015-ernteumzug\/thumbs\/thumbs_IMG_1512.jpg\"\n\t\t\t\tdata-image-id=\"1165\"\n\t\t\t\tdata-title=\"IMG_1512\"\n\t\t\t\tdata-description=\"\"\n\t\t\t\tdata-image-slug=\"img_1512\"\n\t\t\t\tclass=\"ngg-simplelightbox\" rel=\"cfd2605a49b51d9378aac4fcb4456663\">\n\t\t\t\t<img\n\t\t\t\t\ttitle=\"IMG_1512\"\n\t\t\t\t\talt=\"IMG_1512\"\n\t\t\t\t\tsrc=\"https:\/\/www.events-bassen.de\/wp-content\/gallery\/2015-ernteumzug\/thumbs\/thumbs_IMG_1512.jpg\"\n\t\t\t\t\twidth=\"120\"\n\t\t\t\t\theight=\"80\"\n\t\t\t\t\tstyle=\"max-width:100%;\"\n\t\t\t\t\/>\n\t\t\t<\/a>\n\t\t<\/div>\n\t\t\t\t\t\t\t<\/div>\n\t\t\t\n\t\t\t\t<div id=\"ngg-image-123\" class=\"ngg-gallery-thumbnail-box\n\t\t\t\t\t\t\t\t\t\t\t\"\n\t\t\t>\n\t\t\t\t\t\t<div class=\"ngg-gallery-thumbnail\">\n\t\t\t<a href=\"https:\/\/www.events-bassen.de\/wp-content\/gallery\/2015-ernteumzug\/MG_3117.jpg\"\n\t\t\t\ttitle=\"\"\n\t\t\t\tdata-src=\"https:\/\/www.events-bassen.de\/wp-content\/gallery\/2015-ernteumzug\/MG_3117.jpg\"\n\t\t\t\tdata-thumbnail=\"https:\/\/www.events-bassen.de\/wp-content\/gallery\/2015-ernteumzug\/thumbs\/thumbs_MG_3117.jpg\"\n\t\t\t\tdata-image-id=\"1168\"\n\t\t\t\tdata-title=\"_MG_3117\"\n\t\t\t\tdata-description=\"\"\n\t\t\t\tdata-image-slug=\"_mg_3117\"\n\t\t\t\tclass=\"ngg-simplelightbox\" rel=\"cfd2605a49b51d9378aac4fcb4456663\">\n\t\t\t\t<img\n\t\t\t\t\ttitle=\"_MG_3117\"\n\t\t\t\t\talt=\"_MG_3117\"\n\t\t\t\t\tsrc=\"https:\/\/www.events-bassen.de\/wp-content\/gallery\/2015-ernteumzug\/thumbs\/thumbs_MG_3117.jpg\"\n\t\t\t\t\twidth=\"120\"\n\t\t\t\t\theight=\"80\"\n\t\t\t\t\tstyle=\"max-width:100%;\"\n\t\t\t\t\/>\n\t\t\t<\/a>\n\t\t<\/div>\n\t\t\t\t\t\t\t<\/div>\n\t\t\t\n\t\t\t\t<div id=\"ngg-image-124\" class=\"ngg-gallery-thumbnail-box\n\t\t\t\t\t\t\t\t\t\t\t\"\n\t\t\t>\n\t\t\t\t\t\t<div class=\"ngg-gallery-thumbnail\">\n\t\t\t<a href=\"https:\/\/www.events-bassen.de\/wp-content\/gallery\/2015-ernteumzug\/MG_3118.jpg\"\n\t\t\t\ttitle=\"\"\n\t\t\t\tdata-src=\"https:\/\/www.events-bassen.de\/wp-content\/gallery\/2015-ernteumzug\/MG_3118.jpg\"\n\t\t\t\tdata-thumbnail=\"https:\/\/www.events-bassen.de\/wp-content\/gallery\/2015-ernteumzug\/thumbs\/thumbs_MG_3118.jpg\"\n\t\t\t\tdata-image-id=\"1169\"\n\t\t\t\tdata-title=\"_MG_3118\"\n\t\t\t\tdata-description=\"\"\n\t\t\t\tdata-image-slug=\"_mg_3118\"\n\t\t\t\tclass=\"ngg-simplelightbox\" rel=\"cfd2605a49b51d9378aac4fcb4456663\">\n\t\t\t\t<img\n\t\t\t\t\ttitle=\"_MG_3118\"\n\t\t\t\t\talt=\"_MG_3118\"\n\t\t\t\t\tsrc=\"https:\/\/www.events-bassen.de\/wp-content\/gallery\/2015-ernteumzug\/thumbs\/thumbs_MG_3118.jpg\"\n\t\t\t\t\twidth=\"120\"\n\t\t\t\t\theight=\"80\"\n\t\t\t\t\tstyle=\"max-width:100%;\"\n\t\t\t\t\/>\n\t\t\t<\/a>\n\t\t<\/div>\n\t\t\t\t\t\t\t<\/div>\n\t\t\t\n\t\t\t\t<div id=\"ngg-image-125\" class=\"ngg-gallery-thumbnail-box\n\t\t\t\t\t\t\t\t\t\t\t\"\n\t\t\t>\n\t\t\t\t\t\t<div class=\"ngg-gallery-thumbnail\">\n\t\t\t<a href=\"https:\/\/www.events-bassen.de\/wp-content\/gallery\/2015-ernteumzug\/IMG_1522.jpg\"\n\t\t\t\ttitle=\"\"\n\t\t\t\tdata-src=\"https:\/\/www.events-bassen.de\/wp-content\/gallery\/2015-ernteumzug\/IMG_1522.jpg\"\n\t\t\t\tdata-thumbnail=\"https:\/\/www.events-bassen.de\/wp-content\/gallery\/2015-ernteumzug\/thumbs\/thumbs_IMG_1522.jpg\"\n\t\t\t\tdata-image-id=\"1170\"\n\t\t\t\tdata-title=\"IMG_1522\"\n\t\t\t\tdata-description=\"\"\n\t\t\t\tdata-image-slug=\"img_1522\"\n\t\t\t\tclass=\"ngg-simplelightbox\" rel=\"cfd2605a49b51d9378aac4fcb4456663\">\n\t\t\t\t<img\n\t\t\t\t\ttitle=\"IMG_1522\"\n\t\t\t\t\talt=\"IMG_1522\"\n\t\t\t\t\tsrc=\"https:\/\/www.events-bassen.de\/wp-content\/gallery\/2015-ernteumzug\/thumbs\/thumbs_IMG_1522.jpg\"\n\t\t\t\t\twidth=\"120\"\n\t\t\t\t\theight=\"80\"\n\t\t\t\t\tstyle=\"max-width:100%;\"\n\t\t\t\t\/>\n\t\t\t<\/a>\n\t\t<\/div>\n\t\t\t\t\t\t\t<\/div>\n\t\t\t\n\t\t\t\t<div id=\"ngg-image-126\" class=\"ngg-gallery-thumbnail-box\n\t\t\t\t\t\t\t\t\t\t\t\"\n\t\t\t>\n\t\t\t\t\t\t<div class=\"ngg-gallery-thumbnail\">\n\t\t\t<a href=\"https:\/\/www.events-bassen.de\/wp-content\/gallery\/2015-ernteumzug\/IMG_1524.jpg\"\n\t\t\t\ttitle=\"\"\n\t\t\t\tdata-src=\"https:\/\/www.events-bassen.de\/wp-content\/gallery\/2015-ernteumzug\/IMG_1524.jpg\"\n\t\t\t\tdata-thumbnail=\"https:\/\/www.events-bassen.de\/wp-content\/gallery\/2015-ernteumzug\/thumbs\/thumbs_IMG_1524.jpg\"\n\t\t\t\tdata-image-id=\"1171\"\n\t\t\t\tdata-title=\"IMG_1524\"\n\t\t\t\tdata-description=\"\"\n\t\t\t\tdata-image-slug=\"img_1524\"\n\t\t\t\tclass=\"ngg-simplelightbox\" rel=\"cfd2605a49b51d9378aac4fcb4456663\">\n\t\t\t\t<img\n\t\t\t\t\ttitle=\"IMG_1524\"\n\t\t\t\t\talt=\"IMG_1524\"\n\t\t\t\t\tsrc=\"https:\/\/www.events-bassen.de\/wp-content\/gallery\/2015-ernteumzug\/thumbs\/thumbs_IMG_1524.jpg\"\n\t\t\t\t\twidth=\"120\"\n\t\t\t\t\theight=\"80\"\n\t\t\t\t\tstyle=\"max-width:100%;\"\n\t\t\t\t\/>\n\t\t\t<\/a>\n\t\t<\/div>\n\t\t\t\t\t\t\t<\/div>\n\t\t\t\n\t\t\t\t<div id=\"ngg-image-127\" class=\"ngg-gallery-thumbnail-box\n\t\t\t\t\t\t\t\t\t\t\t\"\n\t\t\t>\n\t\t\t\t\t\t<div class=\"ngg-gallery-thumbnail\">\n\t\t\t<a href=\"https:\/\/www.events-bassen.de\/wp-content\/gallery\/2015-ernteumzug\/IMG_1526.jpg\"\n\t\t\t\ttitle=\"\"\n\t\t\t\tdata-src=\"https:\/\/www.events-bassen.de\/wp-content\/gallery\/2015-ernteumzug\/IMG_1526.jpg\"\n\t\t\t\tdata-thumbnail=\"https:\/\/www.events-bassen.de\/wp-content\/gallery\/2015-ernteumzug\/thumbs\/thumbs_IMG_1526.jpg\"\n\t\t\t\tdata-image-id=\"1172\"\n\t\t\t\tdata-title=\"IMG_1526\"\n\t\t\t\tdata-description=\"\"\n\t\t\t\tdata-image-slug=\"img_1526\"\n\t\t\t\tclass=\"ngg-simplelightbox\" rel=\"cfd2605a49b51d9378aac4fcb4456663\">\n\t\t\t\t<img\n\t\t\t\t\ttitle=\"IMG_1526\"\n\t\t\t\t\talt=\"IMG_1526\"\n\t\t\t\t\tsrc=\"https:\/\/www.events-bassen.de\/wp-content\/gallery\/2015-ernteumzug\/thumbs\/thumbs_IMG_1526.jpg\"\n\t\t\t\t\twidth=\"120\"\n\t\t\t\t\theight=\"80\"\n\t\t\t\t\tstyle=\"max-width:100%;\"\n\t\t\t\t\/>\n\t\t\t<\/a>\n\t\t<\/div>\n\t\t\t\t\t\t\t<\/div>\n\t\t\t\n\t\t\t\t<div id=\"ngg-image-128\" class=\"ngg-gallery-thumbnail-box\n\t\t\t\t\t\t\t\t\t\t\t\"\n\t\t\t>\n\t\t\t\t\t\t<div class=\"ngg-gallery-thumbnail\">\n\t\t\t<a href=\"https:\/\/www.events-bassen.de\/wp-content\/gallery\/2015-ernteumzug\/IMG_1527.jpg\"\n\t\t\t\ttitle=\"\"\n\t\t\t\tdata-src=\"https:\/\/www.events-bassen.de\/wp-content\/gallery\/2015-ernteumzug\/IMG_1527.jpg\"\n\t\t\t\tdata-thumbnail=\"https:\/\/www.events-bassen.de\/wp-content\/gallery\/2015-ernteumzug\/thumbs\/thumbs_IMG_1527.jpg\"\n\t\t\t\tdata-image-id=\"1173\"\n\t\t\t\tdata-title=\"IMG_1527\"\n\t\t\t\tdata-description=\"\"\n\t\t\t\tdata-image-slug=\"img_1527\"\n\t\t\t\tclass=\"ngg-simplelightbox\" rel=\"cfd2605a49b51d9378aac4fcb4456663\">\n\t\t\t\t<img\n\t\t\t\t\ttitle=\"IMG_1527\"\n\t\t\t\t\talt=\"IMG_1527\"\n\t\t\t\t\tsrc=\"https:\/\/www.events-bassen.de\/wp-content\/gallery\/2015-ernteumzug\/thumbs\/thumbs_IMG_1527.jpg\"\n\t\t\t\t\twidth=\"120\"\n\t\t\t\t\theight=\"80\"\n\t\t\t\t\tstyle=\"max-width:100%;\"\n\t\t\t\t\/>\n\t\t\t<\/a>\n\t\t<\/div>\n\t\t\t\t\t\t\t<\/div>\n\t\t\t\n\t\t\t\t<div id=\"ngg-image-129\" class=\"ngg-gallery-thumbnail-box\n\t\t\t\t\t\t\t\t\t\t\t\"\n\t\t\t>\n\t\t\t\t\t\t<div class=\"ngg-gallery-thumbnail\">\n\t\t\t<a href=\"https:\/\/www.events-bassen.de\/wp-content\/gallery\/2015-ernteumzug\/IMG_1533.jpg\"\n\t\t\t\ttitle=\"\"\n\t\t\t\tdata-src=\"https:\/\/www.events-bassen.de\/wp-content\/gallery\/2015-ernteumzug\/IMG_1533.jpg\"\n\t\t\t\tdata-thumbnail=\"https:\/\/www.events-bassen.de\/wp-content\/gallery\/2015-ernteumzug\/thumbs\/thumbs_IMG_1533.jpg\"\n\t\t\t\tdata-image-id=\"1175\"\n\t\t\t\tdata-title=\"IMG_1533\"\n\t\t\t\tdata-description=\"\"\n\t\t\t\tdata-image-slug=\"img_1533\"\n\t\t\t\tclass=\"ngg-simplelightbox\" rel=\"cfd2605a49b51d9378aac4fcb4456663\">\n\t\t\t\t<img\n\t\t\t\t\ttitle=\"IMG_1533\"\n\t\t\t\t\talt=\"IMG_1533\"\n\t\t\t\t\tsrc=\"https:\/\/www.events-bassen.de\/wp-content\/gallery\/2015-ernteumzug\/thumbs\/thumbs_IMG_1533.jpg\"\n\t\t\t\t\twidth=\"120\"\n\t\t\t\t\theight=\"80\"\n\t\t\t\t\tstyle=\"max-width:100%;\"\n\t\t\t\t\/>\n\t\t\t<\/a>\n\t\t<\/div>\n\t\t\t\t\t\t\t<\/div>\n\t\t\t\n\t\t\t\t<div id=\"ngg-image-130\" class=\"ngg-gallery-thumbnail-box\n\t\t\t\t\t\t\t\t\t\t\t\"\n\t\t\t>\n\t\t\t\t\t\t<div class=\"ngg-gallery-thumbnail\">\n\t\t\t<a href=\"https:\/\/www.events-bassen.de\/wp-content\/gallery\/2015-ernteumzug\/IMG_1534.jpg\"\n\t\t\t\ttitle=\"\"\n\t\t\t\tdata-src=\"https:\/\/www.events-bassen.de\/wp-content\/gallery\/2015-ernteumzug\/IMG_1534.jpg\"\n\t\t\t\tdata-thumbnail=\"https:\/\/www.events-bassen.de\/wp-content\/gallery\/2015-ernteumzug\/thumbs\/thumbs_IMG_1534.jpg\"\n\t\t\t\tdata-image-id=\"1177\"\n\t\t\t\tdata-title=\"IMG_1534\"\n\t\t\t\tdata-description=\"\"\n\t\t\t\tdata-image-slug=\"img_1534\"\n\t\t\t\tclass=\"ngg-simplelightbox\" rel=\"cfd2605a49b51d9378aac4fcb4456663\">\n\t\t\t\t<img\n\t\t\t\t\ttitle=\"IMG_1534\"\n\t\t\t\t\talt=\"IMG_1534\"\n\t\t\t\t\tsrc=\"https:\/\/www.events-bassen.de\/wp-content\/gallery\/2015-ernteumzug\/thumbs\/thumbs_IMG_1534.jpg\"\n\t\t\t\t\twidth=\"120\"\n\t\t\t\t\theight=\"80\"\n\t\t\t\t\tstyle=\"max-width:100%;\"\n\t\t\t\t\/>\n\t\t\t<\/a>\n\t\t<\/div>\n\t\t\t\t\t\t\t<\/div>\n\t\t\t\n\t\t\t\t<div id=\"ngg-image-131\" class=\"ngg-gallery-thumbnail-box\n\t\t\t\t\t\t\t\t\t\t\t\"\n\t\t\t>\n\t\t\t\t\t\t<div class=\"ngg-gallery-thumbnail\">\n\t\t\t<a href=\"https:\/\/www.events-bassen.de\/wp-content\/gallery\/2015-ernteumzug\/MG_3125.jpg\"\n\t\t\t\ttitle=\"\"\n\t\t\t\tdata-src=\"https:\/\/www.events-bassen.de\/wp-content\/gallery\/2015-ernteumzug\/MG_3125.jpg\"\n\t\t\t\tdata-thumbnail=\"https:\/\/www.events-bassen.de\/wp-content\/gallery\/2015-ernteumzug\/thumbs\/thumbs_MG_3125.jpg\"\n\t\t\t\tdata-image-id=\"1181\"\n\t\t\t\tdata-title=\"_MG_3125\"\n\t\t\t\tdata-description=\"\"\n\t\t\t\tdata-image-slug=\"_mg_3125\"\n\t\t\t\tclass=\"ngg-simplelightbox\" rel=\"cfd2605a49b51d9378aac4fcb4456663\">\n\t\t\t\t<img\n\t\t\t\t\ttitle=\"_MG_3125\"\n\t\t\t\t\talt=\"_MG_3125\"\n\t\t\t\t\tsrc=\"https:\/\/www.events-bassen.de\/wp-content\/gallery\/2015-ernteumzug\/thumbs\/thumbs_MG_3125.jpg\"\n\t\t\t\t\twidth=\"120\"\n\t\t\t\t\theight=\"80\"\n\t\t\t\t\tstyle=\"max-width:100%;\"\n\t\t\t\t\/>\n\t\t\t<\/a>\n\t\t<\/div>\n\t\t\t\t\t\t\t<\/div>\n\t\t\t\n\t\t\t\t<div id=\"ngg-image-132\" class=\"ngg-gallery-thumbnail-box\n\t\t\t\t\t\t\t\t\t\t\t\"\n\t\t\t>\n\t\t\t\t\t\t<div class=\"ngg-gallery-thumbnail\">\n\t\t\t<a href=\"https:\/\/www.events-bassen.de\/wp-content\/gallery\/2015-ernteumzug\/IMG_1544.jpg\"\n\t\t\t\ttitle=\"\"\n\t\t\t\tdata-src=\"https:\/\/www.events-bassen.de\/wp-content\/gallery\/2015-ernteumzug\/IMG_1544.jpg\"\n\t\t\t\tdata-thumbnail=\"https:\/\/www.events-bassen.de\/wp-content\/gallery\/2015-ernteumzug\/thumbs\/thumbs_IMG_1544.jpg\"\n\t\t\t\tdata-image-id=\"1183\"\n\t\t\t\tdata-title=\"IMG_1544\"\n\t\t\t\tdata-description=\"\"\n\t\t\t\tdata-image-slug=\"img_1544\"\n\t\t\t\tclass=\"ngg-simplelightbox\" rel=\"cfd2605a49b51d9378aac4fcb4456663\">\n\t\t\t\t<img\n\t\t\t\t\ttitle=\"IMG_1544\"\n\t\t\t\t\talt=\"IMG_1544\"\n\t\t\t\t\tsrc=\"https:\/\/www.events-bassen.de\/wp-content\/gallery\/2015-ernteumzug\/thumbs\/thumbs_IMG_1544.jpg\"\n\t\t\t\t\twidth=\"120\"\n\t\t\t\t\theight=\"80\"\n\t\t\t\t\tstyle=\"max-width:100%;\"\n\t\t\t\t\/>\n\t\t\t<\/a>\n\t\t<\/div>\n\t\t\t\t\t\t\t<\/div>\n\t\t\t\n\t\t\t\t<div id=\"ngg-image-133\" class=\"ngg-gallery-thumbnail-box\n\t\t\t\t\t\t\t\t\t\t\t\"\n\t\t\t>\n\t\t\t\t\t\t<div class=\"ngg-gallery-thumbnail\">\n\t\t\t<a href=\"https:\/\/www.events-bassen.de\/wp-content\/gallery\/2015-ernteumzug\/IMG_1547.jpg\"\n\t\t\t\ttitle=\"\"\n\t\t\t\tdata-src=\"https:\/\/www.events-bassen.de\/wp-content\/gallery\/2015-ernteumzug\/IMG_1547.jpg\"\n\t\t\t\tdata-thumbnail=\"https:\/\/www.events-bassen.de\/wp-content\/gallery\/2015-ernteumzug\/thumbs\/thumbs_IMG_1547.jpg\"\n\t\t\t\tdata-image-id=\"1184\"\n\t\t\t\tdata-title=\"IMG_1547\"\n\t\t\t\tdata-description=\"\"\n\t\t\t\tdata-image-slug=\"img_1547\"\n\t\t\t\tclass=\"ngg-simplelightbox\" rel=\"cfd2605a49b51d9378aac4fcb4456663\">\n\t\t\t\t<img\n\t\t\t\t\ttitle=\"IMG_1547\"\n\t\t\t\t\talt=\"IMG_1547\"\n\t\t\t\t\tsrc=\"https:\/\/www.events-bassen.de\/wp-content\/gallery\/2015-ernteumzug\/thumbs\/thumbs_IMG_1547.jpg\"\n\t\t\t\t\twidth=\"120\"\n\t\t\t\t\theight=\"80\"\n\t\t\t\t\tstyle=\"max-width:100%;\"\n\t\t\t\t\/>\n\t\t\t<\/a>\n\t\t<\/div>\n\t\t\t\t\t\t\t<\/div>\n\t\t\t\n\t\t\t\t<div id=\"ngg-image-134\" class=\"ngg-gallery-thumbnail-box\n\t\t\t\t\t\t\t\t\t\t\t\"\n\t\t\t>\n\t\t\t\t\t\t<div class=\"ngg-gallery-thumbnail\">\n\t\t\t<a href=\"https:\/\/www.events-bassen.de\/wp-content\/gallery\/2015-ernteumzug\/IMG_1548.jpg\"\n\t\t\t\ttitle=\"\"\n\t\t\t\tdata-src=\"https:\/\/www.events-bassen.de\/wp-content\/gallery\/2015-ernteumzug\/IMG_1548.jpg\"\n\t\t\t\tdata-thumbnail=\"https:\/\/www.events-bassen.de\/wp-content\/gallery\/2015-ernteumzug\/thumbs\/thumbs_IMG_1548.jpg\"\n\t\t\t\tdata-image-id=\"1185\"\n\t\t\t\tdata-title=\"IMG_1548\"\n\t\t\t\tdata-description=\"\"\n\t\t\t\tdata-image-slug=\"img_1548\"\n\t\t\t\tclass=\"ngg-simplelightbox\" rel=\"cfd2605a49b51d9378aac4fcb4456663\">\n\t\t\t\t<img\n\t\t\t\t\ttitle=\"IMG_1548\"\n\t\t\t\t\talt=\"IMG_1548\"\n\t\t\t\t\tsrc=\"https:\/\/www.events-bassen.de\/wp-content\/gallery\/2015-ernteumzug\/thumbs\/thumbs_IMG_1548.jpg\"\n\t\t\t\t\twidth=\"120\"\n\t\t\t\t\theight=\"80\"\n\t\t\t\t\tstyle=\"max-width:100%;\"\n\t\t\t\t\/>\n\t\t\t<\/a>\n\t\t<\/div>\n\t\t\t\t\t\t\t<\/div>\n\t\t\t\n\t\t\t\t<div id=\"ngg-image-135\" class=\"ngg-gallery-thumbnail-box\n\t\t\t\t\t\t\t\t\t\t\t\"\n\t\t\t>\n\t\t\t\t\t\t<div class=\"ngg-gallery-thumbnail\">\n\t\t\t<a href=\"https:\/\/www.events-bassen.de\/wp-content\/gallery\/2015-ernteumzug\/IMG_1550.jpg\"\n\t\t\t\ttitle=\"\"\n\t\t\t\tdata-src=\"https:\/\/www.events-bassen.de\/wp-content\/gallery\/2015-ernteumzug\/IMG_1550.jpg\"\n\t\t\t\tdata-thumbnail=\"https:\/\/www.events-bassen.de\/wp-content\/gallery\/2015-ernteumzug\/thumbs\/thumbs_IMG_1550.jpg\"\n\t\t\t\tdata-image-id=\"1187\"\n\t\t\t\tdata-title=\"IMG_1550\"\n\t\t\t\tdata-description=\"\"\n\t\t\t\tdata-image-slug=\"img_1550\"\n\t\t\t\tclass=\"ngg-simplelightbox\" rel=\"cfd2605a49b51d9378aac4fcb4456663\">\n\t\t\t\t<img\n\t\t\t\t\ttitle=\"IMG_1550\"\n\t\t\t\t\talt=\"IMG_1550\"\n\t\t\t\t\tsrc=\"https:\/\/www.events-bassen.de\/wp-content\/gallery\/2015-ernteumzug\/thumbs\/thumbs_IMG_1550.jpg\"\n\t\t\t\t\twidth=\"120\"\n\t\t\t\t\theight=\"80\"\n\t\t\t\t\tstyle=\"max-width:100%;\"\n\t\t\t\t\/>\n\t\t\t<\/a>\n\t\t<\/div>\n\t\t\t\t\t\t\t<\/div>\n\t\t\t\n\t\t\t\t<div id=\"ngg-image-136\" class=\"ngg-gallery-thumbnail-box\n\t\t\t\t\t\t\t\t\t\t\t\"\n\t\t\t>\n\t\t\t\t\t\t<div class=\"ngg-gallery-thumbnail\">\n\t\t\t<a href=\"https:\/\/www.events-bassen.de\/wp-content\/gallery\/2015-ernteumzug\/IMG_1552.jpg\"\n\t\t\t\ttitle=\"\"\n\t\t\t\tdata-src=\"https:\/\/www.events-bassen.de\/wp-content\/gallery\/2015-ernteumzug\/IMG_1552.jpg\"\n\t\t\t\tdata-thumbnail=\"https:\/\/www.events-bassen.de\/wp-content\/gallery\/2015-ernteumzug\/thumbs\/thumbs_IMG_1552.jpg\"\n\t\t\t\tdata-image-id=\"1188\"\n\t\t\t\tdata-title=\"IMG_1552\"\n\t\t\t\tdata-description=\"\"\n\t\t\t\tdata-image-slug=\"img_1552\"\n\t\t\t\tclass=\"ngg-simplelightbox\" rel=\"cfd2605a49b51d9378aac4fcb4456663\">\n\t\t\t\t<img\n\t\t\t\t\ttitle=\"IMG_1552\"\n\t\t\t\t\talt=\"IMG_1552\"\n\t\t\t\t\tsrc=\"https:\/\/www.events-bassen.de\/wp-content\/gallery\/2015-ernteumzug\/thumbs\/thumbs_IMG_1552.jpg\"\n\t\t\t\t\twidth=\"120\"\n\t\t\t\t\theight=\"80\"\n\t\t\t\t\tstyle=\"max-width:100%;\"\n\t\t\t\t\/>\n\t\t\t<\/a>\n\t\t<\/div>\n\t\t\t\t\t\t\t<\/div>\n\t\t\t\n\t\t\t\t<div id=\"ngg-image-137\" class=\"ngg-gallery-thumbnail-box\n\t\t\t\t\t\t\t\t\t\t\t\"\n\t\t\t>\n\t\t\t\t\t\t<div class=\"ngg-gallery-thumbnail\">\n\t\t\t<a href=\"https:\/\/www.events-bassen.de\/wp-content\/gallery\/2015-ernteumzug\/IMG_1556.jpg\"\n\t\t\t\ttitle=\"\"\n\t\t\t\tdata-src=\"https:\/\/www.events-bassen.de\/wp-content\/gallery\/2015-ernteumzug\/IMG_1556.jpg\"\n\t\t\t\tdata-thumbnail=\"https:\/\/www.events-bassen.de\/wp-content\/gallery\/2015-ernteumzug\/thumbs\/thumbs_IMG_1556.jpg\"\n\t\t\t\tdata-image-id=\"1190\"\n\t\t\t\tdata-title=\"IMG_1556\"\n\t\t\t\tdata-description=\"\"\n\t\t\t\tdata-image-slug=\"img_1556\"\n\t\t\t\tclass=\"ngg-simplelightbox\" rel=\"cfd2605a49b51d9378aac4fcb4456663\">\n\t\t\t\t<img\n\t\t\t\t\ttitle=\"IMG_1556\"\n\t\t\t\t\talt=\"IMG_1556\"\n\t\t\t\t\tsrc=\"https:\/\/www.events-bassen.de\/wp-content\/gallery\/2015-ernteumzug\/thumbs\/thumbs_IMG_1556.jpg\"\n\t\t\t\t\twidth=\"120\"\n\t\t\t\t\theight=\"80\"\n\t\t\t\t\tstyle=\"max-width:100%;\"\n\t\t\t\t\/>\n\t\t\t<\/a>\n\t\t<\/div>\n\t\t\t\t\t\t\t<\/div>\n\t\t\t\n\t\t\t\t<div id=\"ngg-image-138\" class=\"ngg-gallery-thumbnail-box\n\t\t\t\t\t\t\t\t\t\t\t\"\n\t\t\t>\n\t\t\t\t\t\t<div class=\"ngg-gallery-thumbnail\">\n\t\t\t<a href=\"https:\/\/www.events-bassen.de\/wp-content\/gallery\/2015-ernteumzug\/IMG_1558.jpg\"\n\t\t\t\ttitle=\"\"\n\t\t\t\tdata-src=\"https:\/\/www.events-bassen.de\/wp-content\/gallery\/2015-ernteumzug\/IMG_1558.jpg\"\n\t\t\t\tdata-thumbnail=\"https:\/\/www.events-bassen.de\/wp-content\/gallery\/2015-ernteumzug\/thumbs\/thumbs_IMG_1558.jpg\"\n\t\t\t\tdata-image-id=\"1191\"\n\t\t\t\tdata-title=\"IMG_1558\"\n\t\t\t\tdata-description=\"\"\n\t\t\t\tdata-image-slug=\"img_1558\"\n\t\t\t\tclass=\"ngg-simplelightbox\" rel=\"cfd2605a49b51d9378aac4fcb4456663\">\n\t\t\t\t<img\n\t\t\t\t\ttitle=\"IMG_1558\"\n\t\t\t\t\talt=\"IMG_1558\"\n\t\t\t\t\tsrc=\"https:\/\/www.events-bassen.de\/wp-content\/gallery\/2015-ernteumzug\/thumbs\/thumbs_IMG_1558.jpg\"\n\t\t\t\t\twidth=\"120\"\n\t\t\t\t\theight=\"80\"\n\t\t\t\t\tstyle=\"max-width:100%;\"\n\t\t\t\t\/>\n\t\t\t<\/a>\n\t\t<\/div>\n\t\t\t\t\t\t\t<\/div>\n\t\t\t\n\t\t\t\t<div id=\"ngg-image-139\" class=\"ngg-gallery-thumbnail-box\n\t\t\t\t\t\t\t\t\t\t\t\"\n\t\t\t>\n\t\t\t\t\t\t<div class=\"ngg-gallery-thumbnail\">\n\t\t\t<a href=\"https:\/\/www.events-bassen.de\/wp-content\/gallery\/2015-ernteumzug\/MG_3127.jpg\"\n\t\t\t\ttitle=\"\"\n\t\t\t\tdata-src=\"https:\/\/www.events-bassen.de\/wp-content\/gallery\/2015-ernteumzug\/MG_3127.jpg\"\n\t\t\t\tdata-thumbnail=\"https:\/\/www.events-bassen.de\/wp-content\/gallery\/2015-ernteumzug\/thumbs\/thumbs_MG_3127.jpg\"\n\t\t\t\tdata-image-id=\"1192\"\n\t\t\t\tdata-title=\"_MG_3127\"\n\t\t\t\tdata-description=\"\"\n\t\t\t\tdata-image-slug=\"_mg_3127\"\n\t\t\t\tclass=\"ngg-simplelightbox\" rel=\"cfd2605a49b51d9378aac4fcb4456663\">\n\t\t\t\t<img\n\t\t\t\t\ttitle=\"_MG_3127\"\n\t\t\t\t\talt=\"_MG_3127\"\n\t\t\t\t\tsrc=\"https:\/\/www.events-bassen.de\/wp-content\/gallery\/2015-ernteumzug\/thumbs\/thumbs_MG_3127.jpg\"\n\t\t\t\t\twidth=\"120\"\n\t\t\t\t\theight=\"80\"\n\t\t\t\t\tstyle=\"max-width:100%;\"\n\t\t\t\t\/>\n\t\t\t<\/a>\n\t\t<\/div>\n\t\t\t\t\t\t\t<\/div>\n\t\t\t\n\t\n\t<br style=\"clear: both\" \/>\n\n\t\n\t\t<!-- Pagination -->\n\t\t<div class='ngg-clear'><\/div>\t<\/div>\n<\/p>\n","protected":false},"excerpt":{"rendered":"<p>Die Aufstellung der 51 Erntewagen begann wie immer gegen 13 Uhr. St\u00fcck f\u00fcr St\u00fcck reihten sich die bunten und prunkvoll geschm\u00fcckten Wagen in die Schlange ein. Nach Herausforderung der Erntekrone durch den Erntebr\u00e4utigam setzte sich der Ernteumzug langsam in Gang. Mit etwas Versp\u00e4tung startete der Umzug in Richtung Heidort.<\/p>\n","protected":false},"author":1,"featured_media":0,"comment_status":"open","ping_status":"open","sticky":false,"template":"","format":"standard","meta":{"ngg_post_thumbnail":0,"footnotes":""},"categories":[1,3],"tags":[184,185],"class_list":["post-7699","post","type-post","status-publish","format-standard","hentry","category-allgemein","category-erntefest","tag-erntefest-2015","tag-ernteumzug-2015"],"_links":{"self":[{"href":"https:\/\/www.events-bassen.de\/index.php?rest_route=\/wp\/v2\/posts\/7699","targetHints":{"allow":["GET"]}}],"collection":[{"href":"https:\/\/www.events-bassen.de\/index.php?rest_route=\/wp\/v2\/posts"}],"about":[{"href":"https:\/\/www.events-bassen.de\/index.php?rest_route=\/wp\/v2\/types\/post"}],"author":[{"embeddable":true,"href":"https:\/\/www.events-bassen.de\/index.php?rest_route=\/wp\/v2\/users\/1"}],"replies":[{"embeddable":true,"href":"https:\/\/www.events-bassen.de\/index.php?rest_route=%2Fwp%2Fv2%2Fcomments&post=7699"}],"version-history":[{"count":14,"href":"https:\/\/www.events-bassen.de\/index.php?rest_route=\/wp\/v2\/posts\/7699\/revisions"}],"predecessor-version":[{"id":8843,"href":"https:\/\/www.events-bassen.de\/index.php?rest_route=\/wp\/v2\/posts\/7699\/revisions\/8843"}],"wp:attachment":[{"href":"https:\/\/www.events-bassen.de\/index.php?rest_route=%2Fwp%2Fv2%2Fmedia&parent=7699"}],"wp:term":[{"taxonomy":"category","embeddable":true,"href":"https:\/\/www.events-bassen.de\/index.php?rest_route=%2Fwp%2Fv2%2Fcategories&post=7699"},{"taxonomy":"post_tag","embeddable":true,"href":"https:\/\/www.events-bassen.de\/index.php?rest_route=%2Fwp%2Fv2%2Ftags&post=7699"}],"curies":[{"name":"wp","href":"https:\/\/api.w.org\/{rel}","templated":true}]}}