{"id":7701,"date":"2015-09-08T17:16:32","date_gmt":"2015-09-08T17:16:32","guid":{"rendered":"http:\/\/www.events-bassen.de\/?p=7701"},"modified":"2015-11-14T17:33:09","modified_gmt":"2015-11-14T17:33:09","slug":"erntefest-2015-der-sonntag-danach","status":"publish","type":"post","link":"https:\/\/www.events-bassen.de\/?p=7701","title":{"rendered":"Erntefest 2015 &#8211; Der Sonntag danach&#8230;"},"content":{"rendered":"<p style=\"text-align: justify;\">Wer es am Sonntag Morgen schon wieder schaffte nahm am Gottesdienst in der Festscheune teil. F\u00fcr Erntebraut und Erntebr\u00e4utigam war es allerdings Pflichtprogramm am letzten Tag des Festes (Keine Ahnung ob Kimberly und Simon da waren &#8211; ich hab noch geschlafen).<br \/>\nUm ca. 11 Uhr begann der j\u00e4hrliche Fr\u00fchschoppen mit Livemusik, wo schon wieder das ein oder andere Bier oder Schn\u00e4pschen vernichtet wurde. Ebenfalls waren auch schon die Oldtimer und <!--more-->historischen Landmaschienen auf der Feldstra\u00dfe zur Besichtigung freigegeben worden. Leider spielte das Wetter nicht wirklich mit. Gegen 12 Uhr &#8211; Mittag! Erbsensuppe soll angeblich gegen Kopfschmerzen und \u00dcbelkeit helfen, aber bei mir nicht. Besser schmeckte mir der frische Butterkuchen\u00a0 &#8211; Mmmhhh.<br \/>\nVerdammt da war es dann schon soweit, nachdem die Erntefahne eingeholt wurde endete offiziell das 63. Bassener Erntefest.<\/p>\n<p><span style=\"color: #ff6600;\">Info: Falls hier Fotos eingestellt wurden, die nicht \u00f6ffentlich zu sehen sein sollen, bitte kurze Info an mich. Werde die Fotos dann umgehend entfernen.<\/span><\/p>\n<p><small><code>[fb-like-button]<\/code><\/small><\/p>\n<p><!-- default-view.php -->\n<div\n\tclass=\"ngg-galleryoverview default-view\n\t ngg-ajax-pagination-none\t\"\n\tid=\"ngg-gallery-2be013981b34eeadcd0e3a9441f82024-1\">\n\n\t\t<!-- Thumbnails -->\n\t\t\t\t<div id=\"ngg-image-0\" class=\"ngg-gallery-thumbnail-box\n\t\t\t\t\t\t\t\t\t\t\t\"\n\t\t\t>\n\t\t\t\t\t\t<div class=\"ngg-gallery-thumbnail\">\n\t\t\t<a href=\"https:\/\/www.events-bassen.de\/wp-content\/gallery\/erntefest-sonntag-2015\/IMG_1566.jpg\"\n\t\t\t\ttitle=\"\"\n\t\t\t\tdata-src=\"https:\/\/www.events-bassen.de\/wp-content\/gallery\/erntefest-sonntag-2015\/IMG_1566.jpg\"\n\t\t\t\tdata-thumbnail=\"https:\/\/www.events-bassen.de\/wp-content\/gallery\/erntefest-sonntag-2015\/thumbs\/thumbs_IMG_1566.jpg\"\n\t\t\t\tdata-image-id=\"1423\"\n\t\t\t\tdata-title=\"IMG_1566\"\n\t\t\t\tdata-description=\"\"\n\t\t\t\tdata-image-slug=\"img_1566\"\n\t\t\t\tclass=\"ngg-simplelightbox\" rel=\"2be013981b34eeadcd0e3a9441f82024\">\n\t\t\t\t<img\n\t\t\t\t\ttitle=\"IMG_1566\"\n\t\t\t\t\talt=\"IMG_1566\"\n\t\t\t\t\tsrc=\"https:\/\/www.events-bassen.de\/wp-content\/gallery\/erntefest-sonntag-2015\/thumbs\/thumbs_IMG_1566.jpg\"\n\t\t\t\t\twidth=\"120\"\n\t\t\t\t\theight=\"80\"\n\t\t\t\t\tstyle=\"max-width:100%;\"\n\t\t\t\t\/>\n\t\t\t<\/a>\n\t\t<\/div>\n\t\t\t\t\t\t\t<\/div>\n\t\t\t\n\t\t\t\t<div id=\"ngg-image-1\" class=\"ngg-gallery-thumbnail-box\n\t\t\t\t\t\t\t\t\t\t\t\"\n\t\t\t>\n\t\t\t\t\t\t<div class=\"ngg-gallery-thumbnail\">\n\t\t\t<a href=\"https:\/\/www.events-bassen.de\/wp-content\/gallery\/erntefest-sonntag-2015\/IMG_1567.jpg\"\n\t\t\t\ttitle=\"\"\n\t\t\t\tdata-src=\"https:\/\/www.events-bassen.de\/wp-content\/gallery\/erntefest-sonntag-2015\/IMG_1567.jpg\"\n\t\t\t\tdata-thumbnail=\"https:\/\/www.events-bassen.de\/wp-content\/gallery\/erntefest-sonntag-2015\/thumbs\/thumbs_IMG_1567.jpg\"\n\t\t\t\tdata-image-id=\"1424\"\n\t\t\t\tdata-title=\"IMG_1567\"\n\t\t\t\tdata-description=\"\"\n\t\t\t\tdata-image-slug=\"img_1567\"\n\t\t\t\tclass=\"ngg-simplelightbox\" rel=\"2be013981b34eeadcd0e3a9441f82024\">\n\t\t\t\t<img\n\t\t\t\t\ttitle=\"IMG_1567\"\n\t\t\t\t\talt=\"IMG_1567\"\n\t\t\t\t\tsrc=\"https:\/\/www.events-bassen.de\/wp-content\/gallery\/erntefest-sonntag-2015\/thumbs\/thumbs_IMG_1567.jpg\"\n\t\t\t\t\twidth=\"120\"\n\t\t\t\t\theight=\"80\"\n\t\t\t\t\tstyle=\"max-width:100%;\"\n\t\t\t\t\/>\n\t\t\t<\/a>\n\t\t<\/div>\n\t\t\t\t\t\t\t<\/div>\n\t\t\t\n\t\t\t\t<div id=\"ngg-image-2\" class=\"ngg-gallery-thumbnail-box\n\t\t\t\t\t\t\t\t\t\t\t\"\n\t\t\t>\n\t\t\t\t\t\t<div class=\"ngg-gallery-thumbnail\">\n\t\t\t<a href=\"https:\/\/www.events-bassen.de\/wp-content\/gallery\/erntefest-sonntag-2015\/IMG_1568.jpg\"\n\t\t\t\ttitle=\"\"\n\t\t\t\tdata-src=\"https:\/\/www.events-bassen.de\/wp-content\/gallery\/erntefest-sonntag-2015\/IMG_1568.jpg\"\n\t\t\t\tdata-thumbnail=\"https:\/\/www.events-bassen.de\/wp-content\/gallery\/erntefest-sonntag-2015\/thumbs\/thumbs_IMG_1568.jpg\"\n\t\t\t\tdata-image-id=\"1425\"\n\t\t\t\tdata-title=\"IMG_1568\"\n\t\t\t\tdata-description=\"\"\n\t\t\t\tdata-image-slug=\"img_1568\"\n\t\t\t\tclass=\"ngg-simplelightbox\" rel=\"2be013981b34eeadcd0e3a9441f82024\">\n\t\t\t\t<img\n\t\t\t\t\ttitle=\"IMG_1568\"\n\t\t\t\t\talt=\"IMG_1568\"\n\t\t\t\t\tsrc=\"https:\/\/www.events-bassen.de\/wp-content\/gallery\/erntefest-sonntag-2015\/thumbs\/thumbs_IMG_1568.jpg\"\n\t\t\t\t\twidth=\"120\"\n\t\t\t\t\theight=\"80\"\n\t\t\t\t\tstyle=\"max-width:100%;\"\n\t\t\t\t\/>\n\t\t\t<\/a>\n\t\t<\/div>\n\t\t\t\t\t\t\t<\/div>\n\t\t\t\n\t\t\t\t<div id=\"ngg-image-3\" class=\"ngg-gallery-thumbnail-box\n\t\t\t\t\t\t\t\t\t\t\t\"\n\t\t\t>\n\t\t\t\t\t\t<div class=\"ngg-gallery-thumbnail\">\n\t\t\t<a href=\"https:\/\/www.events-bassen.de\/wp-content\/gallery\/erntefest-sonntag-2015\/IMG_1569.jpg\"\n\t\t\t\ttitle=\"\"\n\t\t\t\tdata-src=\"https:\/\/www.events-bassen.de\/wp-content\/gallery\/erntefest-sonntag-2015\/IMG_1569.jpg\"\n\t\t\t\tdata-thumbnail=\"https:\/\/www.events-bassen.de\/wp-content\/gallery\/erntefest-sonntag-2015\/thumbs\/thumbs_IMG_1569.jpg\"\n\t\t\t\tdata-image-id=\"1426\"\n\t\t\t\tdata-title=\"IMG_1569\"\n\t\t\t\tdata-description=\"\"\n\t\t\t\tdata-image-slug=\"img_1569\"\n\t\t\t\tclass=\"ngg-simplelightbox\" rel=\"2be013981b34eeadcd0e3a9441f82024\">\n\t\t\t\t<img\n\t\t\t\t\ttitle=\"IMG_1569\"\n\t\t\t\t\talt=\"IMG_1569\"\n\t\t\t\t\tsrc=\"https:\/\/www.events-bassen.de\/wp-content\/gallery\/erntefest-sonntag-2015\/thumbs\/thumbs_IMG_1569.jpg\"\n\t\t\t\t\twidth=\"120\"\n\t\t\t\t\theight=\"80\"\n\t\t\t\t\tstyle=\"max-width:100%;\"\n\t\t\t\t\/>\n\t\t\t<\/a>\n\t\t<\/div>\n\t\t\t\t\t\t\t<\/div>\n\t\t\t\n\t\t\t\t<div id=\"ngg-image-4\" class=\"ngg-gallery-thumbnail-box\n\t\t\t\t\t\t\t\t\t\t\t\"\n\t\t\t>\n\t\t\t\t\t\t<div class=\"ngg-gallery-thumbnail\">\n\t\t\t<a href=\"https:\/\/www.events-bassen.de\/wp-content\/gallery\/erntefest-sonntag-2015\/IMG_1570.jpg\"\n\t\t\t\ttitle=\"\"\n\t\t\t\tdata-src=\"https:\/\/www.events-bassen.de\/wp-content\/gallery\/erntefest-sonntag-2015\/IMG_1570.jpg\"\n\t\t\t\tdata-thumbnail=\"https:\/\/www.events-bassen.de\/wp-content\/gallery\/erntefest-sonntag-2015\/thumbs\/thumbs_IMG_1570.jpg\"\n\t\t\t\tdata-image-id=\"1427\"\n\t\t\t\tdata-title=\"IMG_1570\"\n\t\t\t\tdata-description=\"\"\n\t\t\t\tdata-image-slug=\"img_1570\"\n\t\t\t\tclass=\"ngg-simplelightbox\" rel=\"2be013981b34eeadcd0e3a9441f82024\">\n\t\t\t\t<img\n\t\t\t\t\ttitle=\"IMG_1570\"\n\t\t\t\t\talt=\"IMG_1570\"\n\t\t\t\t\tsrc=\"https:\/\/www.events-bassen.de\/wp-content\/gallery\/erntefest-sonntag-2015\/thumbs\/thumbs_IMG_1570.jpg\"\n\t\t\t\t\twidth=\"120\"\n\t\t\t\t\theight=\"80\"\n\t\t\t\t\tstyle=\"max-width:100%;\"\n\t\t\t\t\/>\n\t\t\t<\/a>\n\t\t<\/div>\n\t\t\t\t\t\t\t<\/div>\n\t\t\t\n\t\t\t\t<div id=\"ngg-image-5\" class=\"ngg-gallery-thumbnail-box\n\t\t\t\t\t\t\t\t\t\t\t\"\n\t\t\t>\n\t\t\t\t\t\t<div class=\"ngg-gallery-thumbnail\">\n\t\t\t<a href=\"https:\/\/www.events-bassen.de\/wp-content\/gallery\/erntefest-sonntag-2015\/IMG_1571.jpg\"\n\t\t\t\ttitle=\"\"\n\t\t\t\tdata-src=\"https:\/\/www.events-bassen.de\/wp-content\/gallery\/erntefest-sonntag-2015\/IMG_1571.jpg\"\n\t\t\t\tdata-thumbnail=\"https:\/\/www.events-bassen.de\/wp-content\/gallery\/erntefest-sonntag-2015\/thumbs\/thumbs_IMG_1571.jpg\"\n\t\t\t\tdata-image-id=\"1428\"\n\t\t\t\tdata-title=\"IMG_1571\"\n\t\t\t\tdata-description=\"\"\n\t\t\t\tdata-image-slug=\"img_1571\"\n\t\t\t\tclass=\"ngg-simplelightbox\" rel=\"2be013981b34eeadcd0e3a9441f82024\">\n\t\t\t\t<img\n\t\t\t\t\ttitle=\"IMG_1571\"\n\t\t\t\t\talt=\"IMG_1571\"\n\t\t\t\t\tsrc=\"https:\/\/www.events-bassen.de\/wp-content\/gallery\/erntefest-sonntag-2015\/thumbs\/thumbs_IMG_1571.jpg\"\n\t\t\t\t\twidth=\"120\"\n\t\t\t\t\theight=\"80\"\n\t\t\t\t\tstyle=\"max-width:100%;\"\n\t\t\t\t\/>\n\t\t\t<\/a>\n\t\t<\/div>\n\t\t\t\t\t\t\t<\/div>\n\t\t\t\n\t\t\t\t<div id=\"ngg-image-6\" class=\"ngg-gallery-thumbnail-box\n\t\t\t\t\t\t\t\t\t\t\t\"\n\t\t\t>\n\t\t\t\t\t\t<div class=\"ngg-gallery-thumbnail\">\n\t\t\t<a href=\"https:\/\/www.events-bassen.de\/wp-content\/gallery\/erntefest-sonntag-2015\/IMG_1573.jpg\"\n\t\t\t\ttitle=\"\"\n\t\t\t\tdata-src=\"https:\/\/www.events-bassen.de\/wp-content\/gallery\/erntefest-sonntag-2015\/IMG_1573.jpg\"\n\t\t\t\tdata-thumbnail=\"https:\/\/www.events-bassen.de\/wp-content\/gallery\/erntefest-sonntag-2015\/thumbs\/thumbs_IMG_1573.jpg\"\n\t\t\t\tdata-image-id=\"1430\"\n\t\t\t\tdata-title=\"IMG_1573\"\n\t\t\t\tdata-description=\"\"\n\t\t\t\tdata-image-slug=\"img_1573\"\n\t\t\t\tclass=\"ngg-simplelightbox\" rel=\"2be013981b34eeadcd0e3a9441f82024\">\n\t\t\t\t<img\n\t\t\t\t\ttitle=\"IMG_1573\"\n\t\t\t\t\talt=\"IMG_1573\"\n\t\t\t\t\tsrc=\"https:\/\/www.events-bassen.de\/wp-content\/gallery\/erntefest-sonntag-2015\/thumbs\/thumbs_IMG_1573.jpg\"\n\t\t\t\t\twidth=\"120\"\n\t\t\t\t\theight=\"80\"\n\t\t\t\t\tstyle=\"max-width:100%;\"\n\t\t\t\t\/>\n\t\t\t<\/a>\n\t\t<\/div>\n\t\t\t\t\t\t\t<\/div>\n\t\t\t\n\t\t\t\t<div id=\"ngg-image-7\" class=\"ngg-gallery-thumbnail-box\n\t\t\t\t\t\t\t\t\t\t\t\"\n\t\t\t>\n\t\t\t\t\t\t<div class=\"ngg-gallery-thumbnail\">\n\t\t\t<a href=\"https:\/\/www.events-bassen.de\/wp-content\/gallery\/erntefest-sonntag-2015\/IMG_1574.jpg\"\n\t\t\t\ttitle=\"\"\n\t\t\t\tdata-src=\"https:\/\/www.events-bassen.de\/wp-content\/gallery\/erntefest-sonntag-2015\/IMG_1574.jpg\"\n\t\t\t\tdata-thumbnail=\"https:\/\/www.events-bassen.de\/wp-content\/gallery\/erntefest-sonntag-2015\/thumbs\/thumbs_IMG_1574.jpg\"\n\t\t\t\tdata-image-id=\"1431\"\n\t\t\t\tdata-title=\"IMG_1574\"\n\t\t\t\tdata-description=\"\"\n\t\t\t\tdata-image-slug=\"img_1574\"\n\t\t\t\tclass=\"ngg-simplelightbox\" rel=\"2be013981b34eeadcd0e3a9441f82024\">\n\t\t\t\t<img\n\t\t\t\t\ttitle=\"IMG_1574\"\n\t\t\t\t\talt=\"IMG_1574\"\n\t\t\t\t\tsrc=\"https:\/\/www.events-bassen.de\/wp-content\/gallery\/erntefest-sonntag-2015\/thumbs\/thumbs_IMG_1574.jpg\"\n\t\t\t\t\twidth=\"120\"\n\t\t\t\t\theight=\"80\"\n\t\t\t\t\tstyle=\"max-width:100%;\"\n\t\t\t\t\/>\n\t\t\t<\/a>\n\t\t<\/div>\n\t\t\t\t\t\t\t<\/div>\n\t\t\t\n\t\t\t\t<div id=\"ngg-image-8\" class=\"ngg-gallery-thumbnail-box\n\t\t\t\t\t\t\t\t\t\t\t\"\n\t\t\t>\n\t\t\t\t\t\t<div class=\"ngg-gallery-thumbnail\">\n\t\t\t<a href=\"https:\/\/www.events-bassen.de\/wp-content\/gallery\/erntefest-sonntag-2015\/IMG_1578.jpg\"\n\t\t\t\ttitle=\"\"\n\t\t\t\tdata-src=\"https:\/\/www.events-bassen.de\/wp-content\/gallery\/erntefest-sonntag-2015\/IMG_1578.jpg\"\n\t\t\t\tdata-thumbnail=\"https:\/\/www.events-bassen.de\/wp-content\/gallery\/erntefest-sonntag-2015\/thumbs\/thumbs_IMG_1578.jpg\"\n\t\t\t\tdata-image-id=\"1433\"\n\t\t\t\tdata-title=\"IMG_1578\"\n\t\t\t\tdata-description=\"\"\n\t\t\t\tdata-image-slug=\"img_1578\"\n\t\t\t\tclass=\"ngg-simplelightbox\" rel=\"2be013981b34eeadcd0e3a9441f82024\">\n\t\t\t\t<img\n\t\t\t\t\ttitle=\"IMG_1578\"\n\t\t\t\t\talt=\"IMG_1578\"\n\t\t\t\t\tsrc=\"https:\/\/www.events-bassen.de\/wp-content\/gallery\/erntefest-sonntag-2015\/thumbs\/thumbs_IMG_1578.jpg\"\n\t\t\t\t\twidth=\"120\"\n\t\t\t\t\theight=\"80\"\n\t\t\t\t\tstyle=\"max-width:100%;\"\n\t\t\t\t\/>\n\t\t\t<\/a>\n\t\t<\/div>\n\t\t\t\t\t\t\t<\/div>\n\t\t\t\n\t\t\t\t<div id=\"ngg-image-9\" class=\"ngg-gallery-thumbnail-box\n\t\t\t\t\t\t\t\t\t\t\t\"\n\t\t\t>\n\t\t\t\t\t\t<div class=\"ngg-gallery-thumbnail\">\n\t\t\t<a href=\"https:\/\/www.events-bassen.de\/wp-content\/gallery\/erntefest-sonntag-2015\/IMG_1580.jpg\"\n\t\t\t\ttitle=\"\"\n\t\t\t\tdata-src=\"https:\/\/www.events-bassen.de\/wp-content\/gallery\/erntefest-sonntag-2015\/IMG_1580.jpg\"\n\t\t\t\tdata-thumbnail=\"https:\/\/www.events-bassen.de\/wp-content\/gallery\/erntefest-sonntag-2015\/thumbs\/thumbs_IMG_1580.jpg\"\n\t\t\t\tdata-image-id=\"1435\"\n\t\t\t\tdata-title=\"IMG_1580\"\n\t\t\t\tdata-description=\"\"\n\t\t\t\tdata-image-slug=\"img_1580\"\n\t\t\t\tclass=\"ngg-simplelightbox\" rel=\"2be013981b34eeadcd0e3a9441f82024\">\n\t\t\t\t<img\n\t\t\t\t\ttitle=\"IMG_1580\"\n\t\t\t\t\talt=\"IMG_1580\"\n\t\t\t\t\tsrc=\"https:\/\/www.events-bassen.de\/wp-content\/gallery\/erntefest-sonntag-2015\/thumbs\/thumbs_IMG_1580.jpg\"\n\t\t\t\t\twidth=\"120\"\n\t\t\t\t\theight=\"80\"\n\t\t\t\t\tstyle=\"max-width:100%;\"\n\t\t\t\t\/>\n\t\t\t<\/a>\n\t\t<\/div>\n\t\t\t\t\t\t\t<\/div>\n\t\t\t\n\t\t\t\t<div id=\"ngg-image-10\" class=\"ngg-gallery-thumbnail-box\n\t\t\t\t\t\t\t\t\t\t\t\"\n\t\t\t>\n\t\t\t\t\t\t<div class=\"ngg-gallery-thumbnail\">\n\t\t\t<a href=\"https:\/\/www.events-bassen.de\/wp-content\/gallery\/erntefest-sonntag-2015\/IMG_1583.jpg\"\n\t\t\t\ttitle=\"\"\n\t\t\t\tdata-src=\"https:\/\/www.events-bassen.de\/wp-content\/gallery\/erntefest-sonntag-2015\/IMG_1583.jpg\"\n\t\t\t\tdata-thumbnail=\"https:\/\/www.events-bassen.de\/wp-content\/gallery\/erntefest-sonntag-2015\/thumbs\/thumbs_IMG_1583.jpg\"\n\t\t\t\tdata-image-id=\"1437\"\n\t\t\t\tdata-title=\"IMG_1583\"\n\t\t\t\tdata-description=\"\"\n\t\t\t\tdata-image-slug=\"img_1583\"\n\t\t\t\tclass=\"ngg-simplelightbox\" rel=\"2be013981b34eeadcd0e3a9441f82024\">\n\t\t\t\t<img\n\t\t\t\t\ttitle=\"IMG_1583\"\n\t\t\t\t\talt=\"IMG_1583\"\n\t\t\t\t\tsrc=\"https:\/\/www.events-bassen.de\/wp-content\/gallery\/erntefest-sonntag-2015\/thumbs\/thumbs_IMG_1583.jpg\"\n\t\t\t\t\twidth=\"120\"\n\t\t\t\t\theight=\"80\"\n\t\t\t\t\tstyle=\"max-width:100%;\"\n\t\t\t\t\/>\n\t\t\t<\/a>\n\t\t<\/div>\n\t\t\t\t\t\t\t<\/div>\n\t\t\t\n\t\t\t\t<div id=\"ngg-image-11\" class=\"ngg-gallery-thumbnail-box\n\t\t\t\t\t\t\t\t\t\t\t\"\n\t\t\t>\n\t\t\t\t\t\t<div class=\"ngg-gallery-thumbnail\">\n\t\t\t<a href=\"https:\/\/www.events-bassen.de\/wp-content\/gallery\/erntefest-sonntag-2015\/IMG_1585.jpg\"\n\t\t\t\ttitle=\"\"\n\t\t\t\tdata-src=\"https:\/\/www.events-bassen.de\/wp-content\/gallery\/erntefest-sonntag-2015\/IMG_1585.jpg\"\n\t\t\t\tdata-thumbnail=\"https:\/\/www.events-bassen.de\/wp-content\/gallery\/erntefest-sonntag-2015\/thumbs\/thumbs_IMG_1585.jpg\"\n\t\t\t\tdata-image-id=\"1439\"\n\t\t\t\tdata-title=\"IMG_1585\"\n\t\t\t\tdata-description=\"\"\n\t\t\t\tdata-image-slug=\"img_1585\"\n\t\t\t\tclass=\"ngg-simplelightbox\" rel=\"2be013981b34eeadcd0e3a9441f82024\">\n\t\t\t\t<img\n\t\t\t\t\ttitle=\"IMG_1585\"\n\t\t\t\t\talt=\"IMG_1585\"\n\t\t\t\t\tsrc=\"https:\/\/www.events-bassen.de\/wp-content\/gallery\/erntefest-sonntag-2015\/thumbs\/thumbs_IMG_1585.jpg\"\n\t\t\t\t\twidth=\"120\"\n\t\t\t\t\theight=\"80\"\n\t\t\t\t\tstyle=\"max-width:100%;\"\n\t\t\t\t\/>\n\t\t\t<\/a>\n\t\t<\/div>\n\t\t\t\t\t\t\t<\/div>\n\t\t\t\n\t\t\t\t<div id=\"ngg-image-12\" class=\"ngg-gallery-thumbnail-box\n\t\t\t\t\t\t\t\t\t\t\t\"\n\t\t\t>\n\t\t\t\t\t\t<div class=\"ngg-gallery-thumbnail\">\n\t\t\t<a href=\"https:\/\/www.events-bassen.de\/wp-content\/gallery\/erntefest-sonntag-2015\/IMG_1587.jpg\"\n\t\t\t\ttitle=\"\"\n\t\t\t\tdata-src=\"https:\/\/www.events-bassen.de\/wp-content\/gallery\/erntefest-sonntag-2015\/IMG_1587.jpg\"\n\t\t\t\tdata-thumbnail=\"https:\/\/www.events-bassen.de\/wp-content\/gallery\/erntefest-sonntag-2015\/thumbs\/thumbs_IMG_1587.jpg\"\n\t\t\t\tdata-image-id=\"1440\"\n\t\t\t\tdata-title=\"IMG_1587\"\n\t\t\t\tdata-description=\"\"\n\t\t\t\tdata-image-slug=\"img_1587\"\n\t\t\t\tclass=\"ngg-simplelightbox\" rel=\"2be013981b34eeadcd0e3a9441f82024\">\n\t\t\t\t<img\n\t\t\t\t\ttitle=\"IMG_1587\"\n\t\t\t\t\talt=\"IMG_1587\"\n\t\t\t\t\tsrc=\"https:\/\/www.events-bassen.de\/wp-content\/gallery\/erntefest-sonntag-2015\/thumbs\/thumbs_IMG_1587.jpg\"\n\t\t\t\t\twidth=\"120\"\n\t\t\t\t\theight=\"80\"\n\t\t\t\t\tstyle=\"max-width:100%;\"\n\t\t\t\t\/>\n\t\t\t<\/a>\n\t\t<\/div>\n\t\t\t\t\t\t\t<\/div>\n\t\t\t\n\t\t\t\t<div id=\"ngg-image-13\" class=\"ngg-gallery-thumbnail-box\n\t\t\t\t\t\t\t\t\t\t\t\"\n\t\t\t>\n\t\t\t\t\t\t<div class=\"ngg-gallery-thumbnail\">\n\t\t\t<a href=\"https:\/\/www.events-bassen.de\/wp-content\/gallery\/erntefest-sonntag-2015\/IMG_1590.jpg\"\n\t\t\t\ttitle=\"\"\n\t\t\t\tdata-src=\"https:\/\/www.events-bassen.de\/wp-content\/gallery\/erntefest-sonntag-2015\/IMG_1590.jpg\"\n\t\t\t\tdata-thumbnail=\"https:\/\/www.events-bassen.de\/wp-content\/gallery\/erntefest-sonntag-2015\/thumbs\/thumbs_IMG_1590.jpg\"\n\t\t\t\tdata-image-id=\"1442\"\n\t\t\t\tdata-title=\"IMG_1590\"\n\t\t\t\tdata-description=\"\"\n\t\t\t\tdata-image-slug=\"img_1590\"\n\t\t\t\tclass=\"ngg-simplelightbox\" rel=\"2be013981b34eeadcd0e3a9441f82024\">\n\t\t\t\t<img\n\t\t\t\t\ttitle=\"IMG_1590\"\n\t\t\t\t\talt=\"IMG_1590\"\n\t\t\t\t\tsrc=\"https:\/\/www.events-bassen.de\/wp-content\/gallery\/erntefest-sonntag-2015\/thumbs\/thumbs_IMG_1590.jpg\"\n\t\t\t\t\twidth=\"120\"\n\t\t\t\t\theight=\"80\"\n\t\t\t\t\tstyle=\"max-width:100%;\"\n\t\t\t\t\/>\n\t\t\t<\/a>\n\t\t<\/div>\n\t\t\t\t\t\t\t<\/div>\n\t\t\t\n\t\t\t\t<div id=\"ngg-image-14\" class=\"ngg-gallery-thumbnail-box\n\t\t\t\t\t\t\t\t\t\t\t\"\n\t\t\t>\n\t\t\t\t\t\t<div class=\"ngg-gallery-thumbnail\">\n\t\t\t<a href=\"https:\/\/www.events-bassen.de\/wp-content\/gallery\/erntefest-sonntag-2015\/IMG_1591.jpg\"\n\t\t\t\ttitle=\"\"\n\t\t\t\tdata-src=\"https:\/\/www.events-bassen.de\/wp-content\/gallery\/erntefest-sonntag-2015\/IMG_1591.jpg\"\n\t\t\t\tdata-thumbnail=\"https:\/\/www.events-bassen.de\/wp-content\/gallery\/erntefest-sonntag-2015\/thumbs\/thumbs_IMG_1591.jpg\"\n\t\t\t\tdata-image-id=\"1443\"\n\t\t\t\tdata-title=\"IMG_1591\"\n\t\t\t\tdata-description=\"\"\n\t\t\t\tdata-image-slug=\"img_1591\"\n\t\t\t\tclass=\"ngg-simplelightbox\" rel=\"2be013981b34eeadcd0e3a9441f82024\">\n\t\t\t\t<img\n\t\t\t\t\ttitle=\"IMG_1591\"\n\t\t\t\t\talt=\"IMG_1591\"\n\t\t\t\t\tsrc=\"https:\/\/www.events-bassen.de\/wp-content\/gallery\/erntefest-sonntag-2015\/thumbs\/thumbs_IMG_1591.jpg\"\n\t\t\t\t\twidth=\"120\"\n\t\t\t\t\theight=\"80\"\n\t\t\t\t\tstyle=\"max-width:100%;\"\n\t\t\t\t\/>\n\t\t\t<\/a>\n\t\t<\/div>\n\t\t\t\t\t\t\t<\/div>\n\t\t\t\n\t\t\t\t<div id=\"ngg-image-15\" class=\"ngg-gallery-thumbnail-box\n\t\t\t\t\t\t\t\t\t\t\t\"\n\t\t\t>\n\t\t\t\t\t\t<div class=\"ngg-gallery-thumbnail\">\n\t\t\t<a href=\"https:\/\/www.events-bassen.de\/wp-content\/gallery\/erntefest-sonntag-2015\/IMG_1597.jpg\"\n\t\t\t\ttitle=\"\"\n\t\t\t\tdata-src=\"https:\/\/www.events-bassen.de\/wp-content\/gallery\/erntefest-sonntag-2015\/IMG_1597.jpg\"\n\t\t\t\tdata-thumbnail=\"https:\/\/www.events-bassen.de\/wp-content\/gallery\/erntefest-sonntag-2015\/thumbs\/thumbs_IMG_1597.jpg\"\n\t\t\t\tdata-image-id=\"1445\"\n\t\t\t\tdata-title=\"IMG_1597\"\n\t\t\t\tdata-description=\"\"\n\t\t\t\tdata-image-slug=\"img_1597\"\n\t\t\t\tclass=\"ngg-simplelightbox\" rel=\"2be013981b34eeadcd0e3a9441f82024\">\n\t\t\t\t<img\n\t\t\t\t\ttitle=\"IMG_1597\"\n\t\t\t\t\talt=\"IMG_1597\"\n\t\t\t\t\tsrc=\"https:\/\/www.events-bassen.de\/wp-content\/gallery\/erntefest-sonntag-2015\/thumbs\/thumbs_IMG_1597.jpg\"\n\t\t\t\t\twidth=\"120\"\n\t\t\t\t\theight=\"80\"\n\t\t\t\t\tstyle=\"max-width:100%;\"\n\t\t\t\t\/>\n\t\t\t<\/a>\n\t\t<\/div>\n\t\t\t\t\t\t\t<\/div>\n\t\t\t\n\t\t\t\t<div id=\"ngg-image-16\" class=\"ngg-gallery-thumbnail-box\n\t\t\t\t\t\t\t\t\t\t\t\"\n\t\t\t>\n\t\t\t\t\t\t<div class=\"ngg-gallery-thumbnail\">\n\t\t\t<a href=\"https:\/\/www.events-bassen.de\/wp-content\/gallery\/erntefest-sonntag-2015\/IMG_1602.jpg\"\n\t\t\t\ttitle=\"\"\n\t\t\t\tdata-src=\"https:\/\/www.events-bassen.de\/wp-content\/gallery\/erntefest-sonntag-2015\/IMG_1602.jpg\"\n\t\t\t\tdata-thumbnail=\"https:\/\/www.events-bassen.de\/wp-content\/gallery\/erntefest-sonntag-2015\/thumbs\/thumbs_IMG_1602.jpg\"\n\t\t\t\tdata-image-id=\"1448\"\n\t\t\t\tdata-title=\"IMG_1602\"\n\t\t\t\tdata-description=\"\"\n\t\t\t\tdata-image-slug=\"img_1602\"\n\t\t\t\tclass=\"ngg-simplelightbox\" rel=\"2be013981b34eeadcd0e3a9441f82024\">\n\t\t\t\t<img\n\t\t\t\t\ttitle=\"IMG_1602\"\n\t\t\t\t\talt=\"IMG_1602\"\n\t\t\t\t\tsrc=\"https:\/\/www.events-bassen.de\/wp-content\/gallery\/erntefest-sonntag-2015\/thumbs\/thumbs_IMG_1602.jpg\"\n\t\t\t\t\twidth=\"120\"\n\t\t\t\t\theight=\"80\"\n\t\t\t\t\tstyle=\"max-width:100%;\"\n\t\t\t\t\/>\n\t\t\t<\/a>\n\t\t<\/div>\n\t\t\t\t\t\t\t<\/div>\n\t\t\t\n\t\t\t\t<div id=\"ngg-image-17\" class=\"ngg-gallery-thumbnail-box\n\t\t\t\t\t\t\t\t\t\t\t\"\n\t\t\t>\n\t\t\t\t\t\t<div class=\"ngg-gallery-thumbnail\">\n\t\t\t<a href=\"https:\/\/www.events-bassen.de\/wp-content\/gallery\/erntefest-sonntag-2015\/IMG_1603.jpg\"\n\t\t\t\ttitle=\"\"\n\t\t\t\tdata-src=\"https:\/\/www.events-bassen.de\/wp-content\/gallery\/erntefest-sonntag-2015\/IMG_1603.jpg\"\n\t\t\t\tdata-thumbnail=\"https:\/\/www.events-bassen.de\/wp-content\/gallery\/erntefest-sonntag-2015\/thumbs\/thumbs_IMG_1603.jpg\"\n\t\t\t\tdata-image-id=\"1449\"\n\t\t\t\tdata-title=\"IMG_1603\"\n\t\t\t\tdata-description=\"\"\n\t\t\t\tdata-image-slug=\"img_1603\"\n\t\t\t\tclass=\"ngg-simplelightbox\" rel=\"2be013981b34eeadcd0e3a9441f82024\">\n\t\t\t\t<img\n\t\t\t\t\ttitle=\"IMG_1603\"\n\t\t\t\t\talt=\"IMG_1603\"\n\t\t\t\t\tsrc=\"https:\/\/www.events-bassen.de\/wp-content\/gallery\/erntefest-sonntag-2015\/thumbs\/thumbs_IMG_1603.jpg\"\n\t\t\t\t\twidth=\"120\"\n\t\t\t\t\theight=\"80\"\n\t\t\t\t\tstyle=\"max-width:100%;\"\n\t\t\t\t\/>\n\t\t\t<\/a>\n\t\t<\/div>\n\t\t\t\t\t\t\t<\/div>\n\t\t\t\n\t\t\t\t<div id=\"ngg-image-18\" class=\"ngg-gallery-thumbnail-box\n\t\t\t\t\t\t\t\t\t\t\t\"\n\t\t\t>\n\t\t\t\t\t\t<div class=\"ngg-gallery-thumbnail\">\n\t\t\t<a href=\"https:\/\/www.events-bassen.de\/wp-content\/gallery\/erntefest-sonntag-2015\/IMG_1604.jpg\"\n\t\t\t\ttitle=\"\"\n\t\t\t\tdata-src=\"https:\/\/www.events-bassen.de\/wp-content\/gallery\/erntefest-sonntag-2015\/IMG_1604.jpg\"\n\t\t\t\tdata-thumbnail=\"https:\/\/www.events-bassen.de\/wp-content\/gallery\/erntefest-sonntag-2015\/thumbs\/thumbs_IMG_1604.jpg\"\n\t\t\t\tdata-image-id=\"1450\"\n\t\t\t\tdata-title=\"IMG_1604\"\n\t\t\t\tdata-description=\"\"\n\t\t\t\tdata-image-slug=\"img_1604\"\n\t\t\t\tclass=\"ngg-simplelightbox\" rel=\"2be013981b34eeadcd0e3a9441f82024\">\n\t\t\t\t<img\n\t\t\t\t\ttitle=\"IMG_1604\"\n\t\t\t\t\talt=\"IMG_1604\"\n\t\t\t\t\tsrc=\"https:\/\/www.events-bassen.de\/wp-content\/gallery\/erntefest-sonntag-2015\/thumbs\/thumbs_IMG_1604.jpg\"\n\t\t\t\t\twidth=\"120\"\n\t\t\t\t\theight=\"80\"\n\t\t\t\t\tstyle=\"max-width:100%;\"\n\t\t\t\t\/>\n\t\t\t<\/a>\n\t\t<\/div>\n\t\t\t\t\t\t\t<\/div>\n\t\t\t\n\t\t\t\t<div id=\"ngg-image-19\" class=\"ngg-gallery-thumbnail-box\n\t\t\t\t\t\t\t\t\t\t\t\"\n\t\t\t>\n\t\t\t\t\t\t<div class=\"ngg-gallery-thumbnail\">\n\t\t\t<a href=\"https:\/\/www.events-bassen.de\/wp-content\/gallery\/erntefest-sonntag-2015\/IMG_1610.jpg\"\n\t\t\t\ttitle=\"\"\n\t\t\t\tdata-src=\"https:\/\/www.events-bassen.de\/wp-content\/gallery\/erntefest-sonntag-2015\/IMG_1610.jpg\"\n\t\t\t\tdata-thumbnail=\"https:\/\/www.events-bassen.de\/wp-content\/gallery\/erntefest-sonntag-2015\/thumbs\/thumbs_IMG_1610.jpg\"\n\t\t\t\tdata-image-id=\"1452\"\n\t\t\t\tdata-title=\"IMG_1610\"\n\t\t\t\tdata-description=\"\"\n\t\t\t\tdata-image-slug=\"img_1610\"\n\t\t\t\tclass=\"ngg-simplelightbox\" rel=\"2be013981b34eeadcd0e3a9441f82024\">\n\t\t\t\t<img\n\t\t\t\t\ttitle=\"IMG_1610\"\n\t\t\t\t\talt=\"IMG_1610\"\n\t\t\t\t\tsrc=\"https:\/\/www.events-bassen.de\/wp-content\/gallery\/erntefest-sonntag-2015\/thumbs\/thumbs_IMG_1610.jpg\"\n\t\t\t\t\twidth=\"120\"\n\t\t\t\t\theight=\"80\"\n\t\t\t\t\tstyle=\"max-width:100%;\"\n\t\t\t\t\/>\n\t\t\t<\/a>\n\t\t<\/div>\n\t\t\t\t\t\t\t<\/div>\n\t\t\t\n\t\n\t<br style=\"clear: both\" \/>\n\n\t\n\t\t<!-- Pagination -->\n\t\t<div class='ngg-clear'><\/div>\t<\/div>\n<\/p>\n","protected":false},"excerpt":{"rendered":"<p>Wer es am Sonntag Morgen schon wieder schaffte nahm am Gottesdienst in der Festscheune teil. F\u00fcr Erntebraut und Erntebr\u00e4utigam war es allerdings Pflichtprogramm am letzten Tag des Festes (Keine Ahnung ob Kimberly und Simon da waren &#8211; ich hab noch geschlafen). Um ca. 11 Uhr begann der j\u00e4hrliche Fr\u00fchschoppen mit Livemusik, wo schon wieder das [&hellip;]<\/p>\n","protected":false},"author":1,"featured_media":0,"comment_status":"open","ping_status":"open","sticky":false,"template":"","format":"standard","meta":{"ngg_post_thumbnail":0,"footnotes":""},"categories":[1,3],"tags":[184,152],"class_list":["post-7701","post","type-post","status-publish","format-standard","hentry","category-allgemein","category-erntefest","tag-erntefest-2015","tag-fruehschoppen"],"_links":{"self":[{"href":"https:\/\/www.events-bassen.de\/index.php?rest_route=\/wp\/v2\/posts\/7701","targetHints":{"allow":["GET"]}}],"collection":[{"href":"https:\/\/www.events-bassen.de\/index.php?rest_route=\/wp\/v2\/posts"}],"about":[{"href":"https:\/\/www.events-bassen.de\/index.php?rest_route=\/wp\/v2\/types\/post"}],"author":[{"embeddable":true,"href":"https:\/\/www.events-bassen.de\/index.php?rest_route=\/wp\/v2\/users\/1"}],"replies":[{"embeddable":true,"href":"https:\/\/www.events-bassen.de\/index.php?rest_route=%2Fwp%2Fv2%2Fcomments&post=7701"}],"version-history":[{"count":12,"href":"https:\/\/www.events-bassen.de\/index.php?rest_route=\/wp\/v2\/posts\/7701\/revisions"}],"predecessor-version":[{"id":9780,"href":"https:\/\/www.events-bassen.de\/index.php?rest_route=\/wp\/v2\/posts\/7701\/revisions\/9780"}],"wp:attachment":[{"href":"https:\/\/www.events-bassen.de\/index.php?rest_route=%2Fwp%2Fv2%2Fmedia&parent=7701"}],"wp:term":[{"taxonomy":"category","embeddable":true,"href":"https:\/\/www.events-bassen.de\/index.php?rest_route=%2Fwp%2Fv2%2Fcategories&post=7701"},{"taxonomy":"post_tag","embeddable":true,"href":"https:\/\/www.events-bassen.de\/index.php?rest_route=%2Fwp%2Fv2%2Ftags&post=7701"}],"curies":[{"name":"wp","href":"https:\/\/api.w.org\/{rel}","templated":true}]}}