{"id":9955,"date":"2016-07-18T21:59:04","date_gmt":"2016-07-18T21:59:04","guid":{"rendered":"http:\/\/www.events-bassen.de\/?p=9955"},"modified":"2016-09-04T13:10:36","modified_gmt":"2016-09-04T13:10:36","slug":"weizen-fuer-die-erntekrone-2016","status":"publish","type":"post","link":"https:\/\/www.events-bassen.de\/?p=9955","title":{"rendered":"Weizen f\u00fcr die Erntekrone 2016"},"content":{"rendered":"<p style=\"text-align: justify;\">F\u00fcr unsere Erntekrone brauchen wir auch dieses Jahr wieder Weizen. Carsten war so freundlich und wir durften mit dem historischen M\u00e4hbinder von Andreas auf seinem Feld M\u00e4hen gehen. Unter den Augen der etwa 50 Schaulustigen wurde der alte M\u00e4hbinder zusammengebaut und eingerichtet. Anschlie\u00dfend fuhren Toddy und Andreas mit dem M\u00e4hwerk eine <!--more-->Bahn entlang des Feldes und hinterlie\u00dfen ein paar Dutzend Weizengarben. Nat\u00fcrlich musste das diesj\u00e4hrige Erntepaar Jasmin &amp; J\u00f6rn den Anfang machen und die Garben auf den Anh\u00e4nger laden. Mit etwas Hilfe wurde dann der Anh\u00e4nger von Jasmin einwandfrei gef\u00fcllt und gestapelt. Nachdem alle Garben auf dem Anh\u00e4nger verstaut waren versammelten sich alle gemeinsam bei Toddy auf dem Hof f\u00fcr ein paar Bierchen und etwas zu Essen&#8230; Das Erntefest ist gesichert. Dankesch\u00f6n an alle Helferinnen und Helfer, die jedes Jahr alles f\u00fcr unser Erntefest geben !<\/p>\n<p><small><code>[fb-like-button]<\/code><\/small><br \/>\n<!-- default-view.php -->\n<div\n\tclass=\"ngg-galleryoverview default-view\n\t ngg-ajax-pagination-none\t\"\n\tid=\"ngg-gallery-165cb7d0ff6e201ae3abd864f1dcbd79-1\">\n\n\t\t<!-- Thumbnails -->\n\t\t\t\t<div id=\"ngg-image-0\" class=\"ngg-gallery-thumbnail-box\n\t\t\t\t\t\t\t\t\t\t\t\"\n\t\t\t>\n\t\t\t\t\t\t<div class=\"ngg-gallery-thumbnail\">\n\t\t\t<a href=\"https:\/\/www.events-bassen.de\/wp-content\/gallery\/Kornm%C3%A4hen-2016\/IMG_4793.jpg\"\n\t\t\t\ttitle=\"\"\n\t\t\t\tdata-src=\"https:\/\/www.events-bassen.de\/wp-content\/gallery\/Kornm%C3%A4hen-2016\/IMG_4793.jpg\"\n\t\t\t\tdata-thumbnail=\"https:\/\/www.events-bassen.de\/wp-content\/gallery\/Kornm%C3%A4hen-2016\/thumbs\/thumbs_IMG_4793.jpg\"\n\t\t\t\tdata-image-id=\"1691\"\n\t\t\t\tdata-title=\"IMG_4793\"\n\t\t\t\tdata-description=\"\"\n\t\t\t\tdata-image-slug=\"img_4793\"\n\t\t\t\tclass=\"ngg-simplelightbox\" rel=\"165cb7d0ff6e201ae3abd864f1dcbd79\">\n\t\t\t\t<img\n\t\t\t\t\ttitle=\"IMG_4793\"\n\t\t\t\t\talt=\"IMG_4793\"\n\t\t\t\t\tsrc=\"https:\/\/www.events-bassen.de\/wp-content\/gallery\/Kornm%C3%A4hen-2016\/thumbs\/thumbs_IMG_4793.jpg\"\n\t\t\t\t\twidth=\"120\"\n\t\t\t\t\theight=\"80\"\n\t\t\t\t\tstyle=\"max-width:100%;\"\n\t\t\t\t\/>\n\t\t\t<\/a>\n\t\t<\/div>\n\t\t\t\t\t\t\t<\/div>\n\t\t\t\n\t\t\t\t<div id=\"ngg-image-1\" class=\"ngg-gallery-thumbnail-box\n\t\t\t\t\t\t\t\t\t\t\t\"\n\t\t\t>\n\t\t\t\t\t\t<div class=\"ngg-gallery-thumbnail\">\n\t\t\t<a href=\"https:\/\/www.events-bassen.de\/wp-content\/gallery\/Kornm%C3%A4hen-2016\/IMG_4799.jpg\"\n\t\t\t\ttitle=\"\"\n\t\t\t\tdata-src=\"https:\/\/www.events-bassen.de\/wp-content\/gallery\/Kornm%C3%A4hen-2016\/IMG_4799.jpg\"\n\t\t\t\tdata-thumbnail=\"https:\/\/www.events-bassen.de\/wp-content\/gallery\/Kornm%C3%A4hen-2016\/thumbs\/thumbs_IMG_4799.jpg\"\n\t\t\t\tdata-image-id=\"1693\"\n\t\t\t\tdata-title=\"IMG_4799\"\n\t\t\t\tdata-description=\"\"\n\t\t\t\tdata-image-slug=\"img_4799\"\n\t\t\t\tclass=\"ngg-simplelightbox\" rel=\"165cb7d0ff6e201ae3abd864f1dcbd79\">\n\t\t\t\t<img\n\t\t\t\t\ttitle=\"IMG_4799\"\n\t\t\t\t\talt=\"IMG_4799\"\n\t\t\t\t\tsrc=\"https:\/\/www.events-bassen.de\/wp-content\/gallery\/Kornm%C3%A4hen-2016\/thumbs\/thumbs_IMG_4799.jpg\"\n\t\t\t\t\twidth=\"120\"\n\t\t\t\t\theight=\"80\"\n\t\t\t\t\tstyle=\"max-width:100%;\"\n\t\t\t\t\/>\n\t\t\t<\/a>\n\t\t<\/div>\n\t\t\t\t\t\t\t<\/div>\n\t\t\t\n\t\t\t\t<div id=\"ngg-image-2\" class=\"ngg-gallery-thumbnail-box\n\t\t\t\t\t\t\t\t\t\t\t\"\n\t\t\t>\n\t\t\t\t\t\t<div class=\"ngg-gallery-thumbnail\">\n\t\t\t<a href=\"https:\/\/www.events-bassen.de\/wp-content\/gallery\/Kornm%C3%A4hen-2016\/IMG_4803.jpg\"\n\t\t\t\ttitle=\"\"\n\t\t\t\tdata-src=\"https:\/\/www.events-bassen.de\/wp-content\/gallery\/Kornm%C3%A4hen-2016\/IMG_4803.jpg\"\n\t\t\t\tdata-thumbnail=\"https:\/\/www.events-bassen.de\/wp-content\/gallery\/Kornm%C3%A4hen-2016\/thumbs\/thumbs_IMG_4803.jpg\"\n\t\t\t\tdata-image-id=\"1694\"\n\t\t\t\tdata-title=\"IMG_4803\"\n\t\t\t\tdata-description=\"\"\n\t\t\t\tdata-image-slug=\"img_4803\"\n\t\t\t\tclass=\"ngg-simplelightbox\" rel=\"165cb7d0ff6e201ae3abd864f1dcbd79\">\n\t\t\t\t<img\n\t\t\t\t\ttitle=\"IMG_4803\"\n\t\t\t\t\talt=\"IMG_4803\"\n\t\t\t\t\tsrc=\"https:\/\/www.events-bassen.de\/wp-content\/gallery\/Kornm%C3%A4hen-2016\/thumbs\/thumbs_IMG_4803.jpg\"\n\t\t\t\t\twidth=\"120\"\n\t\t\t\t\theight=\"80\"\n\t\t\t\t\tstyle=\"max-width:100%;\"\n\t\t\t\t\/>\n\t\t\t<\/a>\n\t\t<\/div>\n\t\t\t\t\t\t\t<\/div>\n\t\t\t\n\t\t\t\t<div id=\"ngg-image-3\" class=\"ngg-gallery-thumbnail-box\n\t\t\t\t\t\t\t\t\t\t\t\"\n\t\t\t>\n\t\t\t\t\t\t<div class=\"ngg-gallery-thumbnail\">\n\t\t\t<a href=\"https:\/\/www.events-bassen.de\/wp-content\/gallery\/Kornm%C3%A4hen-2016\/IMG_4805.jpg\"\n\t\t\t\ttitle=\"\"\n\t\t\t\tdata-src=\"https:\/\/www.events-bassen.de\/wp-content\/gallery\/Kornm%C3%A4hen-2016\/IMG_4805.jpg\"\n\t\t\t\tdata-thumbnail=\"https:\/\/www.events-bassen.de\/wp-content\/gallery\/Kornm%C3%A4hen-2016\/thumbs\/thumbs_IMG_4805.jpg\"\n\t\t\t\tdata-image-id=\"1695\"\n\t\t\t\tdata-title=\"IMG_4805\"\n\t\t\t\tdata-description=\"\"\n\t\t\t\tdata-image-slug=\"img_4805\"\n\t\t\t\tclass=\"ngg-simplelightbox\" rel=\"165cb7d0ff6e201ae3abd864f1dcbd79\">\n\t\t\t\t<img\n\t\t\t\t\ttitle=\"IMG_4805\"\n\t\t\t\t\talt=\"IMG_4805\"\n\t\t\t\t\tsrc=\"https:\/\/www.events-bassen.de\/wp-content\/gallery\/Kornm%C3%A4hen-2016\/thumbs\/thumbs_IMG_4805.jpg\"\n\t\t\t\t\twidth=\"120\"\n\t\t\t\t\theight=\"80\"\n\t\t\t\t\tstyle=\"max-width:100%;\"\n\t\t\t\t\/>\n\t\t\t<\/a>\n\t\t<\/div>\n\t\t\t\t\t\t\t<\/div>\n\t\t\t\n\t\t\t\t<div id=\"ngg-image-4\" class=\"ngg-gallery-thumbnail-box\n\t\t\t\t\t\t\t\t\t\t\t\"\n\t\t\t>\n\t\t\t\t\t\t<div class=\"ngg-gallery-thumbnail\">\n\t\t\t<a href=\"https:\/\/www.events-bassen.de\/wp-content\/gallery\/Kornm%C3%A4hen-2016\/IMG_4806.jpg\"\n\t\t\t\ttitle=\"\"\n\t\t\t\tdata-src=\"https:\/\/www.events-bassen.de\/wp-content\/gallery\/Kornm%C3%A4hen-2016\/IMG_4806.jpg\"\n\t\t\t\tdata-thumbnail=\"https:\/\/www.events-bassen.de\/wp-content\/gallery\/Kornm%C3%A4hen-2016\/thumbs\/thumbs_IMG_4806.jpg\"\n\t\t\t\tdata-image-id=\"1696\"\n\t\t\t\tdata-title=\"IMG_4806\"\n\t\t\t\tdata-description=\"\"\n\t\t\t\tdata-image-slug=\"img_4806\"\n\t\t\t\tclass=\"ngg-simplelightbox\" rel=\"165cb7d0ff6e201ae3abd864f1dcbd79\">\n\t\t\t\t<img\n\t\t\t\t\ttitle=\"IMG_4806\"\n\t\t\t\t\talt=\"IMG_4806\"\n\t\t\t\t\tsrc=\"https:\/\/www.events-bassen.de\/wp-content\/gallery\/Kornm%C3%A4hen-2016\/thumbs\/thumbs_IMG_4806.jpg\"\n\t\t\t\t\twidth=\"120\"\n\t\t\t\t\theight=\"80\"\n\t\t\t\t\tstyle=\"max-width:100%;\"\n\t\t\t\t\/>\n\t\t\t<\/a>\n\t\t<\/div>\n\t\t\t\t\t\t\t<\/div>\n\t\t\t\n\t\t\t\t<div id=\"ngg-image-5\" class=\"ngg-gallery-thumbnail-box\n\t\t\t\t\t\t\t\t\t\t\t\"\n\t\t\t>\n\t\t\t\t\t\t<div class=\"ngg-gallery-thumbnail\">\n\t\t\t<a href=\"https:\/\/www.events-bassen.de\/wp-content\/gallery\/Kornm%C3%A4hen-2016\/IMG_4811.jpg\"\n\t\t\t\ttitle=\"\"\n\t\t\t\tdata-src=\"https:\/\/www.events-bassen.de\/wp-content\/gallery\/Kornm%C3%A4hen-2016\/IMG_4811.jpg\"\n\t\t\t\tdata-thumbnail=\"https:\/\/www.events-bassen.de\/wp-content\/gallery\/Kornm%C3%A4hen-2016\/thumbs\/thumbs_IMG_4811.jpg\"\n\t\t\t\tdata-image-id=\"1698\"\n\t\t\t\tdata-title=\"IMG_4811\"\n\t\t\t\tdata-description=\"\"\n\t\t\t\tdata-image-slug=\"img_4811\"\n\t\t\t\tclass=\"ngg-simplelightbox\" rel=\"165cb7d0ff6e201ae3abd864f1dcbd79\">\n\t\t\t\t<img\n\t\t\t\t\ttitle=\"IMG_4811\"\n\t\t\t\t\talt=\"IMG_4811\"\n\t\t\t\t\tsrc=\"https:\/\/www.events-bassen.de\/wp-content\/gallery\/Kornm%C3%A4hen-2016\/thumbs\/thumbs_IMG_4811.jpg\"\n\t\t\t\t\twidth=\"120\"\n\t\t\t\t\theight=\"80\"\n\t\t\t\t\tstyle=\"max-width:100%;\"\n\t\t\t\t\/>\n\t\t\t<\/a>\n\t\t<\/div>\n\t\t\t\t\t\t\t<\/div>\n\t\t\t\n\t\t\t\t<div id=\"ngg-image-6\" class=\"ngg-gallery-thumbnail-box\n\t\t\t\t\t\t\t\t\t\t\t\"\n\t\t\t>\n\t\t\t\t\t\t<div class=\"ngg-gallery-thumbnail\">\n\t\t\t<a href=\"https:\/\/www.events-bassen.de\/wp-content\/gallery\/Kornm%C3%A4hen-2016\/IMG_4812.jpg\"\n\t\t\t\ttitle=\"\"\n\t\t\t\tdata-src=\"https:\/\/www.events-bassen.de\/wp-content\/gallery\/Kornm%C3%A4hen-2016\/IMG_4812.jpg\"\n\t\t\t\tdata-thumbnail=\"https:\/\/www.events-bassen.de\/wp-content\/gallery\/Kornm%C3%A4hen-2016\/thumbs\/thumbs_IMG_4812.jpg\"\n\t\t\t\tdata-image-id=\"1699\"\n\t\t\t\tdata-title=\"IMG_4812\"\n\t\t\t\tdata-description=\"\"\n\t\t\t\tdata-image-slug=\"img_4812\"\n\t\t\t\tclass=\"ngg-simplelightbox\" rel=\"165cb7d0ff6e201ae3abd864f1dcbd79\">\n\t\t\t\t<img\n\t\t\t\t\ttitle=\"IMG_4812\"\n\t\t\t\t\talt=\"IMG_4812\"\n\t\t\t\t\tsrc=\"https:\/\/www.events-bassen.de\/wp-content\/gallery\/Kornm%C3%A4hen-2016\/thumbs\/thumbs_IMG_4812.jpg\"\n\t\t\t\t\twidth=\"120\"\n\t\t\t\t\theight=\"80\"\n\t\t\t\t\tstyle=\"max-width:100%;\"\n\t\t\t\t\/>\n\t\t\t<\/a>\n\t\t<\/div>\n\t\t\t\t\t\t\t<\/div>\n\t\t\t\n\t\t\t\t<div id=\"ngg-image-7\" class=\"ngg-gallery-thumbnail-box\n\t\t\t\t\t\t\t\t\t\t\t\"\n\t\t\t>\n\t\t\t\t\t\t<div class=\"ngg-gallery-thumbnail\">\n\t\t\t<a href=\"https:\/\/www.events-bassen.de\/wp-content\/gallery\/Kornm%C3%A4hen-2016\/IMG_4817.jpg\"\n\t\t\t\ttitle=\"\"\n\t\t\t\tdata-src=\"https:\/\/www.events-bassen.de\/wp-content\/gallery\/Kornm%C3%A4hen-2016\/IMG_4817.jpg\"\n\t\t\t\tdata-thumbnail=\"https:\/\/www.events-bassen.de\/wp-content\/gallery\/Kornm%C3%A4hen-2016\/thumbs\/thumbs_IMG_4817.jpg\"\n\t\t\t\tdata-image-id=\"1700\"\n\t\t\t\tdata-title=\"IMG_4817\"\n\t\t\t\tdata-description=\"\"\n\t\t\t\tdata-image-slug=\"img_4817\"\n\t\t\t\tclass=\"ngg-simplelightbox\" rel=\"165cb7d0ff6e201ae3abd864f1dcbd79\">\n\t\t\t\t<img\n\t\t\t\t\ttitle=\"IMG_4817\"\n\t\t\t\t\talt=\"IMG_4817\"\n\t\t\t\t\tsrc=\"https:\/\/www.events-bassen.de\/wp-content\/gallery\/Kornm%C3%A4hen-2016\/thumbs\/thumbs_IMG_4817.jpg\"\n\t\t\t\t\twidth=\"120\"\n\t\t\t\t\theight=\"80\"\n\t\t\t\t\tstyle=\"max-width:100%;\"\n\t\t\t\t\/>\n\t\t\t<\/a>\n\t\t<\/div>\n\t\t\t\t\t\t\t<\/div>\n\t\t\t\n\t\t\t\t<div id=\"ngg-image-8\" class=\"ngg-gallery-thumbnail-box\n\t\t\t\t\t\t\t\t\t\t\t\"\n\t\t\t>\n\t\t\t\t\t\t<div class=\"ngg-gallery-thumbnail\">\n\t\t\t<a href=\"https:\/\/www.events-bassen.de\/wp-content\/gallery\/Kornm%C3%A4hen-2016\/IMG_4821.jpg\"\n\t\t\t\ttitle=\"\"\n\t\t\t\tdata-src=\"https:\/\/www.events-bassen.de\/wp-content\/gallery\/Kornm%C3%A4hen-2016\/IMG_4821.jpg\"\n\t\t\t\tdata-thumbnail=\"https:\/\/www.events-bassen.de\/wp-content\/gallery\/Kornm%C3%A4hen-2016\/thumbs\/thumbs_IMG_4821.jpg\"\n\t\t\t\tdata-image-id=\"1701\"\n\t\t\t\tdata-title=\"IMG_4821\"\n\t\t\t\tdata-description=\"\"\n\t\t\t\tdata-image-slug=\"img_4821\"\n\t\t\t\tclass=\"ngg-simplelightbox\" rel=\"165cb7d0ff6e201ae3abd864f1dcbd79\">\n\t\t\t\t<img\n\t\t\t\t\ttitle=\"IMG_4821\"\n\t\t\t\t\talt=\"IMG_4821\"\n\t\t\t\t\tsrc=\"https:\/\/www.events-bassen.de\/wp-content\/gallery\/Kornm%C3%A4hen-2016\/thumbs\/thumbs_IMG_4821.jpg\"\n\t\t\t\t\twidth=\"120\"\n\t\t\t\t\theight=\"80\"\n\t\t\t\t\tstyle=\"max-width:100%;\"\n\t\t\t\t\/>\n\t\t\t<\/a>\n\t\t<\/div>\n\t\t\t\t\t\t\t<\/div>\n\t\t\t\n\t\t\t\t<div id=\"ngg-image-9\" class=\"ngg-gallery-thumbnail-box\n\t\t\t\t\t\t\t\t\t\t\t\"\n\t\t\t>\n\t\t\t\t\t\t<div class=\"ngg-gallery-thumbnail\">\n\t\t\t<a href=\"https:\/\/www.events-bassen.de\/wp-content\/gallery\/Kornm%C3%A4hen-2016\/IMG_4826.jpg\"\n\t\t\t\ttitle=\"\"\n\t\t\t\tdata-src=\"https:\/\/www.events-bassen.de\/wp-content\/gallery\/Kornm%C3%A4hen-2016\/IMG_4826.jpg\"\n\t\t\t\tdata-thumbnail=\"https:\/\/www.events-bassen.de\/wp-content\/gallery\/Kornm%C3%A4hen-2016\/thumbs\/thumbs_IMG_4826.jpg\"\n\t\t\t\tdata-image-id=\"1702\"\n\t\t\t\tdata-title=\"IMG_4826\"\n\t\t\t\tdata-description=\"\"\n\t\t\t\tdata-image-slug=\"img_4826\"\n\t\t\t\tclass=\"ngg-simplelightbox\" rel=\"165cb7d0ff6e201ae3abd864f1dcbd79\">\n\t\t\t\t<img\n\t\t\t\t\ttitle=\"IMG_4826\"\n\t\t\t\t\talt=\"IMG_4826\"\n\t\t\t\t\tsrc=\"https:\/\/www.events-bassen.de\/wp-content\/gallery\/Kornm%C3%A4hen-2016\/thumbs\/thumbs_IMG_4826.jpg\"\n\t\t\t\t\twidth=\"120\"\n\t\t\t\t\theight=\"80\"\n\t\t\t\t\tstyle=\"max-width:100%;\"\n\t\t\t\t\/>\n\t\t\t<\/a>\n\t\t<\/div>\n\t\t\t\t\t\t\t<\/div>\n\t\t\t\n\t\t\t\t<div id=\"ngg-image-10\" class=\"ngg-gallery-thumbnail-box\n\t\t\t\t\t\t\t\t\t\t\t\"\n\t\t\t>\n\t\t\t\t\t\t<div class=\"ngg-gallery-thumbnail\">\n\t\t\t<a href=\"https:\/\/www.events-bassen.de\/wp-content\/gallery\/Kornm%C3%A4hen-2016\/IMG_4841.jpg\"\n\t\t\t\ttitle=\"\"\n\t\t\t\tdata-src=\"https:\/\/www.events-bassen.de\/wp-content\/gallery\/Kornm%C3%A4hen-2016\/IMG_4841.jpg\"\n\t\t\t\tdata-thumbnail=\"https:\/\/www.events-bassen.de\/wp-content\/gallery\/Kornm%C3%A4hen-2016\/thumbs\/thumbs_IMG_4841.jpg\"\n\t\t\t\tdata-image-id=\"1703\"\n\t\t\t\tdata-title=\"IMG_4841\"\n\t\t\t\tdata-description=\"\"\n\t\t\t\tdata-image-slug=\"img_4841\"\n\t\t\t\tclass=\"ngg-simplelightbox\" rel=\"165cb7d0ff6e201ae3abd864f1dcbd79\">\n\t\t\t\t<img\n\t\t\t\t\ttitle=\"IMG_4841\"\n\t\t\t\t\talt=\"IMG_4841\"\n\t\t\t\t\tsrc=\"https:\/\/www.events-bassen.de\/wp-content\/gallery\/Kornm%C3%A4hen-2016\/thumbs\/thumbs_IMG_4841.jpg\"\n\t\t\t\t\twidth=\"120\"\n\t\t\t\t\theight=\"80\"\n\t\t\t\t\tstyle=\"max-width:100%;\"\n\t\t\t\t\/>\n\t\t\t<\/a>\n\t\t<\/div>\n\t\t\t\t\t\t\t<\/div>\n\t\t\t\n\t\t\t\t<div id=\"ngg-image-11\" class=\"ngg-gallery-thumbnail-box\n\t\t\t\t\t\t\t\t\t\t\t\"\n\t\t\t>\n\t\t\t\t\t\t<div class=\"ngg-gallery-thumbnail\">\n\t\t\t<a href=\"https:\/\/www.events-bassen.de\/wp-content\/gallery\/Kornm%C3%A4hen-2016\/IMG_4845.jpg\"\n\t\t\t\ttitle=\"\"\n\t\t\t\tdata-src=\"https:\/\/www.events-bassen.de\/wp-content\/gallery\/Kornm%C3%A4hen-2016\/IMG_4845.jpg\"\n\t\t\t\tdata-thumbnail=\"https:\/\/www.events-bassen.de\/wp-content\/gallery\/Kornm%C3%A4hen-2016\/thumbs\/thumbs_IMG_4845.jpg\"\n\t\t\t\tdata-image-id=\"1704\"\n\t\t\t\tdata-title=\"IMG_4845\"\n\t\t\t\tdata-description=\"\"\n\t\t\t\tdata-image-slug=\"img_4845\"\n\t\t\t\tclass=\"ngg-simplelightbox\" rel=\"165cb7d0ff6e201ae3abd864f1dcbd79\">\n\t\t\t\t<img\n\t\t\t\t\ttitle=\"IMG_4845\"\n\t\t\t\t\talt=\"IMG_4845\"\n\t\t\t\t\tsrc=\"https:\/\/www.events-bassen.de\/wp-content\/gallery\/Kornm%C3%A4hen-2016\/thumbs\/thumbs_IMG_4845.jpg\"\n\t\t\t\t\twidth=\"120\"\n\t\t\t\t\theight=\"80\"\n\t\t\t\t\tstyle=\"max-width:100%;\"\n\t\t\t\t\/>\n\t\t\t<\/a>\n\t\t<\/div>\n\t\t\t\t\t\t\t<\/div>\n\t\t\t\n\t\t\t\t<div id=\"ngg-image-12\" class=\"ngg-gallery-thumbnail-box\n\t\t\t\t\t\t\t\t\t\t\t\"\n\t\t\t>\n\t\t\t\t\t\t<div class=\"ngg-gallery-thumbnail\">\n\t\t\t<a href=\"https:\/\/www.events-bassen.de\/wp-content\/gallery\/Kornm%C3%A4hen-2016\/IMG_4846.jpg\"\n\t\t\t\ttitle=\"\"\n\t\t\t\tdata-src=\"https:\/\/www.events-bassen.de\/wp-content\/gallery\/Kornm%C3%A4hen-2016\/IMG_4846.jpg\"\n\t\t\t\tdata-thumbnail=\"https:\/\/www.events-bassen.de\/wp-content\/gallery\/Kornm%C3%A4hen-2016\/thumbs\/thumbs_IMG_4846.jpg\"\n\t\t\t\tdata-image-id=\"1705\"\n\t\t\t\tdata-title=\"IMG_4846\"\n\t\t\t\tdata-description=\"\"\n\t\t\t\tdata-image-slug=\"img_4846\"\n\t\t\t\tclass=\"ngg-simplelightbox\" rel=\"165cb7d0ff6e201ae3abd864f1dcbd79\">\n\t\t\t\t<img\n\t\t\t\t\ttitle=\"IMG_4846\"\n\t\t\t\t\talt=\"IMG_4846\"\n\t\t\t\t\tsrc=\"https:\/\/www.events-bassen.de\/wp-content\/gallery\/Kornm%C3%A4hen-2016\/thumbs\/thumbs_IMG_4846.jpg\"\n\t\t\t\t\twidth=\"120\"\n\t\t\t\t\theight=\"80\"\n\t\t\t\t\tstyle=\"max-width:100%;\"\n\t\t\t\t\/>\n\t\t\t<\/a>\n\t\t<\/div>\n\t\t\t\t\t\t\t<\/div>\n\t\t\t\n\t\t\t\t<div id=\"ngg-image-13\" class=\"ngg-gallery-thumbnail-box\n\t\t\t\t\t\t\t\t\t\t\t\"\n\t\t\t>\n\t\t\t\t\t\t<div class=\"ngg-gallery-thumbnail\">\n\t\t\t<a href=\"https:\/\/www.events-bassen.de\/wp-content\/gallery\/Kornm%C3%A4hen-2016\/IMG_4849.jpg\"\n\t\t\t\ttitle=\"\"\n\t\t\t\tdata-src=\"https:\/\/www.events-bassen.de\/wp-content\/gallery\/Kornm%C3%A4hen-2016\/IMG_4849.jpg\"\n\t\t\t\tdata-thumbnail=\"https:\/\/www.events-bassen.de\/wp-content\/gallery\/Kornm%C3%A4hen-2016\/thumbs\/thumbs_IMG_4849.jpg\"\n\t\t\t\tdata-image-id=\"1706\"\n\t\t\t\tdata-title=\"IMG_4849\"\n\t\t\t\tdata-description=\"\"\n\t\t\t\tdata-image-slug=\"img_4849\"\n\t\t\t\tclass=\"ngg-simplelightbox\" rel=\"165cb7d0ff6e201ae3abd864f1dcbd79\">\n\t\t\t\t<img\n\t\t\t\t\ttitle=\"IMG_4849\"\n\t\t\t\t\talt=\"IMG_4849\"\n\t\t\t\t\tsrc=\"https:\/\/www.events-bassen.de\/wp-content\/gallery\/Kornm%C3%A4hen-2016\/thumbs\/thumbs_IMG_4849.jpg\"\n\t\t\t\t\twidth=\"120\"\n\t\t\t\t\theight=\"80\"\n\t\t\t\t\tstyle=\"max-width:100%;\"\n\t\t\t\t\/>\n\t\t\t<\/a>\n\t\t<\/div>\n\t\t\t\t\t\t\t<\/div>\n\t\t\t\n\t\t\t\t<div id=\"ngg-image-14\" class=\"ngg-gallery-thumbnail-box\n\t\t\t\t\t\t\t\t\t\t\t\"\n\t\t\t>\n\t\t\t\t\t\t<div class=\"ngg-gallery-thumbnail\">\n\t\t\t<a href=\"https:\/\/www.events-bassen.de\/wp-content\/gallery\/Kornm%C3%A4hen-2016\/IMG_4855.jpg\"\n\t\t\t\ttitle=\"\"\n\t\t\t\tdata-src=\"https:\/\/www.events-bassen.de\/wp-content\/gallery\/Kornm%C3%A4hen-2016\/IMG_4855.jpg\"\n\t\t\t\tdata-thumbnail=\"https:\/\/www.events-bassen.de\/wp-content\/gallery\/Kornm%C3%A4hen-2016\/thumbs\/thumbs_IMG_4855.jpg\"\n\t\t\t\tdata-image-id=\"1707\"\n\t\t\t\tdata-title=\"IMG_4855\"\n\t\t\t\tdata-description=\"\"\n\t\t\t\tdata-image-slug=\"img_4855\"\n\t\t\t\tclass=\"ngg-simplelightbox\" rel=\"165cb7d0ff6e201ae3abd864f1dcbd79\">\n\t\t\t\t<img\n\t\t\t\t\ttitle=\"IMG_4855\"\n\t\t\t\t\talt=\"IMG_4855\"\n\t\t\t\t\tsrc=\"https:\/\/www.events-bassen.de\/wp-content\/gallery\/Kornm%C3%A4hen-2016\/thumbs\/thumbs_IMG_4855.jpg\"\n\t\t\t\t\twidth=\"120\"\n\t\t\t\t\theight=\"80\"\n\t\t\t\t\tstyle=\"max-width:100%;\"\n\t\t\t\t\/>\n\t\t\t<\/a>\n\t\t<\/div>\n\t\t\t\t\t\t\t<\/div>\n\t\t\t\n\t\n\t<br style=\"clear: both\" \/>\n\n\t\n\t\t<!-- Pagination -->\n\t\t<div class='ngg-clear'><\/div>\t<\/div>\n<\/p>\n","protected":false},"excerpt":{"rendered":"<p>F\u00fcr unsere Erntekrone brauchen wir auch dieses Jahr wieder Weizen. Carsten war so freundlich und wir durften mit dem historischen M\u00e4hbinder von Andreas auf seinem Feld M\u00e4hen gehen. Unter den Augen der etwa 50 Schaulustigen wurde der alte M\u00e4hbinder zusammengebaut und eingerichtet. Anschlie\u00dfend fuhren Toddy und Andreas mit dem M\u00e4hwerk eine<\/p>\n","protected":false},"author":1,"featured_media":11275,"comment_status":"open","ping_status":"open","sticky":false,"template":"","format":"standard","meta":{"ngg_post_thumbnail":0,"footnotes":""},"categories":[1,3],"tags":[5,209,213,211,212],"class_list":["post-9955","post","type-post","status-publish","format-standard","has-post-thumbnail","hentry","category-allgemein","category-erntefest","tag-bassen","tag-erntefest-2016","tag-korn-3","tag-kornmaehen","tag-toddy"],"_links":{"self":[{"href":"https:\/\/www.events-bassen.de\/index.php?rest_route=\/wp\/v2\/posts\/9955","targetHints":{"allow":["GET"]}}],"collection":[{"href":"https:\/\/www.events-bassen.de\/index.php?rest_route=\/wp\/v2\/posts"}],"about":[{"href":"https:\/\/www.events-bassen.de\/index.php?rest_route=\/wp\/v2\/types\/post"}],"author":[{"embeddable":true,"href":"https:\/\/www.events-bassen.de\/index.php?rest_route=\/wp\/v2\/users\/1"}],"replies":[{"embeddable":true,"href":"https:\/\/www.events-bassen.de\/index.php?rest_route=%2Fwp%2Fv2%2Fcomments&post=9955"}],"version-history":[{"count":6,"href":"https:\/\/www.events-bassen.de\/index.php?rest_route=\/wp\/v2\/posts\/9955\/revisions"}],"predecessor-version":[{"id":9970,"href":"https:\/\/www.events-bassen.de\/index.php?rest_route=\/wp\/v2\/posts\/9955\/revisions\/9970"}],"wp:featuredmedia":[{"embeddable":true,"href":"https:\/\/www.events-bassen.de\/index.php?rest_route=\/wp\/v2\/media\/11275"}],"wp:attachment":[{"href":"https:\/\/www.events-bassen.de\/index.php?rest_route=%2Fwp%2Fv2%2Fmedia&parent=9955"}],"wp:term":[{"taxonomy":"category","embeddable":true,"href":"https:\/\/www.events-bassen.de\/index.php?rest_route=%2Fwp%2Fv2%2Fcategories&post=9955"},{"taxonomy":"post_tag","embeddable":true,"href":"https:\/\/www.events-bassen.de\/index.php?rest_route=%2Fwp%2Fv2%2Ftags&post=9955"}],"curies":[{"name":"wp","href":"https:\/\/api.w.org\/{rel}","templated":true}]}}